{"id":223851,"date":"2025-07-03T19:28:10","date_gmt":"2025-07-03T19:28:10","guid":{"rendered":"https:\/\/www.europesays.com\/fr\/223851\/"},"modified":"2025-07-03T19:28:10","modified_gmt":"2025-07-03T19:28:10","slug":"la-russie-frappe-et-tue-poutine-previent-trump-quil-ne-renoncera-pas","status":"publish","type":"post","link":"https:\/\/www.europesays.com\/fr\/223851\/","title":{"rendered":"La Russie frappe et tue, Poutine pr\u00e9vient Trump qu\u2019il ne renoncera pas"},"content":{"rendered":"<p>Vous avez rat\u00e9 les derniers \u00e9v\u00e9nements sur la <a href=\"https:\/\/www.20minutes.fr\/monde\/ukraine\/\" class=\"color-ultramarine c-link\" target=\"_blank\" rel=\"noopener\">guerre en Ukraine<\/a>\u00a0? 20 Minutes fait le point pour vous tous les soirs. Voici l\u2019essentiel de ce jeudi 3\u00a0juillet, 1.226e jour du conflit.<\/p>\n<p>Le fait du jour<\/p>\n<p>Encore une journ\u00e9e meurtri\u00e8re pour les civils ukrainiens. Au moins huit personnes ont \u00e9t\u00e9 tu\u00e9es et une dizaine d\u2019autres bless\u00e9es dans plusieurs frappes russes jeudi en Ukraine, ont annonc\u00e9 les autorit\u00e9s du pays, au moment o\u00f9 Moscou intensifie ses attaques contre son voisin en l\u2019absence d\u2019avanc\u00e9e diplomatique en vue d\u2019un r\u00e8glement du conflit. Les attaques sont survenues sur les villes d\u2019<a href=\"https:\/\/www.20minutes.fr\/dossier\/odessa\" class=\"color-ultramarine c-link\" target=\"_blank\" rel=\"noopener\">Odessa<\/a>, Poltava et pr\u00e8s de Donetsk. Des infrastructures portuaires ont \u00e9t\u00e9 endommag\u00e9es, de m\u00eame qu&rsquo; \u00ab\u00a0un centre de recrutement\u00a0\u00bb de l\u2019arm\u00e9e, rapportent les autorit\u00e9s ukrainiennes.<\/p>\n<p>L\u2019arm\u00e9e ukrainienne tente, de son c\u00f4t\u00e9, d\u2019attaquer la <a href=\"https:\/\/www.20minutes.fr\/monde\/russie\/\" class=\"color-ultramarine c-link\" target=\"_blank\" rel=\"noopener\">Russie<\/a> directement sur son sol. Dans la nuit de mercredi \u00e0 jeudi, des frappes de drones ukrainiens ont ainsi fait un mort et deux bless\u00e9s dans la r\u00e9gion russe de Lipetsk, \u00e0 environ 400 km au sud-est de Moscou, selon les autorit\u00e9s locales. Des drones ont aussi provoqu\u00e9 un incendie sur le site d\u2019une entreprise de la ville de Lelets \u2013 dans la m\u00eame r\u00e9gion o\u00f9 se situent plusieurs complexes industriels \u2013 sans faire de victime, selon le gouverneur russe r\u00e9gional.<\/p>\n<p>La d\u00e9claration du jour<\/p>\n<blockquote class=\"mx-m@xs mx-xxl@md color-ultramarine c-citation\">\n<p class=\"font-weight-regular@xs text-italic font-source-serif-pro text-l@xs c-citation__content\">\u00ab\u00a0Notre pr\u00e9sident a d\u00e9clar\u00e9 que la Russie poursuivrait ses objectifs, \u00e0 savoir l\u2019\u00e9limination des causes profondes bien connues qui ont conduit \u00e0 la situation actuelle\u00a0\u00bb<\/p>\n<\/blockquote>\n<p>Les paroles sont sign\u00e9es Iouri Ouchakov, conseiller diplomatique de Vladimir Poutine. Le pr\u00e9sident russe a \u00e9chang\u00e9 pendant une heure au t\u00e9l\u00e9phone ce jeudi apr\u00e8s-midi avec son homologue am\u00e9ricain Donald Trump. La Russie \u00ab\u00a0ne renoncera pas \u00e0 ses objectifs\u00a0\u00bb en Ukraine, a d\u00e9clar\u00e9 Vladimir Poutine \u00e0 l\u2019issue de la conversation t\u00e9l\u00e9phonique, tout en se disant ouvert \u00e0 la poursuite des n\u00e9gociations avec Kiev.<\/p>\n<p>Cette discussion entre les deux hommes, la sixi\u00e8me depuis le retour du milliardaire r\u00e9publicain \u00e0 la Maison Blanche, est intervenue au lendemain de l\u2019annonce par <a href=\"https:\/\/www.20minutes.fr\/dossier\/washington\" class=\"color-ultramarine c-link\" target=\"_blank\" rel=\"noopener\">Washington<\/a> de l\u2019arr\u00eat de la livraison de certaines armes \u00e0 l\u2019Ukraine, plus de trois ans et demi apr\u00e8s le d\u00e9but de l\u2019offensive russe.<\/p>\n<\/p>\n<p>L\u2019annonce du jour<\/p>\n<p>L\u2019arm\u00e9e russe a annonc\u00e9 jeudi la mort \u00ab\u00a0au combat\u00a0\u00bb la veille d\u2019un commandant en chef adjoint de la marine dans la r\u00e9gion de Koursk, frontali\u00e8re avec l\u2019Ukraine et cible d\u2019attaques ukrainiennes en repr\u00e9sailles \u00e0 l\u2019offensive \u00e0 grande \u00e9chelle russe chez son voisin. \u00ab\u00a0Le 2 juillet, lors de combats dans l\u2019une des zones frontali\u00e8res de la r\u00e9gion de Koursk, le g\u00e9n\u00e9ral Mikha\u00efl Goudkov [\u2026] a trouv\u00e9 la mort\u00a0\u00bb, a indiqu\u00e9 l\u2019arm\u00e9e russe dans un communiqu\u00e9.<\/p>\n<p>Mikha\u00efl Goudkov, 42 ans, servait dans l\u2019arm\u00e9e russe depuis\u00a02000 et \u00e9tait un ancien commandant de la 155e brigade de la flotte du Pacifique, bas\u00e9e dans l\u2019Extr\u00eame-Orient russe, \u00e0 plusieurs milliers de kilom\u00e8tres \u00e0 l\u2019est de la capitale Moscou. Il avait re\u00e7u en\u00a02023 la m\u00e9daille de \u00ab\u00a0H\u00e9ros de la F\u00e9d\u00e9ration de Russie\u00a0\u00bb, la plus haute distinction du pays, des mains du ministre de la D\u00e9fense d\u2019alors, Sergue\u00ef Cho\u00efgou.<\/p>\n<p>Il s\u2019agit d\u2019un des responsables les plus importants de l\u2019arm\u00e9e russe \u00e0 \u00eatre tu\u00e9 depuis le d\u00e9but de l\u2019offensive de Moscou contre l\u2019Ukraine en f\u00e9vrier\u00a02022.<\/p>\n<p>La tendance<\/p>\n<p>Les \u00ab\u00a0doutes\u00a0\u00bb sur la poursuite de l\u2019aide militaire am\u00e9ricaine \u00e0 l\u2019Ukraine renforcent la n\u00e9cessit\u00e9 d\u2019une coop\u00e9ration accrue avec l\u2019Union europ\u00e9enne et l\u2019Otan, a affirm\u00e9 ce jeudi le pr\u00e9sident ukrainien Volodymyr Zelensky au Danemark pour l\u2019inauguration de la pr\u00e9sidence tournante de l\u2019UE.<\/p>\n<p>\u00ab\u00a0Aujourd\u2019hui, alors que des doutes planent sur la poursuite du soutien am\u00e9ricain \u00e0 l\u2019<a href=\"https:\/\/www.20minutes.fr\/dossier\/europe\" class=\"color-ultramarine c-link\" target=\"_blank\" rel=\"noopener\">Europe<\/a>, il est encore plus important de renforcer notre coop\u00e9ration et notre coordination au sein de l\u2019UE et de l\u2019<a href=\"https:\/\/www.20minutes.fr\/monde\/otan\/\" class=\"color-ultramarine c-link\" target=\"_blank\" rel=\"noopener\">Otan<\/a>, mais aussi dans nos relations directes\u00a0\u00bb, a-t-il dit, alors que les Etats-Unis ont suspendu la livraison de certaines armes \u00e0 son pays.<\/p>\n<p>Plus t\u00f4t dans la journ\u00e9e, la pr\u00e9sidente de la commission europ\u00e9enne Ursula von der Leyen avait jug\u00e9 que cette suspension constituait \u00ab\u00a0un message clair nous invitant \u00e0 renforcer notre propre soutien\u00a0\u00bb. Il faut \u00ab\u00a0accro\u00eetre nos capacit\u00e9s de d\u00e9fense europ\u00e9ennes, non seulement au niveau de l\u2019Union europ\u00e9enne, mais aussi au niveau continental\u00a0\u00bb, avait-elle ajout\u00e9.<\/p>\n<p>Avec la Premi\u00e8re ministre danoise Mette Frederiksen et le pr\u00e9sident du Conseil europ\u00e9en Antonio Costa, elle a rencontr\u00e9 le pr\u00e9sident ukrainien dans l\u2019apr\u00e8s-midi.<\/p>\n<p><a href=\"https:\/\/www.20minutes.fr\/monde\/ukraine\/\" class=\"c-link c-btn c-btn--primary\" target=\"_blank\" rel=\"noopener\">Notre dossier sur la guerre en Ukraine<\/a><\/p>\n<p>La s\u00e9curit\u00e9 est l\u2019une des priorit\u00e9s de la pr\u00e9sidence tournante du Danemark qui entend \u00e9galement faire avancer le processus d\u2019adh\u00e9sion de l\u2019Ukraine \u00e0 l\u2019Union europ\u00e9enne.<\/p>\n<p>\u00ab\u00a0L\u2019Ukraine fait partie de notre famille europ\u00e9enne, et il a \u00e9t\u00e9 tr\u00e8s important pour nous que le Pr\u00e9sident Zelensky ait pu nous rejoindre ici aujourd\u2019hui \u00e0 Aarhus. Notre famille europ\u00e9enne ne serait pas compl\u00e8te sans sa pr\u00e9sence\u00a0\u00bb, a d\u00e9clar\u00e9 Mette Frederiksen.<\/p>\n","protected":false},"excerpt":{"rendered":"Vous avez rat\u00e9 les derniers \u00e9v\u00e9nements sur la guerre en Ukraine\u00a0? 20 Minutes fait le point pour vous&hellip;\n","protected":false},"author":2,"featured_media":223852,"comment_status":"","ping_status":"","sticky":false,"template":"","format":"standard","meta":{"footnotes":""},"categories":[5],"tags":[47,11,145,75,29539,1011,27,131,14,74,1916,12,23851,132,2544,135,134,28],"class_list":{"0":"post-223851","1":"post","2":"type-post","3":"status-publish","4":"format-standard","5":"has-post-thumbnail","7":"category-international","8":"tag-actualite","9":"tag-actualites","10":"tag-danemark","11":"tag-donald-trump","12":"tag-donetsk","13":"tag-fr","14":"tag-france","15":"tag-guerre-en-ukraine","16":"tag-international","17":"tag-monde","18":"tag-moscou","19":"tag-news","20":"tag-odessa","21":"tag-russie","22":"tag-ursula-von-der-leyen","23":"tag-vladimir-poutine","24":"tag-volodymyr-zelensky","25":"tag-world"},"share_on_mastodon":{"url":"https:\/\/pubeurope.com\/@fr\/114790957812469994","error":""},"_links":{"self":[{"href":"https:\/\/www.europesays.com\/fr\/wp-json\/wp\/v2\/posts\/223851","targetHints":{"allow":["GET"]}}],"collection":[{"href":"https:\/\/www.europesays.com\/fr\/wp-json\/wp\/v2\/posts"}],"about":[{"href":"https:\/\/www.europesays.com\/fr\/wp-json\/wp\/v2\/types\/post"}],"author":[{"embeddable":true,"href":"https:\/\/www.europesays.com\/fr\/wp-json\/wp\/v2\/users\/2"}],"replies":[{"embeddable":true,"href":"https:\/\/www.europesays.com\/fr\/wp-json\/wp\/v2\/comments?post=223851"}],"version-history":[{"count":0,"href":"https:\/\/www.europesays.com\/fr\/wp-json\/wp\/v2\/posts\/223851\/revisions"}],"wp:featuredmedia":[{"embeddable":true,"href":"https:\/\/www.europesays.com\/fr\/wp-json\/wp\/v2\/media\/223852"}],"wp:attachment":[{"href":"https:\/\/www.europesays.com\/fr\/wp-json\/wp\/v2\/media?parent=223851"}],"wp:term":[{"taxonomy":"category","embeddable":true,"href":"https:\/\/www.europesays.com\/fr\/wp-json\/wp\/v2\/categories?post=223851"},{"taxonomy":"post_tag","embeddable":true,"href":"https:\/\/www.europesays.com\/fr\/wp-json\/wp\/v2\/tags?post=223851"}],"curies":[{"name":"wp","href":"https:\/\/api.w.org\/{rel}","templated":true}]}}