{"id":223853,"date":"2025-07-03T19:29:10","date_gmt":"2025-07-03T19:29:10","guid":{"rendered":"https:\/\/www.europesays.com\/fr\/223853\/"},"modified":"2025-07-03T19:29:10","modified_gmt":"2025-07-03T19:29:10","slug":"peut-etre-un-tournant-dans-la-prise-en-compte-de-cette-ideologie","status":"publish","type":"post","link":"https:\/\/www.europesays.com\/fr\/223853\/","title":{"rendered":"\u00ab\u00a0Peut-\u00eatre un tournant dans la prise en compte de cette id\u00e9ologie\u00a0\u00bb"},"content":{"rendered":"<p>Un \u00ab\u00a0vrai fait de soci\u00e9t\u00e9\u00a0\u00bb, pris depuis trop longtemps \u00ab\u00a0\u00e0 la l\u00e9g\u00e8re\u00a0\u00bb. Mardi, Aurore Berg\u00e9, ministre d\u00e9l\u00e9gu\u00e9e \u00e0 l\u2019Egalit\u00e9 femmes-hommes est revenue sur TF1 sur le <a href=\"https:\/\/www.20minutes.fr\/faits_divers\/4161482-20250702-saint-etienne-attentat-masculiniste-dejoue-homme-18-ans-ecroue\" class=\"color-ultramarine c-link\" target=\"_blank\" rel=\"noopener\">projet d\u2019attentat masculiniste<\/a> d\u00e9jou\u00e9 \u00e0 <a href=\"https:\/\/www.20minutes.fr\/dossier\/saint-etienne\" class=\"color-ultramarine c-link\" target=\"_blank\" rel=\"noopener\">Saint-Etienne<\/a>.<\/p>\n<p><a href=\"https:\/\/www.20minutes.fr\/faits_divers\/4161653-20250703-projet-attentat-masculiniste-discret-souffrance-sait-timoty-g-arrete-deux-couteaux\" class=\"color-ultramarine c-link\" target=\"_blank\" rel=\"noopener\">Timoty G. 18 ans<\/a>, a \u00e9t\u00e9 interpell\u00e9 pr\u00e8s d\u2019un lyc\u00e9e public, puis mis en examen et \u00e9crou\u00e9, suspect\u00e9 de vouloir attaquer des femmes avec des couteaux. Il se revendiquait de la mouvance masculiniste <a href=\"https:\/\/www.20minutes.fr\/societe\/4092428-20240523-bordeaux-quoi-mouvance-incel-dont-reclame-celui-planifiait-action-violente\" class=\"color-ultramarine c-link\" target=\"_blank\" rel=\"noopener\">\u00ab\u00a0incel\u00a0\u00bb<\/a>, de l\u2019anglais \u00ab\u00a0Involuntary Celibate\u00a0\u00bb (c\u00e9libataires involontaires). Il s\u2019agit du premier dossier terroriste exclusivement li\u00e9 en France \u00e0 cette id\u00e9ologie. Le signe d\u2019une radicalisation\u00a0?<\/p>\n<p>Laura Verquere, ma\u00eetresse de conf\u00e9rences \u00e0 l\u2019universit\u00e9 de Lille, chercheuse en science de l\u2019information et de la communication, sp\u00e9cialiste des masculinit\u00e9s, replace ces violences dans un contexte plus large pour 20 Minutes.<\/p>\n<p>Avec ce projet d\u2019attentat d\u00e9jou\u00e9, est-ce qu\u2019on assiste \u00e0 une radicalisation des id\u00e9es masculinistes et de la communaut\u00e9 incel\u00a0?<\/p>\n<p>Le masculinisme a une histoire longue. Il d\u00e9signe \u00e0 la fois des id\u00e9es antif\u00e9ministes, misogynes et des mouvements de lutte. Ces derniers sont apparus dans les ann\u00e9es\u00a01980 en r\u00e9action \u00e0 la seconde vague f\u00e9ministe des ann\u00e9es\u00a01970. A cette \u00e9poque l\u00e0, il y a d\u00e9j\u00e0 du terrorisme comme la <a href=\"https:\/\/www.20minutes.fr\/by-the-web\/4014595-20221219-trente-trois-ans-apres-attentat-antifeministe-montreal-tueur-reste-celebre-adorateurs\" class=\"color-ultramarine c-link\" target=\"_blank\" rel=\"noopener\">tuerie de l\u2019\u00e9cole polytechnique de Montr\u00e9al en\u00a01989,<\/a> o\u00f9 des femmes ont \u00e9t\u00e9 tu\u00e9es parce qu\u2019elles \u00e9taient des femmes dans des lieux de pouvoir. La diff\u00e9rence dans le contexte actuel est peut-\u00eatre que les r\u00e9seaux sociaux num\u00e9riques rendent ces id\u00e9es plus visibles, d\u2019autant plus avec l\u2019\u00e9lection de Donald Trump et les revirements de magnats de la tech, comme <a href=\"https:\/\/www.20minutes.fr\/high-tech\/by-the-web\/4133564-20250114-facebook-fact-checking-masculinisme-conservatisme-pourquoi-mark-zuckerberg-fait-volte-face\" class=\"color-ultramarine c-link\" target=\"_blank\" rel=\"noopener\">Mark Zuckerberg, propri\u00e9taire de Meta<\/a>, ou <a href=\"https:\/\/www.20minutes.fr\/dossier\/elon_musk\" class=\"color-ultramarine c-link\" target=\"_blank\" rel=\"noopener\">Elon Musk<\/a>, propri\u00e9taire de X. Le tout dans un contexte g\u00e9n\u00e9ral de radicalisation de tous les discours, de polarisation des d\u00e9bats et des espaces publics et de mont\u00e9e de l\u2019extr\u00eame droite populiste partout dans le monde.<\/p>\n<\/p>\n<p>Apr\u00e8s son arrestation, le suspect a affirm\u00e9 avoir consult\u00e9 de nombreuses vid\u00e9os masculinistes, notamment sur TikTok. Quel est le r\u00f4le des r\u00e9seaux sociaux dans ces passages \u00e0 l\u2019acte\u00a0?<\/p>\n<p>Les communaut\u00e9s masculinistes, qui se regroupent par exemple autour de coach en s\u00e9duction <a href=\"https:\/\/www.20minutes.fr\/societe\/4158029-20250611-tiktok-alex-hitchens-risque-prison-amende-avoir-raccroche-nez-deputes\" class=\"color-ultramarine c-link\" target=\"_blank\" rel=\"noopener\">comme l\u2019influenceur Alex Hitchens<\/a>, ne sont pas nouvelles. Elles sont n\u00e9es aux Etats-Unis et sont \u00e9tudi\u00e9es depuis longtemps. Les r\u00e9seaux sociaux ne font pas exister ou appara\u00eetre les id\u00e9es masculinistes. En revanche, ils les f\u00e9d\u00e8rent et les catalysent. On remarque que les profils touch\u00e9s par ces groupes sont aussi de plus en plus jeunes. Attention n\u00e9anmoins \u00e0 ne pas se focaliser sur le \u00ab\u00a0coupable id\u00e9al\u00a0\u00bb. Le masculinisme est ancien et il est exprim\u00e9 de fa\u00e7on d\u00e9complex\u00e9e dans les institutions politiques avec notamment des pr\u00e9sidents comme <a href=\"https:\/\/www.20minutes.fr\/monde\/javier-milei\/\" class=\"color-ultramarine c-link\" target=\"_blank\" rel=\"noopener\">Javier Milei<\/a>, Donald Trump ou encore <a href=\"https:\/\/www.20minutes.fr\/politique\/jair-bolsonaro\/\" class=\"color-ultramarine c-link\" target=\"_blank\" rel=\"noopener\">Jair Bolsonaro<\/a>. Il ne s\u2019agit pas que des jeunes et des r\u00e9seaux sociaux, de m\u00eame qu\u2019il n\u2019y a pas que <a href=\"https:\/\/www.20minutes.fr\/arts-stars\/people\/4149189-20250420-realisatrice-american-psycho-consternee-voir-patrick-bateman-erige-modele-incels\" class=\"color-ultramarine c-link\" target=\"_blank\" rel=\"noopener\">la communaut\u00e9 des incels<\/a>. En France, ces id\u00e9es sont arriv\u00e9es par le mouvement des p\u00e8res divorc\u00e9s par exemple. En ligne, on retrouve des id\u00e9es masculinistes dans des communaut\u00e9s autour du bien-\u00eatre, de la sant\u00e9 ou m\u00eame de l\u2019\u00e9cologie. Et c\u2019est ce qui fait que le discours gagne du terrain.<\/p>\n<p>Est-ce une surprise que cette forme de violence masculiniste arrive en France\u00a0?<\/p>\n<p>Il n\u2019y a aucune raison que cela n\u2019arrive pas partout. Le masculinisme na\u00eet dans une soci\u00e9t\u00e9 patriarcale qui est la n\u00f4tre, qui reste sexiste, avec des in\u00e9galit\u00e9s et des st\u00e9r\u00e9otypes de genre. De plus, le premier attentat \u00e0 Montr\u00e9al a \u00e9t\u00e9 qualifi\u00e9 comme attentat masculiniste \u00e0 post\u00e9riori. On commence \u00e0 se saisir de ces questions et \u00e0 adopter de nouvelles lunettes. Peut-\u00eatre qu\u2019avant, on ne lisait pas certains faits de cette mani\u00e8re-l\u00e0, un peu \u00e0 la mani\u00e8re <a href=\"https:\/\/www.20minutes.fr\/societe\/feminicide\/\" class=\"color-ultramarine c-link\" target=\"_blank\" rel=\"noopener\">des f\u00e9minicides<\/a> qu\u2019on qualifiait de \u00ab\u00a0drames conjugaux\u00a0\u00bb. Il s\u2019agit peut-\u00eatre d\u2019un tournant, d\u2019une prise en compte de cette id\u00e9ologie, accompagn\u00e9 par le judiciaire.<\/p>\n<p>Comment pourrait-on limiter les effets de cette id\u00e9ologie masculiniste, qui peut pousser jusqu\u2019\u00e0 la violence envers les femmes\u00a0?<\/p>\n<p>D\u2019abord avec <a href=\"https:\/\/www.20minutes.fr\/societe\/4145206-20250325-suivi-premiere-formation-programme-education-vie-affective-relationnelle-sexualite\" class=\"color-ultramarine c-link\" target=\"_blank\" rel=\"noopener\">une \u00e9ducation \u00e0 la vie affective, sexuelle <\/a>et aux st\u00e9r\u00e9otypes de genre d\u00e8s le plus jeune \u00e2ge. Et l\u2019associer \u00e0 de l\u2019\u00e9ducation aux m\u00e9dias\u00a0: v\u00e9rifier les sources, comprendre le fonctionnement des algorithmes\u2026 Il faut apprendre que ces derniers sont faits pour renforcer nos id\u00e9ologies, nos convictions au fil de nos usages. Il y a aussi un enjeu de r\u00e9gulation au niveau des industries des r\u00e9seaux sociaux num\u00e9riques. Actuellement, on va plut\u00f4t en sens inverse, celui d\u2019une d\u00e9r\u00e9gulation sous couvert de libert\u00e9 d\u2019expression. Enfin, il faudrait aussi peut-\u00eatre mettre en place des endroits d\u2019\u00e9coute. Les incels, qui ne sont qu\u2019une communaut\u00e9 parmi d\u2019autres au sein des masculinistes, appellent souvent au suicide. Ils se consid\u00e8rent comme des \u00eatres inf\u00e9rieurs, avec un fatalisme biologique qui les emp\u00eachent de trouver une solution. Sans accorder de cr\u00e9dit \u00e0 leur th\u00e8se, il faut prendre au s\u00e9rieux la souffrance.<\/p>\n","protected":false},"excerpt":{"rendered":"Un \u00ab\u00a0vrai fait de soci\u00e9t\u00e9\u00a0\u00bb, pris depuis trop longtemps \u00ab\u00a0\u00e0 la l\u00e9g\u00e8re\u00a0\u00bb. Mardi, Aurore Berg\u00e9, ministre d\u00e9l\u00e9gu\u00e9e \u00e0&hellip;\n","protected":false},"author":2,"featured_media":223854,"comment_status":"","ping_status":"","sticky":false,"template":"","format":"standard","meta":{"footnotes":""},"categories":[4],"tags":[47,11,2430,6757,1011,27,3367,3851,12,25,2431,4001,104,7434,797],"class_list":{"0":"post-223853","1":"post","2":"type-post","3":"status-publish","4":"format-standard","5":"has-post-thumbnail","7":"category-france","8":"tag-actualite","9":"tag-actualites","10":"tag-auvergne-rhone-alpes","11":"tag-feminisme","12":"tag-fr","13":"tag-france","14":"tag-loire","15":"tag-masculinisme","16":"tag-news","17":"tag-republique-francaise","18":"tag-rhone-alpes","19":"tag-saint-etienne","20":"tag-societe","21":"tag-violences-sexuelles-et-sexistes","22":"tag-violences-faites-aux-femmes"},"share_on_mastodon":{"url":"https:\/\/pubeurope.com\/@fr\/114790961215801169","error":""},"_links":{"self":[{"href":"https:\/\/www.europesays.com\/fr\/wp-json\/wp\/v2\/posts\/223853","targetHints":{"allow":["GET"]}}],"collection":[{"href":"https:\/\/www.europesays.com\/fr\/wp-json\/wp\/v2\/posts"}],"about":[{"href":"https:\/\/www.europesays.com\/fr\/wp-json\/wp\/v2\/types\/post"}],"author":[{"embeddable":true,"href":"https:\/\/www.europesays.com\/fr\/wp-json\/wp\/v2\/users\/2"}],"replies":[{"embeddable":true,"href":"https:\/\/www.europesays.com\/fr\/wp-json\/wp\/v2\/comments?post=223853"}],"version-history":[{"count":0,"href":"https:\/\/www.europesays.com\/fr\/wp-json\/wp\/v2\/posts\/223853\/revisions"}],"wp:featuredmedia":[{"embeddable":true,"href":"https:\/\/www.europesays.com\/fr\/wp-json\/wp\/v2\/media\/223854"}],"wp:attachment":[{"href":"https:\/\/www.europesays.com\/fr\/wp-json\/wp\/v2\/media?parent=223853"}],"wp:term":[{"taxonomy":"category","embeddable":true,"href":"https:\/\/www.europesays.com\/fr\/wp-json\/wp\/v2\/categories?post=223853"},{"taxonomy":"post_tag","embeddable":true,"href":"https:\/\/www.europesays.com\/fr\/wp-json\/wp\/v2\/tags?post=223853"}],"curies":[{"name":"wp","href":"https:\/\/api.w.org\/{rel}","templated":true}]}}