{"id":223857,"date":"2025-07-03T19:31:12","date_gmt":"2025-07-03T19:31:12","guid":{"rendered":"https:\/\/www.europesays.com\/fr\/223857\/"},"modified":"2025-07-03T19:31:12","modified_gmt":"2025-07-03T19:31:12","slug":"villars-la-cnac-refuse-limplantation-de-lenseigne-cultura","status":"publish","type":"post","link":"https:\/\/www.europesays.com\/fr\/223857\/","title":{"rendered":"Villars. La CNAC refuse l&rsquo;implantation de l&rsquo;enseigne Cultura"},"content":{"rendered":"<p>Ce jeudi 3 juillet, la Commission nationale\u00a0d&rsquo;am\u00e9nagement commercial a rendu un avis d\u00e9favorable concernant le recours, d\u00e9pos\u00e9 apr\u00e8s l&rsquo;avis de la commission d\u00e9partementale, au sujet de l&rsquo;implantation de l&rsquo;enseigne Cultura \u00e0 Villars.<\/p>\n<p>Avec trois avis pour et trois contre, la CNAC a de nouveau refus\u00e9 l\u2019implantation du magasin Cultura \u00e0 Villars.\u00a0\u00ab\u00a0En effet, ce qu\u2019il faut savoir c\u2019est qu\u2019en cas d\u2019\u00e9galit\u00e9, comme c\u2019est le cas, c\u2019est l\u2019avis d\u00e9favorable qui prime\u00a0\u00bb, nous a indiqu\u00e9 une source au sein de Saint-\u00c9tienne M\u00e9tropole.<\/p>\n<p>Le recours a donc une nouvelle fois \u00e9t\u00e9 rejet\u00e9.<\/p>\n<p>  Un projet qui fait d\u00e9bat depuis sa gen\u00e8se\u00a0<\/p>\n<p>D\u00e8s l&rsquo;annonce du projet d&rsquo;implantation de l&rsquo;enseigne \u00e0 la place de l&rsquo;ancien Alin\u00e9a, de nombreuses voix s&rsquo;\u00e9taient \u00e9lev\u00e9es pour d\u00e9noncer cette arriv\u00e9e. <\/p>\n<p>D\u00e9but juin, les \u00e9lus municipaux s&rsquo;\u00e9taient prononc\u00e9s \u00e0 deux reprises contre cette implantation et une p\u00e9tition avait m\u00eame \u00e9t\u00e9 lanc\u00e9e par seize librairies ind\u00e9pendantes, sign\u00e9e par plus de 2 000 personnes.<\/p>\n","protected":false},"excerpt":{"rendered":"Ce jeudi 3 juillet, la Commission nationale\u00a0d&rsquo;am\u00e9nagement commercial a rendu un avis d\u00e9favorable concernant le recours, d\u00e9pos\u00e9 apr\u00e8s&hellip;\n","protected":false},"author":2,"featured_media":223858,"comment_status":"","ping_status":"","sticky":false,"template":"","format":"standard","meta":{"footnotes":""},"categories":[9653],"tags":[1111,11,2430,4406,7539,1777,674,1011,27,3367,12,25,4001,10246],"class_list":{"0":"post-223857","1":"post","2":"type-post","3":"status-publish","4":"format-standard","5":"has-post-thumbnail","7":"category-saint-etienne","8":"tag-actu","9":"tag-actualites","10":"tag-auvergne-rhone-alpes","11":"tag-commerce-et-services","12":"tag-edition-loire-sud","13":"tag-eu","14":"tag-europe","15":"tag-fr","16":"tag-france","17":"tag-loire","18":"tag-news","19":"tag-republique-francaise","20":"tag-saint-etienne","21":"tag-villars"},"share_on_mastodon":{"url":"https:\/\/pubeurope.com\/@fr\/114790969245219444","error":""},"_links":{"self":[{"href":"https:\/\/www.europesays.com\/fr\/wp-json\/wp\/v2\/posts\/223857","targetHints":{"allow":["GET"]}}],"collection":[{"href":"https:\/\/www.europesays.com\/fr\/wp-json\/wp\/v2\/posts"}],"about":[{"href":"https:\/\/www.europesays.com\/fr\/wp-json\/wp\/v2\/types\/post"}],"author":[{"embeddable":true,"href":"https:\/\/www.europesays.com\/fr\/wp-json\/wp\/v2\/users\/2"}],"replies":[{"embeddable":true,"href":"https:\/\/www.europesays.com\/fr\/wp-json\/wp\/v2\/comments?post=223857"}],"version-history":[{"count":0,"href":"https:\/\/www.europesays.com\/fr\/wp-json\/wp\/v2\/posts\/223857\/revisions"}],"wp:featuredmedia":[{"embeddable":true,"href":"https:\/\/www.europesays.com\/fr\/wp-json\/wp\/v2\/media\/223858"}],"wp:attachment":[{"href":"https:\/\/www.europesays.com\/fr\/wp-json\/wp\/v2\/media?parent=223857"}],"wp:term":[{"taxonomy":"category","embeddable":true,"href":"https:\/\/www.europesays.com\/fr\/wp-json\/wp\/v2\/categories?post=223857"},{"taxonomy":"post_tag","embeddable":true,"href":"https:\/\/www.europesays.com\/fr\/wp-json\/wp\/v2\/tags?post=223857"}],"curies":[{"name":"wp","href":"https:\/\/api.w.org\/{rel}","templated":true}]}}