{"id":223859,"date":"2025-07-03T19:32:22","date_gmt":"2025-07-03T19:32:22","guid":{"rendered":"https:\/\/www.europesays.com\/fr\/223859\/"},"modified":"2025-07-03T19:32:22","modified_gmt":"2025-07-03T19:32:22","slug":"comment-les-pensions-et-refuges-animaliers-font-face-a-la-canicule","status":"publish","type":"post","link":"https:\/\/www.europesays.com\/fr\/223859\/","title":{"rendered":"comment les pensions et refuges animaliers font face \u00e0 la canicule"},"content":{"rendered":"<p>Il a fait tr\u00e8s chaud. Nous avons eu tr\u00e8s chaud. Et eux aussi, ont eu tr\u00e8s chaud. Et ils n\u2019ont pas eu acc\u00e8s \u00e0 la climatisation pour se rafra\u00eechir. Les chiens et les chats de la SPA, de l\u2019association Amis chats et aussi des pensions canines n\u2019ont pu compter que sur les actions de leurs b\u00e9n\u00e9voles et gardiens pour supporter au mieux la vague de canicule.<\/p>\n<p>Les box des chiens arros\u00e9s plusieurs fois par jour<\/p>\n<p>Dans les locaux de la SPA, qui doivent recevoir des <a href=\"https:\/\/www.leprogres.fr\/societe\/2025\/02\/19\/travaux-de-la-spa-ce-n-est-pas-1-million-d-euros-qu-il-nous-faut-mais-le-double\" target=\"_blank\" rel=\"noopener\">travaux de r\u00e9novation<\/a>, les box des chiens, eux, sont toujours en l\u2019\u00e9tat. Dans ces trois m\u00e8tres carr\u00e9s b\u00e9tonn\u00e9s, sous les toits en t\u00f4le ou en plastique, il fait aussi chaud qu\u2019\u00e0 l\u2019ext\u00e9rieur, voir plus, car l\u2019air circule moins.<\/p>\n<p>Bien qu\u2019ils sortent le matin dans des parcs ombrag\u00e9s avec des petites bassines d\u2019eau \u00e0&#8230;<\/p>\n","protected":false},"excerpt":{"rendered":"Il a fait tr\u00e8s chaud. Nous avons eu tr\u00e8s chaud. Et eux aussi, ont eu tr\u00e8s chaud. Et&hellip;\n","protected":false},"author":2,"featured_media":223860,"comment_status":"","ping_status":"","sticky":false,"template":"","format":"standard","meta":{"footnotes":""},"categories":[9653],"tags":[1111,11,1867,2430,6698,7539,436,1777,674,1011,27,3367,12,25,4001,7538,10806],"class_list":{"0":"post-223859","1":"post","2":"type-post","3":"status-publish","4":"format-standard","5":"has-post-thumbnail","7":"category-saint-etienne","8":"tag-actu","9":"tag-actualites","10":"tag-animaux","11":"tag-auvergne-rhone-alpes","12":"tag-canicule","13":"tag-edition-loire-sud","14":"tag-environnement","15":"tag-eu","16":"tag-europe","17":"tag-fr","18":"tag-france","19":"tag-loire","20":"tag-news","21":"tag-republique-francaise","22":"tag-saint-etienne","23":"tag-saint-etienne-ville","24":"tag-selection-de-la-redaction-42"},"share_on_mastodon":{"url":"https:\/\/pubeurope.com\/@fr\/114790973113281929","error":""},"_links":{"self":[{"href":"https:\/\/www.europesays.com\/fr\/wp-json\/wp\/v2\/posts\/223859","targetHints":{"allow":["GET"]}}],"collection":[{"href":"https:\/\/www.europesays.com\/fr\/wp-json\/wp\/v2\/posts"}],"about":[{"href":"https:\/\/www.europesays.com\/fr\/wp-json\/wp\/v2\/types\/post"}],"author":[{"embeddable":true,"href":"https:\/\/www.europesays.com\/fr\/wp-json\/wp\/v2\/users\/2"}],"replies":[{"embeddable":true,"href":"https:\/\/www.europesays.com\/fr\/wp-json\/wp\/v2\/comments?post=223859"}],"version-history":[{"count":0,"href":"https:\/\/www.europesays.com\/fr\/wp-json\/wp\/v2\/posts\/223859\/revisions"}],"wp:featuredmedia":[{"embeddable":true,"href":"https:\/\/www.europesays.com\/fr\/wp-json\/wp\/v2\/media\/223860"}],"wp:attachment":[{"href":"https:\/\/www.europesays.com\/fr\/wp-json\/wp\/v2\/media?parent=223859"}],"wp:term":[{"taxonomy":"category","embeddable":true,"href":"https:\/\/www.europesays.com\/fr\/wp-json\/wp\/v2\/categories?post=223859"},{"taxonomy":"post_tag","embeddable":true,"href":"https:\/\/www.europesays.com\/fr\/wp-json\/wp\/v2\/tags?post=223859"}],"curies":[{"name":"wp","href":"https:\/\/api.w.org\/{rel}","templated":true}]}}