{"id":223873,"date":"2025-07-03T19:39:12","date_gmt":"2025-07-03T19:39:12","guid":{"rendered":"https:\/\/www.europesays.com\/fr\/223873\/"},"modified":"2025-07-03T19:39:12","modified_gmt":"2025-07-03T19:39:12","slug":"tout-ce-quil-faut-savoir-sur-le-nouvel-entrepot-ferrero-pres-de-rouen","status":"publish","type":"post","link":"https:\/\/www.europesays.com\/fr\/223873\/","title":{"rendered":"tout ce qu&rsquo;il faut savoir sur le nouvel entrep\u00f4t Ferrero pr\u00e8s de Rouen"},"content":{"rendered":"<p>            Par<br \/>\n        <strong><br \/>\n            <a href=\"https:\/\/actu.fr\/auteur\/aurelien-delavaud\" title=\"Consulter tous les articles de Aur\u00e9lien Delavaud\" target=\"_blank\" rel=\"noopener\">Aur\u00e9lien Delavaud<\/a><br \/>\n        <\/strong><\/p>\n<p>        Publi\u00e9 le<\/p>\n<p>            3 juil. 2025 \u00e0 20h35        <\/p>\n<p>Mardi 1er juillet 2025, il n\u2019y avait pas de ruban rouge \u00e0 couper, mais la symbolique \u00e9tait bien l\u00e0 : <b>Ferrero<\/b> a officiellement pos\u00e9 la<b> premi\u00e8re pierre<\/b> de sa future plateforme logistique \u00e0 <a href=\"https:\/\/actu.fr\/normandie\/cleon_76178\" target=\"_blank\" rel=\"noopener\">Cl\u00e9on <\/a>(Seine-Maritime), sur la zone d\u2019activit\u00e9 du Moulin IV.<\/p>\n<p>33 millions d\u2019euros investis<\/p>\n<p class=\" wall-content\">Un <b>projet discret<\/b> dans sa <a href=\"https:\/\/actu.fr\/normandie\/cleon_76178\/plateforme-logistique-de-ferrero-pres-de-rouen-le-vaste-chantier-a-commence_62427346.html\" target=\"_blank\" rel=\"noopener\">phase de lancement <\/a>(les travaux ont commenc\u00e9 en mars) mais d\u2019envergure, avec <b>33 millions d\u2019euros<\/b> investis sur un terrain de <b>sept hectares<\/b>, \u00e0 deux pas de l\u2019usine Renault.<\/p>\n<p class=\" wall-content\">\u00ab Ce nouvel entrep\u00f4t est un levier strat\u00e9gique pour soutenir notre d\u00e9veloppement. Il renforcera notre ancrage en France \u00bb, a d\u00e9clar\u00e9 <b>Gr\u00e9gory Debuchy<\/b>, directeur Supply chain France chez Ferrero. Sur le papier :<b> 32 000 m\u00b2 de surface<\/b>, une capacit\u00e9 de stockage de <b>50 000 palettes<\/b>, <b>29 quais de chargement<\/b> et une inauguration annonc\u00e9e pour le printemps 2026.<\/p>\n<p>Une quarantaine d\u2019emplois \u00e0 la cl\u00e9<\/p>\n<p class=\" wall-content\">Jusqu\u2019\u00e0 100 personnes sont mobilis\u00e9es pendant les phases les plus actives du chantier, ce qui fait une moyenne de <b>60 personnes sur toute l\u2019ann\u00e9e de construction<\/b>. Maintenance, entretien, conditionnement : \u00e0 terme, une fois qu\u2019il sera en service une quarantaine de postes seront cr\u00e9\u00e9s sur le site, de quoi apporter une petite bouff\u00e9e d\u2019air au bassin d\u2019emploi local.<\/p>\n<p class=\" wall-content\">\u00ab C\u2019est une <b>dynamique \u00e9conomique<\/b>, mais aussi <b>humaine<\/b> et <b>sociale<\/b>, souligne M\u00e9lanie Delacour, adjointe au maire de Cl\u00e9on charg\u00e9e de la politique de la ville, des finances et de l\u2019am\u00e9nagement urbain. Les futurs salari\u00e9s viendront dans le <b>centre-ville<\/b>, profiter des commerces, des services, de la vie associative. \u00bb<\/p>\n<p>Vid\u00e9os : en ce moment sur ActuUne installation pens\u00e9e pour limiter les nuisances<\/p>\n<p class=\" wall-content\">Le b\u00e2timent est implant\u00e9 sur un terrain longtemps r\u00e9serv\u00e9 \u00e0 Renault, finalement c\u00e9d\u00e9 par la <b>M\u00e9tropole Rouen Normandie<\/b>. Un site hors zone inondable, sond\u00e9, nivel\u00e9, et accessible depuis la <a href=\"https:\/\/actu.fr\/normandie\/saint-aubin-les-elbeuf_76561\/reduction-de-voies-vitesse-rabaissee-pres-de-rouen-cet-axe-majeur-va-completement-changer-de-visage_62214969.html\" target=\"_blank\" rel=\"noopener\">RD7<\/a>. Les <b>poids lourds<\/b> \u00e9viteront ainsi les <b>quartiers r\u00e9sidentiels<\/b>.<\/p>\n<p class=\" wall-content\">Pas de terminal fluvial pr\u00e9vu non plus : malgr\u00e9 la proximit\u00e9 de la Seine, Ferrero a fait le choix d\u2019un <b>approvisionnement routier<\/b>.<\/p>\n<p>Un entrep\u00f4t dans l\u2019air du temps<\/p>\n<p class=\" wall-content\">Le projet s\u2019inscrit dans \u00ab l\u2019engagement de Ferrero en faveur d\u2019un <b>d\u00e9veloppement responsable<\/b> \u00bb, pr\u00e9cise le g\u00e9ant italien : certification BREEAM \u00ab Excellent \u00bb, panneaux photovolta\u00efques, gestion des eaux pluviales avec des bassins v\u00e9g\u00e9talis\u00e9s, arbres conserv\u00e9s sur le site\u2026<\/p>\n<p>    <img   decoding=\"async\" loading=\"lazy\" class=\"size-large\" src=\"https:\/\/www.europesays.com\/fr\/wp-content\/uploads\/2025\/07\/d72ba266b36862c2ba266b368103bav-960x640.jpg\" alt=\"Ferrero pose premi\u00e8re pierre\" width=\"960\" height=\"640\"\/><br \/>\n    Ferrero a c\u00e9l\u00e9br\u00e9 une nouvelle \u00e9tape de son d\u00e9veloppement local \u00e0 l\u2019occasion de la pose de la premi\u00e8re pierre. \u00a9Chlo\u00e9 Lentier<\/p>\n<p class=\" wall-content\">Des mesures compensatoires ont aussi \u00e9t\u00e9 mises en place pour pr\u00e9server la biodiversit\u00e9. Une zone a m\u00eame \u00e9t\u00e9 <b>sanctuaris\u00e9e<\/b> \u00e0 la suite de <b>fouilles arch\u00e9ologiques<\/b> r\u00e9alis\u00e9es avant le lancement du chantier.<\/p>\n<p>Une implantation strat\u00e9gique pour la M\u00e9tropole<\/p>\n<p class=\" wall-content\">Si Ferrero a choisi Cl\u00e9on, ce n\u2019est pas par hasard. Le site coche plusieurs cases : proche de ses <b>centres de production normands<\/b>, dont <b>Villers-\u00c9calles<\/b> (la premi\u00e8re usine mondiale de production de Nutella), bien desservi par la route avec la proximit\u00e9 imm\u00e9diate de l\u2019<b>A13<\/b> et suffisamment vaste pour accueillir un<b> b\u00e2timent d\u2019envergure<\/b>. De quoi renforcer un <b>maillage local<\/b> d\u00e9j\u00e0 solide, en coh\u00e9rence avec les enjeux de logistique et de transition du groupe.<\/p>\n<p>    <img   decoding=\"async\" loading=\"lazy\" class=\"size-large\" src=\"https:\/\/www.europesays.com\/fr\/wp-content\/uploads\/2025\/07\/e2dd7686b3686a7dd7686b368dbdd7v-960x640.jpg\" alt=\"Ferrero pose premi\u00e8re pierre\" width=\"960\" height=\"640\"\/><br \/>\n    Le chantier a d\u00e9but\u00e9 en mars\u00a02025, en toute discr\u00e9tion. \u00a9Chlo\u00e9 Lentier<\/p>\n<p class=\" wall-content\">Pour les \u00e9lus m\u00e9tropolitains, cette implantation s\u2019inscrit aussi dans un contexte plus large. \u00ab Notre territoire attire aujourd\u2019hui des <b>formations du sup\u00e9rieur <\/b>: nous comptons aujourd\u2019hui pr\u00e8s de 10 formations, en moins de 3 ans. \u00c7a ne s\u2019est jamais vu. Nous sommes pass\u00e9s de <b>45 000 \u00e0 52 000 \u00e9tudiants sur le territoire<\/b>. Et \u00e7a, c\u2019est tr\u00e8s regard\u00e9 par les <b>investisseurs<\/b> \u00bb, a gliss\u00e9 Abdelkrim Marchani, vice-pr\u00e9sident de la M\u00e9tropole Rouen Normandie, pr\u00e9sent \u00e0 la c\u00e9r\u00e9monie.<\/p>\n<p class=\" wall-content\">L\u2019ouverture est pr\u00e9vue pour le <b>printemps 2026<\/b>. D\u2019ici l\u00e0, les travaux vont se poursuivre au rythme des engins de chantier.<\/p>\n<p class=\" wall-content\">Suivez toute l\u2019actualit\u00e9 de vos villes et m\u00e9dias favoris en vous inscrivant \u00e0 <a href=\"https:\/\/moncompte.actu.fr\" title=\"D\u00e9couvez Mon Actu\" rel=\"nofollow noopener\" data-trk=\"{&quot;cta&quot;:{&quot;action&quot;:&quot;https:\\\/\\\/moncompte.actu.fr&quot;,&quot;category&quot;:&quot;mon compte&quot;,&quot;from&quot;:&quot;article footer&quot;,&quot;name&quot;:&quot;Mon actu&quot;,&quot;type&quot;:&quot;cta&quot;}}\" target=\"_blank\">Mon Actu<\/a>.<\/p>\n","protected":false},"excerpt":{"rendered":"Par Aur\u00e9lien Delavaud Publi\u00e9 le 3 juil. 2025 \u00e0 20h35 Mardi 1er juillet 2025, il n\u2019y avait pas&hellip;\n","protected":false},"author":2,"featured_media":223874,"comment_status":"","ping_status":"","sticky":false,"template":"","format":"standard","meta":{"footnotes":""},"categories":[9587],"tags":[1111,11,215,1777,674,1011,27,26213,12,5161,25,9590,104,2086],"class_list":{"0":"post-223873","1":"post","2":"type-post","3":"status-publish","4":"format-standard","5":"has-post-thumbnail","7":"category-rouen","8":"tag-actu","9":"tag-actualites","10":"tag-commerce","11":"tag-eu","12":"tag-europe","13":"tag-fr","14":"tag-france","15":"tag-industrie-agroalimentaire","16":"tag-news","17":"tag-normandie","18":"tag-republique-francaise","19":"tag-rouen","20":"tag-societe","21":"tag-travaux"},"share_on_mastodon":{"url":"https:\/\/pubeurope.com\/@fr\/114791000644067619","error":""},"_links":{"self":[{"href":"https:\/\/www.europesays.com\/fr\/wp-json\/wp\/v2\/posts\/223873","targetHints":{"allow":["GET"]}}],"collection":[{"href":"https:\/\/www.europesays.com\/fr\/wp-json\/wp\/v2\/posts"}],"about":[{"href":"https:\/\/www.europesays.com\/fr\/wp-json\/wp\/v2\/types\/post"}],"author":[{"embeddable":true,"href":"https:\/\/www.europesays.com\/fr\/wp-json\/wp\/v2\/users\/2"}],"replies":[{"embeddable":true,"href":"https:\/\/www.europesays.com\/fr\/wp-json\/wp\/v2\/comments?post=223873"}],"version-history":[{"count":0,"href":"https:\/\/www.europesays.com\/fr\/wp-json\/wp\/v2\/posts\/223873\/revisions"}],"wp:featuredmedia":[{"embeddable":true,"href":"https:\/\/www.europesays.com\/fr\/wp-json\/wp\/v2\/media\/223874"}],"wp:attachment":[{"href":"https:\/\/www.europesays.com\/fr\/wp-json\/wp\/v2\/media?parent=223873"}],"wp:term":[{"taxonomy":"category","embeddable":true,"href":"https:\/\/www.europesays.com\/fr\/wp-json\/wp\/v2\/categories?post=223873"},{"taxonomy":"post_tag","embeddable":true,"href":"https:\/\/www.europesays.com\/fr\/wp-json\/wp\/v2\/tags?post=223873"}],"curies":[{"name":"wp","href":"https:\/\/api.w.org\/{rel}","templated":true}]}}