{"id":223883,"date":"2025-07-03T19:44:15","date_gmt":"2025-07-03T19:44:15","guid":{"rendered":"https:\/\/www.europesays.com\/fr\/223883\/"},"modified":"2025-07-03T19:44:15","modified_gmt":"2025-07-03T19:44:15","slug":"photos-dans-moins-de-10-jours-cette-commune-a-louest-de-rennes-sera-village-depart-du-tour-de-france-2025","status":"publish","type":"post","link":"https:\/\/www.europesays.com\/fr\/223883\/","title":{"rendered":"PHOTOS. Dans moins de 10 jours, cette commune \u00e0 l&rsquo;ouest de Rennes sera village d\u00e9part du Tour de France 2025"},"content":{"rendered":"<p>            Par<br \/>\n        <strong><br \/>\n            <a href=\"https:\/\/actu.fr\/auteur\/brian-legoff\" title=\"Consulter tous les articles de Brian Le Goff\" rel=\"nofollow noopener\" target=\"_blank\">Brian Le Goff<\/a><br \/>\n        <\/strong><\/p>\n<p>        Publi\u00e9 le<\/p>\n<p>            3 juil. 2025 \u00e0 20h11        <\/p>\n<p>La <a href=\"https:\/\/actu.fr\/bretagne\/\" rel=\"nofollow noopener\" target=\"_blank\">Bretagne<\/a> sera au rendez-vous du <a href=\"https:\/\/actu.fr\/tag\/tour-de-france-2025\" rel=\"nofollow noopener\" target=\"_blank\">Tour de France 2025<\/a>, qui d\u00e9bute samedi 5\u00a0juillet dans le Nord. <strong>Samedi 12\u00a0juillet<\/strong>, <strong>Saint-M\u00e9en-le-Grand,<\/strong> ville de pr\u00e8s de 5\u2009000\u00a0habitants situ\u00e9e \u00e0 une quarantaine de kilom\u00e8tres \u00e0 l\u2019ouest de Rennes, accueillera le d\u00e9part de la 8\u1d49 \u00e9tape de la Grande Boucle. \u00c0 10\u00a0jours de l\u2019\u00e9v\u00e9nement, <a href=\"https:\/\/actu.fr\/rennes\/\" rel=\"nofollow noopener\" target=\"_blank\">actu Rennes<\/a> a \u00e9t\u00e9 prendre le pouls sur place en images.<\/p>\n<p>Impossible de passer \u00e0 c\u00f4t\u00e9 de l\u2019\u00e9v\u00e9nement<\/p>\n<p class=\" wall-content\">En arrivant en voiture <strong>depuis n\u2019importe quelle route,<\/strong> impossible de passer \u00e0 c\u00f4t\u00e9 des <strong>dizaines de v\u00e9los peints et arpent\u00e9s de fanions<\/strong> multicolores. Ces fanions, dont une majorit\u00e9 de couleur jaune en r\u00e9f\u00e9rence au maillot du premier du classement du Tour, sont arbor\u00e9s \u00e0 toutes les sauces, \u00e0 l\u2019image du faux ciel en plein c\u0153ur de la ville.<\/p>\n<p>    <img   decoding=\"async\" loading=\"lazy\" src=\"https:\/\/www.europesays.com\/fr\/wp-content\/uploads\/2025\/07\/tour-de-france-village-depart-saint-meen-le-grand-rennes-etape-8-2025-preparation-27-960x640.jpg\" alt=\"Affiches d'informations c\u00f4toient les fanion \u00e0 quelques jours du passage du Tour de France.\" width=\"960\" height=\"640\"\/><br \/>\n    Affiches d\u2019informations c\u00f4toient les fanions \u00e0 quelques jours du passage du Tour de France. (\u00a9 Brian le Goff \/ actu Rennes)Le Tour \u00e0 Saint-M\u00e9en pour une occasion sp\u00e9ciale<\/p>\n<p class=\" wall-content\">Et si le Tour de France passe par l\u00e0, ce n\u2019est pas li\u00e9 qu\u2019aux choix et discussions entre l\u2019organisation et les collectivit\u00e9s locales. En 2025, on f\u00eate en effet <strong>les 100\u00a0ans de la naissance de Louison Bobet,<\/strong> triple vainqueur du Tour de France dans les ann\u00e9es 1950, natif de <a href=\"https:\/\/actu.fr\/bretagne\/saint-meen-le-grand_35297\" rel=\"nofollow noopener\" target=\"_blank\">Saint-M\u00e9en-le-Grand<\/a>.<\/p>\n<p class=\" wall-content\">Un <strong>mus\u00e9e<\/strong> lui est d\u2019ailleurs <strong>d\u00e9di\u00e9<\/strong>. Devant ce dernier,<strong> l\u2019association Les Amis de Louison<\/strong> Bobet a \u00e9galement pr\u00e9par\u00e9 quelques d\u00e9corations pour embellir la ville \u00e0 l\u2019occasion du passage du Tour.<\/p>\n<p>    <img   decoding=\"async\" loading=\"lazy\" src=\"https:\/\/www.europesays.com\/fr\/wp-content\/uploads\/2025\/07\/tour-de-france-village-depart-saint-meen-le-grand-rennes-etape-8-2025-preparation-1-960x640.jpg\" alt=\"Jean-Louis Valain, pr\u00e9sident de l'association Les Amis de Louison Bobet, montre les d\u00e9corations mises en place devant le mus\u00e9e d\u00e9di\u00e9 au triple vainqueur de la Grande Boucle.\" width=\"960\" height=\"640\"\/><br \/>\n    Jean-Louis Valain, pr\u00e9sident de l\u2019association Les Amis de Louison Bobet, montre les d\u00e9corations mises en place devant le mus\u00e9e d\u00e9di\u00e9 au triple vainqueur de la Grande Boucle. (\u00a9Brian le Goff \/ actu Rennes)<\/p>\n<p class=\" wall-content\">Les habitants se sont aussi pr\u00eat\u00e9s au jeu de f\u00eater la pr\u00e9sence du Tour dans leur ville, pour la <strong>deuxi\u00e8me fois de son histoire<\/strong> (le premier passage remonte \u00e0 2006, N.D.L.R.). Pr\u00e8s du complexe sportif, dans leur v\u00e9randa, ces habitants ont install\u00e9 des<strong> mannequins avec les quatre maillots<\/strong> jaune, vert, blanc \u00e0 pois rouges, et blanc, qui distinguent certains coureurs \u00e0 chaque \u00e9tape.<\/p>\n<p>    <img   decoding=\"async\" loading=\"lazy\" src=\"https:\/\/www.europesays.com\/fr\/wp-content\/uploads\/2025\/07\/tour-de-france-village-depart-saint-meen-le-grand-rennes-etape-8-2025-preparation-32-960x640.jpg\" alt=\"v\" width=\"960\" height=\"640\"\/><br \/>\n    Devant ou dans les maisons, chaque habitant joue le jeu de se pr\u00e9parer \u00e0 accueillir la Grande Boucle. (\u00a9 Brian le Goff \/ actu Rennes)\u00ab\u2009On est tr\u00e8s contents\u2009\u00bb<\/p>\n<p class=\" wall-content\"><strong>Marie-Odile et Michel<\/strong> ont, eux aussi, particip\u00e9 \u00e0 transformer la ville pour l\u2019\u00e9v\u00e9nement. Devant leur maison, dans leur jardin, m\u00eame si le peloton ne passera pas devant chez eux, ils ont accroch\u00e9 une <strong>banderole, surmont\u00e9e de drapeaux bretons,<\/strong> avec \u00e9crit \u00ab\u2009Le Tour de France\u2009\u00bb en lettres jaune et blanche, ainsi que deux petits cartons pour rappeler le centenaire de la naissance de Louison Bobet.<\/p>\n<p class=\" wall-content\">\u00ab\u2009On est tr\u00e8s content de voir la Grande Boucle chez nous. <strong>On a notre petit-fils qui est un fan absolu.<\/strong> On l\u2019a plusieurs fois emmen\u00e9 au bord de la route voir les coureurs.\u2009\u00bb<\/p>\n<p>    <img   decoding=\"async\" loading=\"lazy\" src=\"https:\/\/www.europesays.com\/fr\/wp-content\/uploads\/2025\/07\/tour-de-france-village-depart-saint-meen-le-grand-rennes-etape-8-2025-preparation-22-960x640.jpg\" alt=\"v\" width=\"960\" height=\"640\"\/><br \/>\n    Marie-Odile et Michel ont d\u00e9cor\u00e9 leur jardin pour le passage du Tour de France \u00e0 Saint-M\u00e9en-le-Grand. (\u00a9 Brian le Goff \/ actu Rennes)<\/p>\n<p class=\" wall-content\">Dans le centre-ville, <strong>le bar Le Patton,<\/strong> \u00e0 proximit\u00e9 imm\u00e9diate de l\u2019ancienne maison familiale de Louison Bobet, se pr\u00e9pare de son c\u00f4t\u00e9 \u00e0 une affluence record. \u00c0 sa t\u00eate depuis une dizaine d\u2019ann\u00e9es, <strong>Arnaud<\/strong> sent l\u2019effervescence mont\u00e9e chez les M\u00e9vennais et M\u00e9vennaises.<\/p>\n<p>    <img   decoding=\"async\" loading=\"lazy\" src=\"https:\/\/www.europesays.com\/fr\/wp-content\/uploads\/2025\/07\/tour-de-france-village-depart-saint-meen-le-grand-rennes-etape-8-2025-preparation-17-960x640.jpg\" alt=\"Arnaud, patron du bar Le Patton, pr\u00e9pare avec sa femme le passage du Tour de France, samedi 12 juillet.\" width=\"960\" height=\"640\"\/><br \/>\n    Arnaud, patron du bar Le Patton, pr\u00e9pare avec sa femme le passage du Tour de France, samedi 12\u00a0juillet. (\u00a9 Brian le Goff \/ actu Rennes)<\/p>\n<p class=\" wall-content\"><strong>\u00ab\u2009C\u2019est le sujet de discussion favori<\/strong> depuis quelques semaines d\u00e9j\u00e0. Et de jour en jour, \u00e7a devient de plus en plus anim\u00e9. Par contre, tous s\u2019interrogent beaucoup sur les restrictions de circulation et de stationnement qui d\u00e9buteront d\u00e8s le vendredi. De toute fa\u00e7on, on s\u2019adaptera\u2009\u00bb, d\u00e9veloppe le g\u00e9rant.<\/p>\n<p>\u00ab\u2009\u00c7a va \u00eatre une belle f\u00eate\u2009\u00bb<\/p>\n<p class=\" wall-content\">Avec son emplacement id\u00e9al \u00e0 l\u2019angle des rues o\u00f9 le peloton passera, le g\u00e9rant a \u00e9t\u00e9 tr\u00e8s sollicit\u00e9. \u00ab\u2009Un <strong>grand groupe rennais a r\u00e9serv\u00e9 l\u2019\u00e9tage de notre \u00e9tablissement<\/strong> pour inviter entre 50 et 80 de ses meilleurs clients pour profiter de l\u2019\u00e9v\u00e9nement.\u2009\u00bb Alors, c\u2019est le branle-bas de combat \u00e0 l\u2019\u00e9tage. Mange-debout, tables\u2026 Les \u00e9l\u00e9ments prennent tout doucement place.<\/p>\n<p class=\" wall-content\">Arnaud installera \u00e9galement une buvette devant le bar. Sa terrasse sera d\u00e9cal\u00e9e en cons\u00e9quence devant le salon de coiffure proche. <strong>\u00ab\u2009Tout sera pr\u00eat le jour J. \u00c7a va \u00eatre une belle f\u00eate\u2009\u00bb<\/strong>, assure-t-il en conclusion avec fiert\u00e9, le sourire aux l\u00e8vres.<\/p>\n<p class=\" wall-content\">Suivez toute l\u2019actualit\u00e9 de vos villes et m\u00e9dias favoris en vous inscrivant \u00e0 <a href=\"https:\/\/moncompte.actu.fr\" title=\"D\u00e9couvez Mon Actu\" rel=\"nofollow noopener\" data-trk=\"{&quot;cta&quot;:{&quot;action&quot;:&quot;https:\\\/\\\/moncompte.actu.fr&quot;,&quot;category&quot;:&quot;mon compte&quot;,&quot;from&quot;:&quot;article footer&quot;,&quot;name&quot;:&quot;Mon actu&quot;,&quot;type&quot;:&quot;cta&quot;}}\" target=\"_blank\">Mon Actu<\/a>.<\/p>\n","protected":false},"excerpt":{"rendered":"Par Brian Le Goff Publi\u00e9 le 3 juil. 2025 \u00e0 20h11 La Bretagne sera au rendez-vous du Tour&hellip;\n","protected":false},"author":2,"featured_media":223884,"comment_status":"","ping_status":"","sticky":false,"template":"","format":"standard","meta":{"footnotes":""},"categories":[2821],"tags":[1111,11,829,1777,674,3696,1011,27,12,584,25,210,2116],"class_list":{"0":"post-223883","1":"post","2":"type-post","3":"status-publish","4":"format-standard","5":"has-post-thumbnail","7":"category-rennes","8":"tag-actu","9":"tag-actualites","10":"tag-bretagne","11":"tag-eu","12":"tag-europe","13":"tag-evenements","14":"tag-fr","15":"tag-france","16":"tag-news","17":"tag-rennes","18":"tag-republique-francaise","19":"tag-tour-de-france","20":"tag-tour-de-france-2025"},"share_on_mastodon":{"url":"https:\/\/pubeurope.com\/@fr\/114791020551769869","error":""},"_links":{"self":[{"href":"https:\/\/www.europesays.com\/fr\/wp-json\/wp\/v2\/posts\/223883","targetHints":{"allow":["GET"]}}],"collection":[{"href":"https:\/\/www.europesays.com\/fr\/wp-json\/wp\/v2\/posts"}],"about":[{"href":"https:\/\/www.europesays.com\/fr\/wp-json\/wp\/v2\/types\/post"}],"author":[{"embeddable":true,"href":"https:\/\/www.europesays.com\/fr\/wp-json\/wp\/v2\/users\/2"}],"replies":[{"embeddable":true,"href":"https:\/\/www.europesays.com\/fr\/wp-json\/wp\/v2\/comments?post=223883"}],"version-history":[{"count":0,"href":"https:\/\/www.europesays.com\/fr\/wp-json\/wp\/v2\/posts\/223883\/revisions"}],"wp:featuredmedia":[{"embeddable":true,"href":"https:\/\/www.europesays.com\/fr\/wp-json\/wp\/v2\/media\/223884"}],"wp:attachment":[{"href":"https:\/\/www.europesays.com\/fr\/wp-json\/wp\/v2\/media?parent=223883"}],"wp:term":[{"taxonomy":"category","embeddable":true,"href":"https:\/\/www.europesays.com\/fr\/wp-json\/wp\/v2\/categories?post=223883"},{"taxonomy":"post_tag","embeddable":true,"href":"https:\/\/www.europesays.com\/fr\/wp-json\/wp\/v2\/tags?post=223883"}],"curies":[{"name":"wp","href":"https:\/\/api.w.org\/{rel}","templated":true}]}}