{"id":223891,"date":"2025-07-03T19:48:10","date_gmt":"2025-07-03T19:48:10","guid":{"rendered":"https:\/\/www.europesays.com\/fr\/223891\/"},"modified":"2025-07-03T19:48:10","modified_gmt":"2025-07-03T19:48:10","slug":"la-statue-de-jeanne-darc-au-coeur-de-polemiques-de-nouveau-devant-la-justice","status":"publish","type":"post","link":"https:\/\/www.europesays.com\/fr\/223891\/","title":{"rendered":"la statue de Jeanne d\u2019Arc, au c\u0153ur de pol\u00e9miques, de nouveau devant la justice"},"content":{"rendered":"<p>En appel, la justice doit trancher sur le sort de cette statue grandeur nature de 170.000 euros command\u00e9 par la r\u00e9gie des parkings azur\u00e9ens, sans mise en concurrence.<\/p>\n<p class=\"fig-paragraph\">La justice se prononcera mi-juillet sur le sort de\u00a0<a href=\"http:\/\/www.lefigaro.fr\/nice\/nice-imbroglio-autour-de-la-commande-d-une-grande-statue-de-jeanne-d-arc-20240208\" data-fig-type=\"NewsFlash\" data-gtm-custom-categorie=\"navigation\" data-gtm-custom-action=\"crossclick\" data-gtm-custom-label=\"Contextuel\" data-gtm-event=\"customEventSPE\" data-fig-domain=\"LEFIGARO\" rel=\"nofollow noopener\" target=\"_blank\">la monumentale statue de Jeanne d\u2019Arc<\/a>, \u00e9rig\u00e9e \u00e0 l\u2019automne \u00e0 Nice (Alpes-Maritimes) et devenue un point de crispation, entre symbole national et respect du code de la commande publique. Au d\u00e9part, c\u2019est d\u2019abord l\u2019histoire d\u2019un parking souterrain construit devant l\u2019\u00e9glise Sainte-Jeanne-d\u2019Arc, dans un quartier r\u00e9sidentiel pr\u00e8s du centre-ville par la r\u00e9gie Parcs d\u2019Azur, organisme public d\u00e9pendant de la m\u00e9tropole.<\/p>\n<p class=\"fig-paragraph\">Compte tenu de l\u2019emplacement, la m\u00e9tropole a choisi d\u2019agr\u00e9menter le parc am\u00e9nag\u00e9 en surface d\u2019une statue de la Pucelle d\u2019Orl\u00e9ans. Une commande de 170.000 euros pour cette statue grandeur nature dont la r\u00e9alisation a \u00e9t\u00e9 confi\u00e9e \u00e0\u00a0<a href=\"http:\/\/www.lefigaro.fr\/nice\/deboulonner-jeanne-d-arc-a-nice-c-est-la-bruler-une-deuxieme-fois-avertit-le-sculpteur-missor-20250213\" data-fig-type=\"NewsFlash\" data-gtm-custom-categorie=\"navigation\" data-gtm-custom-action=\"crossclick\" data-gtm-custom-label=\"Contextuel\" data-gtm-event=\"customEventSPE\" data-fig-domain=\"LEFIGARO\" rel=\"nofollow noopener\" target=\"_blank\">l\u2019Atelier Missor<\/a>, dont les r\u00eaves de r\u00e9alisations en titane ont r\u00e9cemment attir\u00e9 un compliment\u00a0<a href=\"http:\/\/www.lefigaro.fr\/vox\/monde\/l-editorial-de-philippe-gelie-trump-musk-feu-d-artifice-a-la-maison-blanche-20250606\" data-fig-type=\"Article\" data-gtm-custom-categorie=\"navigation\" data-gtm-custom-action=\"crossclick\" data-gtm-custom-label=\"Contextuel\" data-gtm-event=\"customEventSPE\" data-fig-domain=\"LEFIGARO\" rel=\"nofollow noopener\" target=\"_blank\">d\u2019Elon Musk<\/a>\u00a0sur X&#8230;<\/p>\n<p>                                    <a class=\"fig-a11y-skip a11y-hidden\" href=\"#fig-a11y-skip-main-inarticle\"><br \/>\n        Passer la publicit\u00e9<br \/>\n    <\/a><\/p>\n<p class=\"fig-paragraph\">L\u2019initiative a provoqu\u00e9 des r\u00e9ticences \u00e0 gauche, d\u2019autant qu\u2019elle est port\u00e9e par\u00a0<a href=\"http:\/\/www.lefigaro.fr\/nice\/nice-grand-decu-des-dernieres-legislatives-un-proche-de-christian-estrosi-prepare-deja-sa-revanche-20241004\" data-fig-type=\"NewsFlash\" data-gtm-custom-categorie=\"navigation\" data-gtm-custom-action=\"crossclick\" data-gtm-custom-label=\"Contextuel\" data-gtm-event=\"customEventSPE\" data-fig-domain=\"LEFIGARO\" rel=\"nofollow noopener\" target=\"_blank\">Ga\u00ebl Nofri<\/a>, pr\u00e9sident de Parcs d\u2019Azur, adjoint au maire\u00a0<a href=\"http:\/\/www.lefigaro.fr\/nice\/municipales-2026-a-un-an-des-elections-christian-estrosi-deja-en-mode-campagne-a-nice-20250328\" data-fig-type=\"NewsFlash\" data-gtm-custom-categorie=\"navigation\" data-gtm-custom-action=\"crossclick\" data-gtm-custom-label=\"Contextuel\" data-gtm-event=\"customEventSPE\" data-fig-domain=\"LEFIGARO\" rel=\"nofollow noopener\" target=\"_blank\">Christian Estrosi (Horizons)<\/a>\u00a0et pass\u00e9 par le Front national. Install\u00e9e \u00e0 l\u2019automne 2024, lors de l\u2019inauguration du parc souterrain de stationnement, la statue en bronze dor\u00e9 \u00e0 l\u2019or fin montre une Jeanne jeune et ardente, en armure et \u00e0 cheval, brandissant une \u00e9p\u00e9e qu\u2019elle tient par la lame. Un geste d\u2019apaisement selon Missor, une mani\u00e8re d\u00e9tourn\u00e9e de brandir une croix selon ses d\u00e9tracteurs.<\/p>\n<p>Absence de mise en concurrence<\/p>\n<p class=\"fig-paragraph\">Au-del\u00e0 des symboles, c\u2019est un doute beaucoup plus prosa\u00efque sur la l\u00e9galit\u00e9 du march\u00e9 public qui a pouss\u00e9 l\u2019ancien pr\u00e9fet\u00a0<a href=\"http:\/\/www.lefigaro.fr\/actualite-france\/bras-arme-de-bruno-retailleau-le-prefet-hugues-moutouh-remonte-sur-le-ring-pour-secouer-le-cocotier-20250609\" data-fig-type=\"Article\" data-gtm-custom-categorie=\"navigation\" data-gtm-custom-action=\"crossclick\" data-gtm-custom-label=\"Contextuel\" data-gtm-event=\"customEventSPE\" data-fig-domain=\"LEFIGARO\" rel=\"nofollow noopener\" target=\"_blank\">Hugues Moutouh<\/a>, admirateur revendiqu\u00e9 de Jeanne d\u2019Arc, \u00e0 saisir le tribunal administratif. La d\u00e9cision est tomb\u00e9e en janvier\u00a0:\u00a0<a href=\"http:\/\/www.lefigaro.fr\/nice\/nice-contraint-par-la-justice-de-demonter-sa-statue-de-jeanne-d-arc-estrosi-enrage-contre-le-prefet-moutouh-20250116\" data-fig-type=\"NewsFlash\" data-gtm-custom-categorie=\"navigation\" data-gtm-custom-action=\"crossclick\" data-gtm-custom-label=\"Contextuel\" data-gtm-event=\"customEventSPE\" data-fig-domain=\"LEFIGARO\" rel=\"nofollow noopener\" target=\"_blank\">faute de mise en concurrence<\/a>, le march\u00e9 a \u00e9t\u00e9 annul\u00e9 et ordre a \u00e9t\u00e9 donn\u00e9 de d\u00e9monter la statue.<\/p>\n<p class=\"fig-paragraph\">\u00abJe ne c\u00e9derai rien. Les d\u00e9boulonneurs de notre grand destin national peuvent passer leur chemin\u00bb, avait promis Christian Estrosi. \u00abSi on d\u00e9boulonne la statue de Jeanne d\u2019Arc, c\u2019est comme si on la br\u00fblait une deuxi\u00e8me fois\u00a0!\u00bb, a lanc\u00e9 Missor sur les r\u00e9seaux sociaux, accusant \u00abla bureaucratie, avec la complicit\u00e9 d\u2019intellectuels de gauche et de profs des Beaux-Arts\u00bb de cr\u00e9er \u00abun monde gris et triste\u00bb.<\/p>\n<p class=\"fig-paragraph\">Saisie par la r\u00e9gie Parcs d\u2019Azur et\u00a0<a href=\"http:\/\/www.lefigaro.fr\/nice\/demontage-de-la-statue-de-jeanne-d-arc-a-nice-l-atelier-missor-fait-appel-de-la-rupture-de-son-contrat-a-170-000-euros-20250130\" data-fig-type=\"NewsFlash\" data-gtm-custom-categorie=\"navigation\" data-gtm-custom-action=\"crossclick\" data-gtm-custom-label=\"Contextuel\" data-gtm-event=\"customEventSPE\" data-fig-domain=\"LEFIGARO\" rel=\"nofollow noopener\" target=\"_blank\">par Missor<\/a>, la cour administrative d\u2019appel de Marseille s\u2019est pench\u00e9e jeudi sur le dossier. En premi\u00e8re instance, la r\u00e9gie avait argu\u00e9 avoir suivi une disposition du code de la commande publique, pouvant s\u2019appliquer notamment aux \u0153uvres d\u2019art, permettant de se passer de mise en concurrence lorsqu\u2019un seul op\u00e9rateur est en mesure de r\u00e9aliser la commande.<\/p>\n<p>Artiste en particulier<\/p>\n<p class=\"fig-paragraph\">Mais le besoin identifi\u00e9 en l\u2019esp\u00e8ce \u00abest celui d\u2019une statue de Jeanne d\u2019Arc et non d\u2019une statue de Jeanne d\u2019Arc d\u2019un artiste particulier\u00bb, a argu\u00e9 le rapporteur public jeudi, rappelant qu\u2019au moment o\u00f9 la ma\u00eetrise d\u2019ouvrage a \u00e9t\u00e9 confi\u00e9e \u00e0 la r\u00e9gie Parcs d\u2019Azur en avril 2022, \u00abaucun nom d\u2019artiste sp\u00e9cifique\u00bb n\u2019a \u00e9t\u00e9 donn\u00e9 et que l\u2019Atelier Missor &#8211; cr\u00e9\u00e9 en janvier 2021 &#8211; ne jouissait alors \u00abd\u2019aucune notori\u00e9t\u00e9\u00bb.<\/p>\n<p>                                    <a class=\"fig-a11y-skip a11y-hidden\" href=\"#fig-a11y-skip-main-inarticle_mtf\"><br \/>\n        Passer la publicit\u00e9<br \/>\n    <\/a><\/p>\n<p class=\"fig-paragraph\">Rien ne prouvait qu\u2019aucun autre atelier n\u2019\u00e9tait capable de r\u00e9aliser une grande statue en bronze de Jeanne d\u2019Arc, a estim\u00e9 le tribunal administratif de Nice en premi\u00e8re instance. Selon Me Carine Chaix, avocate de l\u2019atelier Missor, pour justifier l\u2019absence de mise en concurrence dans le cadre d\u2019une commande d\u2019\u0153uvre d\u2019art, \u00abil n\u2019y a plus d\u2019autre crit\u00e8re que le fait que ce soit une \u0153uvre d\u2019art ou une performance artistique unique\u00bb.<\/p>\n<p class=\"fig-paragraph\">\u00abAu moment de la commande, l\u2019Atelier Missor \u00e9tait connu et identifi\u00e9 par le pr\u00e9sident de la r\u00e9gie qui \u00e9tait tomb\u00e9 en admiration devant (leurs) bustes de Jeanne d\u2019Arc. Ce style de l\u2019Atelier Missor (lui) a imm\u00e9diatement plu, c\u2019est ce style qu\u2019il est venu chercher\u00bb, a-t-elle ajout\u00e9 lors de l\u2019audience jeudi.<\/p>\n<p>D\u00e9cision d\u2019ici 15 jours<\/p>\n<p class=\"fig-paragraph\">Si l\u2019annulation du march\u00e9 est confirm\u00e9e dans quinze jours, quand la cour administrative d\u2019appel doit rendre son arr\u00eat, la solution pourrait venir d\u2019une cagnotte ouverte en janvier pour racheter la statue. Rapidement mont\u00e9e \u00e0 plus de 52.000 euros, elle plafonne depuis plusieurs mois, mais pourrait \u00eatre relanc\u00e9e en cas de d\u00e9cision contraire.<\/p>\n<p class=\"fig-paragraph\">La toute jeune statue a en effet d\u00e9j\u00e0 ses admirateurs. Elle est devenue\u00a0<a href=\"http:\/\/www.lefigaro.fr\/nice\/a-nice-deux-manifestations-de-la-droite-identitaire-organisees-contre-le-demontage-de-la-statue-de-jeanne-d-arc-20250201\" data-fig-type=\"NewsFlash\" data-gtm-custom-categorie=\"navigation\" data-gtm-custom-action=\"crossclick\" data-gtm-custom-label=\"Contextuel\" data-gtm-event=\"customEventSPE\" data-fig-domain=\"LEFIGARO\" rel=\"nofollow noopener\" target=\"_blank\">un point de ralliement du RN et de Reconqu\u00eate!<\/a>\u00a0et le 1er mai, plusieurs dizaines de jeunes identitaires du groupuscule ni\u00e7ois Aquila Popularis s\u2019y sont donn\u00e9 rendez-vous. \u00abJeanne n\u2019est pas un souvenir, elle est un ordre. Fran\u00e7ais, ni\u00e7ois, d\u00e9fends ton h\u00e9ritage\u00a0!\u00bb, ont-ils lanc\u00e9 sur les r\u00e9seaux sociaux.<\/p>\n<p class=\"fig-paragraph\">Mais Christian Estrosi a lui aussi organis\u00e9 une c\u00e9r\u00e9monie quelques semaines plus tard devant la statue, avec porte-drapeaux et marseillaise\u00a0: \u00abNotre Jeanne d\u2019Arc est apais\u00e9e et forte \u00e0 la fois. Elle rassemble et vaut infiniment mieux que toutes les r\u00e9cup\u00e9rations\u00bb.<\/p>\n<p>                                    <a class=\"fig-a11y-skip a11y-hidden\" href=\"#fig-a11y-skip-main-inarticle_btf\"><br \/>\n        Passer la publicit\u00e9<br \/>\n    <\/a><\/p>\n<p class=\"fig-paragraph\">Sur le plan p\u00e9nal, une enqu\u00eate pr\u00e9liminaire avait aussi \u00e9t\u00e9 ouverte par le parquet de Nice pour des soup\u00e7ons de favoritisme sur l\u2019attribution de ce march\u00e9.<\/p>\n","protected":false},"excerpt":{"rendered":"En appel, la justice doit trancher sur le sort de cette statue grandeur nature de 170.000 euros command\u00e9&hellip;\n","protected":false},"author":2,"featured_media":223892,"comment_status":"","ping_status":"","sticky":false,"template":"","format":"standard","meta":{"footnotes":""},"categories":[2819],"tags":[1111,11,1777,674,1011,27,14168,303,12,2401,882,25,11600],"class_list":{"0":"post-223891","1":"post","2":"type-post","3":"status-publish","4":"format-standard","5":"has-post-thumbnail","7":"category-nice","8":"tag-actu","9":"tag-actualites","10":"tag-eu","11":"tag-europe","12":"tag-fr","13":"tag-france","14":"tag-jeanne-darc","15":"tag-justice","16":"tag-news","17":"tag-nice","18":"tag-provence-alpes-cote-dazur","19":"tag-republique-francaise","20":"tag-statue"},"share_on_mastodon":{"url":"https:\/\/pubeurope.com\/@fr\/114791036016152278","error":""},"_links":{"self":[{"href":"https:\/\/www.europesays.com\/fr\/wp-json\/wp\/v2\/posts\/223891","targetHints":{"allow":["GET"]}}],"collection":[{"href":"https:\/\/www.europesays.com\/fr\/wp-json\/wp\/v2\/posts"}],"about":[{"href":"https:\/\/www.europesays.com\/fr\/wp-json\/wp\/v2\/types\/post"}],"author":[{"embeddable":true,"href":"https:\/\/www.europesays.com\/fr\/wp-json\/wp\/v2\/users\/2"}],"replies":[{"embeddable":true,"href":"https:\/\/www.europesays.com\/fr\/wp-json\/wp\/v2\/comments?post=223891"}],"version-history":[{"count":0,"href":"https:\/\/www.europesays.com\/fr\/wp-json\/wp\/v2\/posts\/223891\/revisions"}],"wp:featuredmedia":[{"embeddable":true,"href":"https:\/\/www.europesays.com\/fr\/wp-json\/wp\/v2\/media\/223892"}],"wp:attachment":[{"href":"https:\/\/www.europesays.com\/fr\/wp-json\/wp\/v2\/media?parent=223891"}],"wp:term":[{"taxonomy":"category","embeddable":true,"href":"https:\/\/www.europesays.com\/fr\/wp-json\/wp\/v2\/categories?post=223891"},{"taxonomy":"post_tag","embeddable":true,"href":"https:\/\/www.europesays.com\/fr\/wp-json\/wp\/v2\/tags?post=223891"}],"curies":[{"name":"wp","href":"https:\/\/api.w.org\/{rel}","templated":true}]}}