{"id":223893,"date":"2025-07-03T19:49:26","date_gmt":"2025-07-03T19:49:26","guid":{"rendered":"https:\/\/www.europesays.com\/fr\/223893\/"},"modified":"2025-07-03T19:49:26","modified_gmt":"2025-07-03T19:49:26","slug":"gerard-larcher-ouvre-la-voie-aux-sanctions-contre-le-senateur","status":"publish","type":"post","link":"https:\/\/www.europesays.com\/fr\/223893\/","title":{"rendered":"G\u00e9rard Larcher ouvre la voie aux sanctions contre le s\u00e9nateur"},"content":{"rendered":"<p>            Par<br \/>\n        <strong><br \/>\n            <a href=\"https:\/\/actu.fr\/auteur\/redaction-nantes\" title=\"Consulter tous les articles de R\u00e9daction Nantes\" target=\"_blank\" rel=\"noopener\">R\u00e9daction Nantes<\/a><br \/>\n        <\/strong><\/p>\n<p>        Publi\u00e9 le<\/p>\n<p>            3 juil. 2025 \u00e0 16h02        <\/p>\n<p>Le pr\u00e9sident du S\u00e9nat, G\u00e9rard Larcher, a annonc\u00e9, ce jeudi 3\u00a0juillet 2025, qu\u2019il pr\u00e9voyait<strong> de saisir le comit\u00e9 de d\u00e9ontologie de l\u2019institution<\/strong>, ouvrant la voie \u00e0 des sanctions disciplinaires visant le s\u00e9nateur Jo\u00ebl Guerriau,<a href=\"https:\/\/actu.fr\/ile-de-france\/paris_75056\/paris-accuse-d-avoir-drogue-une-deputee-un-senateur-place-en-garde-a-vue_60345706.html\" target=\"_blank\" rel=\"noopener\"> accus\u00e9 d\u2019avoir drogu\u00e9 la d\u00e9put\u00e9e Sandrine Josso afin de la violer en 2023<\/a>.<\/p>\n<p>Refus de d\u00e9missionner<\/p>\n<p class=\" wall-content\">\u00ab\u2009Lors d\u2019une r\u00e9union du Bureau de la chambre haute, M. Larcher (Les R\u00e9publicains) a pr\u00e9venu qu\u2019il saisirait le comit\u00e9 de d\u00e9ontologie <strong>d\u00e8s qu\u2019il aura obtenu copie de l\u2019ordonnance de renvoi devant un tribunal<\/strong>, sollicit\u00e9e aupr\u00e8s de la procureure de Paris\u2009\u00bb , a indiqu\u00e9 le S\u00e9nat dans un communiqu\u00e9.<\/p>\n<p class=\" wall-content\">Pour rappel, en septembre\u00a02024, l\u2019ancien maire de Saint-S\u00e9bastien-sur-Loire<a href=\"https:\/\/actu.fr\/pays-de-la-loire\/nantes_44109\/soupconne-de-soumission-chimique-le-senateur-joel-guerriau-s-accroche-a-son-siege-au-senat_61654768.html\" target=\"_blank\" rel=\"noopener\"> avait exclu de d\u00e9missionner<\/a> estimant \u00ab\u2009totalement injuste\u2009\u00bb de quitter son poste alors que la Justice n\u2019avait pas encore \u00ab\u2009tranch\u00e9\u2009\u00bb.<\/p>\n<p class=\" wall-content\"><strong>Avec AFP<\/strong><\/p>\n<p class=\" wall-content\">Suivez toute l\u2019actualit\u00e9 de vos villes et m\u00e9dias favoris en vous inscrivant \u00e0 <a href=\"https:\/\/moncompte.actu.fr\" title=\"D\u00e9couvez Mon Actu\" rel=\"nofollow noopener\" data-trk=\"{&quot;cta&quot;:{&quot;action&quot;:&quot;https:\\\/\\\/moncompte.actu.fr&quot;,&quot;category&quot;:&quot;mon compte&quot;,&quot;from&quot;:&quot;article footer&quot;,&quot;name&quot;:&quot;Mon actu&quot;,&quot;type&quot;:&quot;cta&quot;}}\" target=\"_blank\">Mon Actu<\/a>.<\/p>\n","protected":false},"excerpt":{"rendered":"Par R\u00e9daction Nantes Publi\u00e9 le 3 juil. 2025 \u00e0 16h02 Le pr\u00e9sident du S\u00e9nat, G\u00e9rard Larcher, a annonc\u00e9,&hellip;\n","protected":false},"author":2,"featured_media":223894,"comment_status":"","ping_status":"","sticky":false,"template":"","format":"standard","meta":{"footnotes":""},"categories":[2818],"tags":[1111,11,1777,674,1011,27,32399,766,12,2636,316,25,34788,1004],"class_list":{"0":"post-223893","1":"post","2":"type-post","3":"status-publish","4":"format-standard","5":"has-post-thumbnail","7":"category-nantes","8":"tag-actu","9":"tag-actualites","10":"tag-eu","11":"tag-europe","12":"tag-fr","13":"tag-france","14":"tag-gerard-larcher","15":"tag-nantes","16":"tag-news","17":"tag-pays-de-la-loire","18":"tag-politique","19":"tag-republique-francaise","20":"tag-sandrine-josso","21":"tag-senat"},"share_on_mastodon":{"url":"https:\/\/pubeurope.com\/@fr\/114791039995575546","error":""},"_links":{"self":[{"href":"https:\/\/www.europesays.com\/fr\/wp-json\/wp\/v2\/posts\/223893","targetHints":{"allow":["GET"]}}],"collection":[{"href":"https:\/\/www.europesays.com\/fr\/wp-json\/wp\/v2\/posts"}],"about":[{"href":"https:\/\/www.europesays.com\/fr\/wp-json\/wp\/v2\/types\/post"}],"author":[{"embeddable":true,"href":"https:\/\/www.europesays.com\/fr\/wp-json\/wp\/v2\/users\/2"}],"replies":[{"embeddable":true,"href":"https:\/\/www.europesays.com\/fr\/wp-json\/wp\/v2\/comments?post=223893"}],"version-history":[{"count":0,"href":"https:\/\/www.europesays.com\/fr\/wp-json\/wp\/v2\/posts\/223893\/revisions"}],"wp:featuredmedia":[{"embeddable":true,"href":"https:\/\/www.europesays.com\/fr\/wp-json\/wp\/v2\/media\/223894"}],"wp:attachment":[{"href":"https:\/\/www.europesays.com\/fr\/wp-json\/wp\/v2\/media?parent=223893"}],"wp:term":[{"taxonomy":"category","embeddable":true,"href":"https:\/\/www.europesays.com\/fr\/wp-json\/wp\/v2\/categories?post=223893"},{"taxonomy":"post_tag","embeddable":true,"href":"https:\/\/www.europesays.com\/fr\/wp-json\/wp\/v2\/tags?post=223893"}],"curies":[{"name":"wp","href":"https:\/\/api.w.org\/{rel}","templated":true}]}}