{"id":223911,"date":"2025-07-03T19:58:09","date_gmt":"2025-07-03T19:58:09","guid":{"rendered":"https:\/\/www.europesays.com\/fr\/223911\/"},"modified":"2025-07-03T19:58:09","modified_gmt":"2025-07-03T19:58:09","slug":"comment-les-habitants-de-bel-ombre-a-marseille-sorganisent-pour-empecher-linstallation-de-dealers-dans-leur-quartier","status":"publish","type":"post","link":"https:\/\/www.europesays.com\/fr\/223911\/","title":{"rendered":"Comment les habitants de Bel Ombre \u00e0 Marseille s&rsquo;organisent pour emp\u00eacher l&rsquo;installation de dealers dans leur quartier"},"content":{"rendered":"<p>Ce mercredi soir, les boucles WhatsApp ont une nouvelle fois fonctionn\u00e9. Au pied de l\u2019imposant b\u00e2timent qui abrite quelque 250 logements, ils sont une cinquantaine d\u2019habitants de la copropri\u00e9t\u00e9 Bel Ombre (11e) \u00e0 avoir r\u00e9pondu pr\u00e9sent d\u00e8s 19h. Beaucoup d\u2019hommes de tous \u00e2ges.<\/p>\n<p>Des femmes, aussi, qui n\u2019h\u00e9sitent pas \u00e0 rejoindre le cort\u00e8ge. \u00ab\u00a0Comme hier, on va faire le tour jusqu\u2019aux commerces situ\u00e9s plus haut sur le boulevard Mireille-Lauze. Du stup, ici, il y en a toujours eu. Mais depuis quelques jours, on voit de nouveaux jeunes tourner, m\u00eame pas majeurs : on craint que \u00e7a soit un r\u00e9seau qui prenne la main sur notre quartier\u00a0\u00bb, pointe Mohamed.<\/p>\n<p>Des drames encore dans les t\u00eates<\/p>\n<p>Ici, le long de l\u2019Huveaune en plein c\u0153ur de La Pomme, on n\u2019a pas peur d\u2019y faire face. \u00ab\u00a0On a vu les messages pass\u00e9s sur les r\u00e9seaux sociaux\u00a0: les dealers proposent de tout ici. Et \u00e9tant donn\u00e9 que l\u2019entr\u00e9e de la r\u00e9sidence n\u2019a plus de portail, leurs clients peuvent circuler sans s\u2019arr\u00eater en prenant la sortie quelques m\u00e8tres plus loin. On ne veut pas servir de drive, on ne veut pas qu\u2019un jour, un bras arm\u00e9 vienne nous arroser avec une kalach\u00a0\u00bb, pose Malika.<\/p>\n<p>Trop de drames sont encore dans les t\u00eates de ces m\u00e8res de famille. <a href=\"https:\/\/www.laprovence.com\/article\/faits-divers-justice\/14555445489799\/un-an-apres-la-mort-de-socayna-a-marseille-difficile-de-reconstruire-le-quotidien-a-saint-thys\" target=\"_blank\" rel=\"nofollow noopener\">Comme celui de la cit\u00e9 Saint-Thys, qui avait co\u00fbt\u00e9 en septembre\u00a02023 la vie de Socayna, 25\u00a0ans, alors qu\u2019elle \u00e9tait dans sa chambre<\/a>. \u00ab\u00a0Oui on y pense\u00a0\u00bb, rench\u00e9rit Ghyslaine, propri\u00e9taire depuis quatre ans.<\/p>\n","protected":false},"excerpt":{"rendered":"Ce mercredi soir, les boucles WhatsApp ont une nouvelle fois fonctionn\u00e9. Au pied de l\u2019imposant b\u00e2timent qui abrite&hellip;\n","protected":false},"author":2,"featured_media":223912,"comment_status":"","ping_status":"","sticky":false,"template":"","format":"standard","meta":{"footnotes":""},"categories":[2814],"tags":[17,1111,11,22681,20,1777,674,1011,27,4021,151,884,12,34656,882,16,25,36287],"class_list":{"0":"post-223911","1":"post","2":"type-post","3":"status-publish","4":"format-standard","5":"has-post-thumbnail","7":"category-marseille","8":"tag-17","9":"tag-actu","10":"tag-actualites","11":"tag-bel","12":"tag-comment","13":"tag-eu","14":"tag-europe","15":"tag-fr","16":"tag-france","17":"tag-habitants","18":"tag-les","19":"tag-marseille","20":"tag-news","21":"tag-ombre","22":"tag-provence-alpes-cote-dazur","23":"tag-region","24":"tag-republique-francaise","25":"tag-sorganisent"},"share_on_mastodon":{"url":"https:\/\/pubeurope.com\/@fr\/114791075401148878","error":""},"_links":{"self":[{"href":"https:\/\/www.europesays.com\/fr\/wp-json\/wp\/v2\/posts\/223911","targetHints":{"allow":["GET"]}}],"collection":[{"href":"https:\/\/www.europesays.com\/fr\/wp-json\/wp\/v2\/posts"}],"about":[{"href":"https:\/\/www.europesays.com\/fr\/wp-json\/wp\/v2\/types\/post"}],"author":[{"embeddable":true,"href":"https:\/\/www.europesays.com\/fr\/wp-json\/wp\/v2\/users\/2"}],"replies":[{"embeddable":true,"href":"https:\/\/www.europesays.com\/fr\/wp-json\/wp\/v2\/comments?post=223911"}],"version-history":[{"count":0,"href":"https:\/\/www.europesays.com\/fr\/wp-json\/wp\/v2\/posts\/223911\/revisions"}],"wp:featuredmedia":[{"embeddable":true,"href":"https:\/\/www.europesays.com\/fr\/wp-json\/wp\/v2\/media\/223912"}],"wp:attachment":[{"href":"https:\/\/www.europesays.com\/fr\/wp-json\/wp\/v2\/media?parent=223911"}],"wp:term":[{"taxonomy":"category","embeddable":true,"href":"https:\/\/www.europesays.com\/fr\/wp-json\/wp\/v2\/categories?post=223911"},{"taxonomy":"post_tag","embeddable":true,"href":"https:\/\/www.europesays.com\/fr\/wp-json\/wp\/v2\/tags?post=223911"}],"curies":[{"name":"wp","href":"https:\/\/api.w.org\/{rel}","templated":true}]}}