{"id":223917,"date":"2025-07-03T20:02:13","date_gmt":"2025-07-03T20:02:13","guid":{"rendered":"https:\/\/www.europesays.com\/fr\/223917\/"},"modified":"2025-07-03T20:02:13","modified_gmt":"2025-07-03T20:02:13","slug":"en-ile-de-france-les-soins-aux-personnes-agees-sadaptent-au-changement-climatique","status":"publish","type":"post","link":"https:\/\/www.europesays.com\/fr\/223917\/","title":{"rendered":"en \u00cele-de-France, les soins aux personnes \u00e2g\u00e9es s\u2019adaptent au changement climatique"},"content":{"rendered":"<p>A Paris, le Centre d\u2019Action Social de la Ville (CASVP) g\u00e8re quinze Ehpad. Dans celui de Furtado Heine, dans le 14\u00e8me arrondissement, la r\u00e9ception est plong\u00e9e dans le noir, ce 2 juillet, alors que la vague de chaleur s\u2019\u00e9ternise sur le pays. Ici, tout est pens\u00e9 pour garder les pi\u00e8ces le plus au frais possible. Une porte nous conduit vers les salles communes, climatis\u00e9es, ou les cent dix agents du personnel, qui se relaient, font descendre les r\u00e9sidents, ensuite install\u00e9s autour de tables, ou invit\u00e9s \u00e0 participer \u00e0 des animations calmes.<\/p>\n<p>Tai-chi en chambre<\/p>\n<p>Pour Ren\u00e9e, 94 ans, la canicule ne se ressent pas, m\u00eame si les \u00e9tages restent moins agr\u00e9ables. Quant \u00e0 Madame Giry, 87 ans, elle reste m\u00eame toute la matin\u00e9e dans sa chambre pour faire ses \u00e9tirements de tai-chi, mais descend le reste de la &#8230;<\/p>\n<p class=\"blocCut__title\">\n\t\t\t\t\t\t\t\t\t[80% reste \u00e0 lire]\n\t\t\t\t\t\t\t<\/p>\n<p class=\"blocCut__title--type2\">Article r\u00e9serv\u00e9 aux abonn\u00e9s<\/p>\n<p class=\"blocCut__title--type3\">Gazette des Communes, Club Sant\u00e9 Social<\/p>\n<p class=\"blocCut__title--type2\">VOUS N&rsquo;\u00eaTES PAS ABONN\u00e9 ?<\/p>\n<p class=\"blocCut__title--type4\">Testez notre Offre D\u00e9couverte Club Sant\u00e9 Social pendant 15 jours<\/p>\n<p>\t\t\t\t\t\t\t\t<a href=\"https:\/\/www.abonnement.infopro-digital.com\/offre-decouverte-du-club-sante-social\/inscription\/623\/3423#xtor=CS5-330-[site_paywall]-[https:\/\/www.lagazettedescommunes.com\/992593\/canicule-en-ile-de-france-les-soins-aux-personnes-agees-sadaptent-au-changement-climatique\/]-[page_article]-[a]\" target=\"_blank\" class=\"btn__full buttonTypeA buttonTypeA--1\" rel=\"noopener\">J\u2019en profite<\/a><\/p>\n<p>\t\t\tCet article est en relation avec le dossier<\/p>\n","protected":false},"excerpt":{"rendered":"A Paris, le Centre d\u2019Action Social de la Ville (CASVP) g\u00e8re quinze Ehpad. Dans celui de Furtado Heine,&hellip;\n","protected":false},"author":2,"featured_media":223918,"comment_status":"","ping_status":"","sticky":false,"template":"","format":"standard","meta":{"footnotes":""},"categories":[1592],"tags":[2342,1111,2344,47,2341,11,2349,4734,2340,12216,1777,674,1011,27,36288,662,36289,12,626,1306,25,71,2343],"class_list":{"0":"post-223917","1":"post","2":"type-post","3":"status-publish","4":"format-standard","5":"has-post-thumbnail","7":"category-ile-de-france","8":"tag-a-la-une-sante-social","9":"tag-actu","10":"tag-actu-expert-sante-social","11":"tag-actualite","12":"tag-actualite-sante-social","13":"tag-actualites","14":"tag-articles-reserves","15":"tag-changement-climatique","16":"tag-club-sante-social","17":"tag-ehpad","18":"tag-eu","19":"tag-europe","20":"tag-fr","21":"tag-france","22":"tag-grand-age","23":"tag-ile-de-france","24":"tag-lexcofon","25":"tag-news","26":"tag-paris","27":"tag-regions","28":"tag-republique-francaise","29":"tag-sante","30":"tag-toute-lactu-sante-social"},"share_on_mastodon":{"url":"https:\/\/pubeurope.com\/@fr\/114791090987420785","error":""},"_links":{"self":[{"href":"https:\/\/www.europesays.com\/fr\/wp-json\/wp\/v2\/posts\/223917","targetHints":{"allow":["GET"]}}],"collection":[{"href":"https:\/\/www.europesays.com\/fr\/wp-json\/wp\/v2\/posts"}],"about":[{"href":"https:\/\/www.europesays.com\/fr\/wp-json\/wp\/v2\/types\/post"}],"author":[{"embeddable":true,"href":"https:\/\/www.europesays.com\/fr\/wp-json\/wp\/v2\/users\/2"}],"replies":[{"embeddable":true,"href":"https:\/\/www.europesays.com\/fr\/wp-json\/wp\/v2\/comments?post=223917"}],"version-history":[{"count":0,"href":"https:\/\/www.europesays.com\/fr\/wp-json\/wp\/v2\/posts\/223917\/revisions"}],"wp:featuredmedia":[{"embeddable":true,"href":"https:\/\/www.europesays.com\/fr\/wp-json\/wp\/v2\/media\/223918"}],"wp:attachment":[{"href":"https:\/\/www.europesays.com\/fr\/wp-json\/wp\/v2\/media?parent=223917"}],"wp:term":[{"taxonomy":"category","embeddable":true,"href":"https:\/\/www.europesays.com\/fr\/wp-json\/wp\/v2\/categories?post=223917"},{"taxonomy":"post_tag","embeddable":true,"href":"https:\/\/www.europesays.com\/fr\/wp-json\/wp\/v2\/tags?post=223917"}],"curies":[{"name":"wp","href":"https:\/\/api.w.org\/{rel}","templated":true}]}}