{"id":223919,"date":"2025-07-03T20:03:14","date_gmt":"2025-07-03T20:03:14","guid":{"rendered":"https:\/\/www.europesays.com\/fr\/223919\/"},"modified":"2025-07-03T20:03:14","modified_gmt":"2025-07-03T20:03:14","slug":"direct-palmares-des-villes-etudiantes-paris-occupe-la-11eme-place-du-classement","status":"publish","type":"post","link":"https:\/\/www.europesays.com\/fr\/223919\/","title":{"rendered":"DIRECT. Palmar\u00e8s des villes \u00e9tudiantes : \u00ab Paris occupe la 11\u00e8me place du classement \u00bb"},"content":{"rendered":"<p>Bonjour Liane, merci pour votre question.<br \/>Paris est en 11e des 16 m\u00e9tropoles \u00e9tudiantes que nous avons class\u00e9es. Comme pour tous nos palmar\u00e8s, nous choisissons des crit\u00e8res et nous leur affectons un coefficient plus ou moins \u00e9lev\u00e9 selon nos connaissances et de fa\u00e7on \u00e0 ce que le r\u00e9sultat soit \u00e9quilibr\u00e9.<\/p>\n<p>Cependant tout le monde n&rsquo;a pas les m\u00eames priorit\u00e9s. Le montant du loyer n&rsquo;est pas forc\u00e9ment un crit\u00e8re pour certains, alors que l&rsquo;ensoleillement peut \u00eatre un repoussoir pour d&rsquo;autres.\u00a0Vous pouvez modifier les crit\u00e8res pour qu&rsquo;ils refl\u00e8tent davantage vos pr\u00e9occupations avec <a href=\"https:\/\/www.leparisien.fr\/etudiant\/vie-etudiante\/classement-des-villes-etudiantes-transport-bars-meteo-quelles-sont-les-meilleures-villes-ou-etudier-en-2025-KSTJ3EDATBDGRELVFYVU5KW5BY.php\" target=\"_blank\" rel=\"noopener\">notre classement personnalisable<\/a>.<\/p>\n","protected":false},"excerpt":{"rendered":"Bonjour Liane, merci pour votre question.Paris est en 11e des 16 m\u00e9tropoles \u00e9tudiantes que nous avons class\u00e9es. Comme&hellip;\n","protected":false},"author":2,"featured_media":223920,"comment_status":"","ping_status":"","sticky":false,"template":"","format":"standard","meta":{"footnotes":""},"categories":[1888],"tags":[1111,1928,11,1927,1777,674,1011,27,820,12,1926,626,1925,25],"class_list":{"0":"post-223919","1":"post","2":"type-post","3":"status-publish","4":"format-standard","5":"has-post-thumbnail","7":"category-paris","8":"tag-actu","9":"tag-actu-paris","10":"tag-actualites","11":"tag-actualites-paris","12":"tag-eu","13":"tag-europe","14":"tag-fr","15":"tag-france","16":"tag-live","17":"tag-news","18":"tag-news-paris","19":"tag-paris","20":"tag-paris-news","21":"tag-republique-francaise"},"share_on_mastodon":{"url":"https:\/\/pubeurope.com\/@fr\/114791094881073394","error":""},"_links":{"self":[{"href":"https:\/\/www.europesays.com\/fr\/wp-json\/wp\/v2\/posts\/223919","targetHints":{"allow":["GET"]}}],"collection":[{"href":"https:\/\/www.europesays.com\/fr\/wp-json\/wp\/v2\/posts"}],"about":[{"href":"https:\/\/www.europesays.com\/fr\/wp-json\/wp\/v2\/types\/post"}],"author":[{"embeddable":true,"href":"https:\/\/www.europesays.com\/fr\/wp-json\/wp\/v2\/users\/2"}],"replies":[{"embeddable":true,"href":"https:\/\/www.europesays.com\/fr\/wp-json\/wp\/v2\/comments?post=223919"}],"version-history":[{"count":0,"href":"https:\/\/www.europesays.com\/fr\/wp-json\/wp\/v2\/posts\/223919\/revisions"}],"wp:featuredmedia":[{"embeddable":true,"href":"https:\/\/www.europesays.com\/fr\/wp-json\/wp\/v2\/media\/223920"}],"wp:attachment":[{"href":"https:\/\/www.europesays.com\/fr\/wp-json\/wp\/v2\/media?parent=223919"}],"wp:term":[{"taxonomy":"category","embeddable":true,"href":"https:\/\/www.europesays.com\/fr\/wp-json\/wp\/v2\/categories?post=223919"},{"taxonomy":"post_tag","embeddable":true,"href":"https:\/\/www.europesays.com\/fr\/wp-json\/wp\/v2\/tags?post=223919"}],"curies":[{"name":"wp","href":"https:\/\/api.w.org\/{rel}","templated":true}]}}