{"id":223921,"date":"2025-07-03T20:04:18","date_gmt":"2025-07-03T20:04:18","guid":{"rendered":"https:\/\/www.europesays.com\/fr\/223921\/"},"modified":"2025-07-03T20:04:18","modified_gmt":"2025-07-03T20:04:18","slug":"francais-detenus-en-iran-paris-brandit-la-menace-de-mesures-de-retorsion-actualites","status":"publish","type":"post","link":"https:\/\/www.europesays.com\/fr\/223921\/","title":{"rendered":"Fran\u00e7ais d\u00e9tenus en Iran : Paris brandit la menace de \u00ab\u00a0mesures de r\u00e9torsion\u00a0\u00bb : Actualit\u00e9s"},"content":{"rendered":"<p class=\"lead \">Le pr\u00e9sident fran\u00e7ais Emmanuel Macron a menac\u00e9 jeudi l&rsquo;Iran de \u00ab\u00a0mesures de r\u00e9torsion\u00a0\u00bb, s&rsquo;il maintient l&rsquo;inculpation d&rsquo;espionnage pour Isra\u00ebl \u00e0 l&rsquo;encontre des deux Fran\u00e7ais d\u00e9tenus depuis plus de trois ans par T\u00e9h\u00e9ran et qui encourent la peine de mort.<\/p>\n<p class=\"lead \">\u00ab\u00a0La r\u00e9ponse ne se fera pas attendre\u00a0\u00bb, a-t-il pr\u00e9venu, annon\u00e7ant son intention d&rsquo;en parler prochainement avec son homologue iranien Massoud Pezeshkian.<\/p>\n<p class=\"lead \">Arr\u00eat\u00e9s en mai 2022 au dernier jour d&rsquo;un voyage touristique, C\u00e9cile Kohler et Jacques Paris sont vis\u00e9s par des accusations d'\u00a0\u00bbespionnage pour le Mossad\u00a0\u00bb, le service de renseignement ext\u00e9rieur isra\u00e9lien, de \u00ab\u00a0complot pour renverser le r\u00e9gime\u00a0\u00bb et de \u00ab\u00a0corruption sur Terre\u00a0\u00bb, a appris mercredi l&rsquo;AFP aupr\u00e8s d&rsquo;une source diplomatique occidentale et de l&rsquo;entourage des d\u00e9tenus.<\/p>\n<p class=\"lead \">Jusqu&rsquo;\u00e0 pr\u00e9sent, l&rsquo;Iran indiquait seulement que les deux Fran\u00e7ais \u00e9taient accus\u00e9s d&rsquo;espionnage, sans jamais pr\u00e9ciser pour quel pays. T\u00e9h\u00e9ran n&rsquo;a pas encore confirm\u00e9 si de nouvelles accusations ont \u00e9t\u00e9 port\u00e9es contre eux.<\/p>\n<p class=\"lead \">De tels chefs d&rsquo;accusation sont une \u00ab\u00a0provocation \u00e0 l&rsquo;\u00e9gard de la France\u00a0\u00bb et un \u00ab\u00a0choix inacceptable d&rsquo;agressivit\u00e9\u00a0\u00bb, a fustig\u00e9 Emmanuel Macron. \u00ab\u00a0Je pourrais dire simplement que c&rsquo;est fantaisiste si ce n&rsquo;\u00e9tait pas criminel\u00a0\u00bb. <\/p>\n<p class=\"lead \">M. Macron n&rsquo;a pas pr\u00e9cis\u00e9 la nature des \u00ab\u00a0mesures de r\u00e9torsion\u00a0\u00bb envisag\u00e9es.<\/p>\n<p class=\"lead \">Plus t\u00f4t, le ministre fran\u00e7ais des Affaires \u00e9trang\u00e8res avait rappel\u00e9 l&rsquo;existence d&rsquo;un levier que Paris pouvait activer.<\/p>\n<p class=\"lead \">\u00ab\u00a0Nous l&rsquo;avons toujours dit \u00e0 nos interlocuteurs du r\u00e9gime iranien: la question de d\u00e9cisions \u00e9ventuelles sur des sanctions sera conditionn\u00e9e au r\u00e8glement de ce probl\u00e8me, de ce diff\u00e9rend majeur\u00a0\u00bb, a d\u00e9clar\u00e9 Jean-No\u00ebl Barrot.<\/p>\n<p class=\"lead \">&#8211; \u00ab\u00a0Snapback\u00a0\u00bb &#8211;<\/p>\n<p class=\"lead \">Face \u00e0 la politique iranienne d&rsquo;enrichissement d&rsquo;uranium, les pays occidentaux menacent r\u00e9guli\u00e8rement T\u00e9h\u00e9ran d&rsquo;un \u00ab\u00a0snapback\u00a0\u00bb, m\u00e9canisme qui permet de r\u00e9imposer des sanctions internationales, all\u00e9g\u00e9es dans le cadre d&rsquo;un accord conclu en 2015. <\/p>\n<p class=\"lead \">Cet accord sign\u00e9 \u00e0 Vienne avec les cinq membres permanents du Conseil de s\u00e9curit\u00e9 de l&rsquo;ONU (France, Allemagne, Royaume-Uni, Chine, Russie, Etats-Unis) pr\u00e9voyait d&rsquo;encadrer le programme nucl\u00e9aire iranien, en contrepartie d&rsquo;un all\u00e8gement des sanctions internationales.<\/p>\n<p class=\"lead \">En 2018, Donald Trump avait retir\u00e9 unilat\u00e9ralement les Etats-Unis de l&rsquo;accord &#8211; auquel se conformait T\u00e9h\u00e9ran, selon l&rsquo;Agence internationale pour l&rsquo;\u00e9nergie atomique (AIEA).<\/p>\n<p class=\"lead \">En repr\u00e9sailles, T\u00e9h\u00e9ran a consid\u00e9rablement augment\u00e9 ses r\u00e9serves de mati\u00e8res enrichies et port\u00e9 le seuil \u00e0 60%, inf\u00e9rieur aux 90% n\u00e9cessaires \u00e0 la fabrication de l&rsquo;arme atomique, mais tr\u00e8s loin du plafond de 3,67% fix\u00e9 par l&rsquo;accord de Vienne.<\/p>\n<p class=\"lead \">La r\u00e9solution 2231 du Conseil de s\u00e9curit\u00e9, qui endosse cet accord, pr\u00e9voit une clause appel\u00e9e \u00ab\u00a0snapback\u00a0\u00bb permettant de r\u00e9imposer les sanctions en cas de violation de l&rsquo;accord. Ce texte expire le 18 octobre 2025.<\/p>\n<p class=\"lead \">Selon cette r\u00e9solution, tout \u00ab\u00a0\u00c9tat participant\u00a0\u00bb \u00e0 l&rsquo;accord peut d\u00e9clencher ce m\u00e9canisme s&rsquo;il juge qu&rsquo;il y un cas de \u00ab\u00a0non-respect notable d&rsquo;engagements d&rsquo;un autre participant\u00a0\u00bb.<\/p>\n<p class=\"lead \">Dans les 30 jours suivants, le Conseil doit se prononcer par vote sur un projet de r\u00e9solution visant \u00e0 confirmer la lev\u00e9e des sanctions: si l&rsquo;\u00c9tat plaignant veut au contraire les r\u00e9tablir, il peut opposer son veto \u00e0 cette r\u00e9solution, rendant le \u00ab\u00a0snapback\u00a0\u00bb automatique.<\/p>\n<p class=\"lead \">L&rsquo;option est de nouveau \u00e9voqu\u00e9e par Paris au lendemain de la d\u00e9cision iranienne de suspendre sa coop\u00e9ration avec l&rsquo;AIEA.<\/p>\n<p class=\"lead \">&#8211; \u00ab\u00a0Double p\u00e9ril\u00a0\u00bb &#8211;<\/p>\n<p class=\"lead \">Le sort de C\u00e9cile Kohler, professeure de lettres de 40 ans originaire de l&rsquo;est de la France, et de son compagnon Jacques Paris, 72 ans, inqui\u00e8te.<\/p>\n<p class=\"lead \">Ils \u00e9taient encore r\u00e9cemment d\u00e9tenus dans la prison d&rsquo;Evine, touch\u00e9e le 23 juin par des frappes isra\u00e9liennes. <\/p>\n<p class=\"lead \">La Fran\u00e7aise a \u00e9t\u00e9 transf\u00e9r\u00e9e \u00e0 la h\u00e2te avec d&rsquo;autres prisonniers, sans pouvoir emmener d&rsquo;affaires personnelles, \u00e0 la prison de Qarchak, o\u00f9 elle est rest\u00e9e 24 heures, a indiqu\u00e9 mercredi \u00e0 l&rsquo;AFP sa soeur No\u00e9mie, en se basant sur le compte-rendu d&rsquo;une visite consulaire d&rsquo;un diplomate fran\u00e7ais mardi au p\u00e9nitencier de Bozorg, dans le sud de T\u00e9h\u00e9ran.<\/p>\n<p class=\"lead \">Puis, \u00ab\u00a0on lui a band\u00e9 les yeux et on l&rsquo;a emmen\u00e9e dans un autre lieu de d\u00e9tention qu&rsquo;on ne conna\u00eet pas\u00a0\u00bb.<\/p>\n<p class=\"lead \">\u00ab\u00a0C\u00e9cile ne dort plus depuis les bombardements\u00a0\u00bb, a poursuivi No\u00e9mie Kohler, dont le dernier contact t\u00e9l\u00e9phonique avec sa s\u0153ur remonte au 28 mai.<\/p>\n<p class=\"lead \">Jacques Paris a, lui, \u00e9t\u00e9 transf\u00e9r\u00e9 dans un lieu \u00e9galement inconnu, \u00ab\u00a0tout seul dans une cellule\u00a0\u00bb. \u00ab\u00a0Il n&rsquo;a pas de meubles. Donc il continue \u00e0 dormir \u00e0 m\u00eame le sol\u00a0\u00bb, a ajout\u00e9 No\u00e9mie Kohler.<\/p>\n<p class=\"lead \">La jeune femme s&rsquo;est dite \u00ab\u00a0extr\u00eamement inqui\u00e8te sur leur \u00e9tat psychique\u00a0\u00bb, sur \u00ab\u00a0ce double p\u00e9ril de mort (&#8230;) la reprise des bombardements et cette condamnation \u00e0 mort qui leur pend au-dessus de la t\u00eate\u00a0\u00bb.<\/p>\n<p class=\"small font-weight-bold text-gray3 \"> publi\u00e9 le 3 juillet \u00e0 19h08, AFP<\/p>\n<p>                             Partager<\/p>\n","protected":false},"excerpt":{"rendered":"Le pr\u00e9sident fran\u00e7ais Emmanuel Macron a menac\u00e9 jeudi l&rsquo;Iran de \u00ab\u00a0mesures de r\u00e9torsion\u00a0\u00bb, s&rsquo;il maintient l&rsquo;inculpation d&rsquo;espionnage pour&hellip;\n","protected":false},"author":2,"featured_media":223922,"comment_status":"","ping_status":"","sticky":false,"template":"","format":"standard","meta":{"footnotes":""},"categories":[1888],"tags":[14427,1111,1928,11,1927,2120,312,1777,674,1011,27,3019,12,1926,28429,626,1925,807,25,7185],"class_list":{"0":"post-223921","1":"post","2":"type-post","3":"status-publish","4":"format-standard","5":"has-post-thumbnail","7":"category-paris","8":"tag-nergie","9":"tag-actu","10":"tag-actu-paris","11":"tag-actualites","12":"tag-actualites-paris","13":"tag-conflit","14":"tag-diplomatie","15":"tag-eu","16":"tag-europe","17":"tag-fr","18":"tag-france","19":"tag-iran","20":"tag-news","21":"tag-news-paris","22":"tag-nuclaire","23":"tag-paris","24":"tag-paris-news","25":"tag-prisonniers","26":"tag-republique-francaise","27":"tag-sanctions"},"share_on_mastodon":{"url":"https:\/\/pubeurope.com\/@fr\/114791098924514893","error":""},"_links":{"self":[{"href":"https:\/\/www.europesays.com\/fr\/wp-json\/wp\/v2\/posts\/223921","targetHints":{"allow":["GET"]}}],"collection":[{"href":"https:\/\/www.europesays.com\/fr\/wp-json\/wp\/v2\/posts"}],"about":[{"href":"https:\/\/www.europesays.com\/fr\/wp-json\/wp\/v2\/types\/post"}],"author":[{"embeddable":true,"href":"https:\/\/www.europesays.com\/fr\/wp-json\/wp\/v2\/users\/2"}],"replies":[{"embeddable":true,"href":"https:\/\/www.europesays.com\/fr\/wp-json\/wp\/v2\/comments?post=223921"}],"version-history":[{"count":0,"href":"https:\/\/www.europesays.com\/fr\/wp-json\/wp\/v2\/posts\/223921\/revisions"}],"wp:featuredmedia":[{"embeddable":true,"href":"https:\/\/www.europesays.com\/fr\/wp-json\/wp\/v2\/media\/223922"}],"wp:attachment":[{"href":"https:\/\/www.europesays.com\/fr\/wp-json\/wp\/v2\/media?parent=223921"}],"wp:term":[{"taxonomy":"category","embeddable":true,"href":"https:\/\/www.europesays.com\/fr\/wp-json\/wp\/v2\/categories?post=223921"},{"taxonomy":"post_tag","embeddable":true,"href":"https:\/\/www.europesays.com\/fr\/wp-json\/wp\/v2\/tags?post=223921"}],"curies":[{"name":"wp","href":"https:\/\/api.w.org\/{rel}","templated":true}]}}