{"id":223929,"date":"2025-07-03T20:08:20","date_gmt":"2025-07-03T20:08:20","guid":{"rendered":"https:\/\/www.europesays.com\/fr\/223929\/"},"modified":"2025-07-03T20:08:20","modified_gmt":"2025-07-03T20:08:20","slug":"poutine-et-trump-discutent-de-liran-et-de-lukraine-lors-dun-entretien-telephonique","status":"publish","type":"post","link":"https:\/\/www.europesays.com\/fr\/223929\/","title":{"rendered":"Poutine et Trump discutent de l&rsquo;Iran et de l&rsquo;Ukraine lors d&rsquo;un entretien t\u00e9l\u00e9phonique"},"content":{"rendered":"<p>Jeudi, le pr\u00e9sident am\u00e9ricain Donald Trump et son homologue russe Vladimir Poutine ont discut\u00e9 de l&rsquo;Iran, de l&rsquo;Ukraine et d&rsquo;autres sujets lors d&rsquo;un entretien t\u00e9l\u00e9phonique \u00abfranc et constructif\u00bb, a d\u00e9clar\u00e9 le Kremlin. Il s&rsquo;agissait de leur sixi\u00e8me conversation rendue publique depuis le retour de M. Trump \u00e0 la Maison-Blanche.<\/p>\n<p>Lors de l&rsquo;entretien sur la situation en Iran et au Moyen-Orient, le chef d&rsquo;\u00c9tat russe a soulign\u00e9 la n\u00e9cessit\u00e9 de r\u00e9soudre tous les diff\u00e9rends \u00abexclusivement par des moyens politiques et diplomatiques\u00bb, a rapport\u00e9 Youri Ouchakov, son conseiller aux affaires \u00e9trang\u00e8res. Les dirigeants ont convenu que les responsables russes et am\u00e9ricains maintiendraient des contacts sur cette question, a-t-il ajout\u00e9.<\/p>\n<p>Le 22 juin, les \u00c9tats-Unis ont frapp\u00e9 trois sites en Iran, s&rsquo;immis\u00e7ant ainsi dans la guerre isra\u00e9lienne visant \u00e0 d\u00e9truire le programme nucl\u00e9aire de T\u00e9h\u00e9ran.<\/p>\n<p>Concernant le conflit en Ukraine, M. Ouchakov a d\u00e9clar\u00e9 que M. Trump avait insist\u00e9 sur sa volont\u00e9 d&rsquo;un arr\u00eat rapide des combats, et que M. Poutine avait exprim\u00e9 la volont\u00e9 de Moscou de poursuivre les n\u00e9gociations avec Kyiv, soulignant que les pr\u00e9c\u00e9dentes n\u00e9gociations en Turquie avaient produit des r\u00e9sultats humanitaires.<\/p>\n<p>Parall\u00e8lement, le dirigeant russe a soulign\u00e9 que Moscou s&rsquo;efforcerait d&rsquo;atteindre ses objectifs en Ukraine et d&rsquo;\u00e9liminer les \u00abcauses profondes\u00bb du conflit, a \u00e9galement indiqu\u00e9 M. Ouchakov.<\/p>\n<p>\u00abLa Russie ne reculera pas sur ces objectifs\u00bb, a-t-il dit aux journalistes apr\u00e8s l&rsquo;appel.<\/p>\n<p>Vladimir Poutine a affirm\u00e9 avoir envoy\u00e9 des troupes en Ukraine en f\u00e9vrier 2022 pour parer \u00e0 la menace que repr\u00e9sentait pour la Russie la volont\u00e9 de l&rsquo;Ukraine d&rsquo;adh\u00e9rer \u00e0 l&rsquo;OTAN et afin de prot\u00e9ger les russophones en Ukraine \u2013 des arguments rejet\u00e9s par Kyiv et ses alli\u00e9s. Il a insist\u00e9 sur le fait que tout \u00e9ventuel accord de paix devait voir l&rsquo;Ukraine abandonner sa candidature \u00e0 l&rsquo;OTAN et reconna\u00eetre les gains territoriaux de la Russie.<\/p>\n<p><b>Livraisons d&rsquo;armes<\/b><\/p>\n<p>L&rsquo;appel de jeudi fait suite \u00e0 la confirmation par le Pentagone de la suspension des livraisons d&rsquo;armes \u00e0 l&rsquo;Ukraine, le temps d&rsquo;examiner les stocks militaires am\u00e9ricains. Les armes retenues comprennent des missiles de d\u00e9fense a\u00e9rienne, de l&rsquo;artillerie \u00e0 guidage de pr\u00e9cision et d&rsquo;autres \u00e9quipements.<\/p>\n<p>Les d\u00e9tails concernant les armes contenues dans certaines des livraisons suspendues ont \u00e9t\u00e9 confirm\u00e9s par un responsable am\u00e9ricain et un ancien responsable de la s\u00e9curit\u00e9 nationale au courant du dossier. Ils ont tous deux requis l&rsquo;anonymat afin de discuter de la nature des livraisons, le Pentagone n&rsquo;ayant pas encore fourni de d\u00e9tails.<\/p>\n<p>Selon Youri Ouchakov, la suspension de certaines livraisons d&rsquo;armes am\u00e9ricaines \u00e0 l&rsquo;Ukraine n&rsquo;avait pas \u00e9t\u00e9 \u00e9voqu\u00e9e lors de l&rsquo;entretien entre MM. Trump et Poutine.<\/p>\n<p>Le pr\u00e9sident ukrainien Volodymyr Zelensky a d\u00e9clar\u00e9, alors qu&rsquo;il se trouvait au Danemark pour rencontrer d&rsquo;importants supporteurs au sein de l&rsquo;Union europ\u00e9enne, qu&rsquo;il pourrait s&rsquo;entretenir avec Donald Trump dans les prochains jours au sujet de la suspension des livraisons d&rsquo;armes am\u00e9ricaines.<\/p>\n<p>\u00abJ&rsquo;esp\u00e8re que demain, ou dans les prochains jours, j&rsquo;en parlerai avec le pr\u00e9sident Trump\u00bb, a-t-il dit.<\/p>\n<p>Interrog\u00e9 sur ses attentes concernant l&rsquo;entretien entre les deux dirigeants, le pr\u00e9sident Zelensky a r\u00e9pondu: \u00abJe ne suis pas s\u00fbr qu&rsquo;ils aient beaucoup d&rsquo;id\u00e9es communes ni de sujets de discussion communs, car ce sont des personnes tr\u00e8s diff\u00e9rentes.\u00bb<\/p>\n<p>Le pr\u00e9c\u00e9dent appel entre Donald Trump et Vladimir Poutine dont le public a connaissance a eu lieu le 14 juin, un jour apr\u00e8s l&rsquo;attaque isra\u00e9lienne contre l&rsquo;Iran.<\/p>\n<p>La reprise des contacts entre les deux pr\u00e9sidents semble refl\u00e9ter la volont\u00e9 commune de r\u00e9tablir les relations am\u00e9ricano-russes, qui ont atteint leur plus bas niveau depuis la Guerre froide, en raison du conflit en Ukraine.<\/p>\n<p>Le conseiller aux affaires \u00e9trang\u00e8res russe a indiqu\u00e9 que M. Trump avait inform\u00e9 M. Poutine de son projet de loi de 4500 milliards $ US sur les all\u00e9gements fiscaux et les r\u00e9ductions des d\u00e9penses. Le dirigeant russe lui a souhait\u00e9 un plein succ\u00e8s dans la mise en \u0153uvre de ses projets.<\/p>\n<p>Le conseiller du Kremlin a not\u00e9 que les dirigeants avaient \u00e9galement discut\u00e9 de l&rsquo;\u00e9volution de la situation en Syrie et exprim\u00e9 leur int\u00e9r\u00eat pour la poursuite de projets bilat\u00e9raux dans le secteur de l&rsquo;\u00e9nergie et l&rsquo;exploration spatiale, au cours de ce qu&rsquo;il a d\u00e9crit comme une \u00abconversation franche, professionnelle et concr\u00e8te\u00bb.<\/p>\n<p>M. Ouchakov a ajout\u00e9 que Vladimir Poutine a m\u00eame sugg\u00e9r\u00e9 que les \u00c9tats-Unis et la Russie \u00e9changent des films promouvant \u00ables valeurs traditionnelles que nous partageons avec l&rsquo;administration Trump\u00bb.<\/p>\n<p>Mardi, le chef d&rsquo;\u00c9tat russe et le pr\u00e9sident fran\u00e7ais, Emmanuel Macron, ont eu leur premier entretien t\u00e9l\u00e9phonique direct depuis pr\u00e8s de trois ans.<\/p>\n<p>\u2014<\/p>\n<p>Les journalistes de l&rsquo;Associated Press Aamer Madhani, \u00e0 Washington, et Lorne Cook, \u00e0 Aarhus, au Danemark, ont contribu\u00e9 \u00e0 cette d\u00e9p\u00eache.<\/p>\n<p>Vladimir Isachenkov, The Associated Press<\/p>\n","protected":false},"excerpt":{"rendered":"Jeudi, le pr\u00e9sident am\u00e9ricain Donald Trump et son homologue russe Vladimir Poutine ont discut\u00e9 de l&rsquo;Iran, de l&rsquo;Ukraine&hellip;\n","protected":false},"author":2,"featured_media":223930,"comment_status":"","ping_status":"","sticky":false,"template":"","format":"standard","meta":{"footnotes":""},"categories":[1590],"tags":[11,75,36290,1777,674,3019,5493,12,220,135,36291],"class_list":{"0":"post-223929","1":"post","2":"type-post","3":"status-publish","4":"format-standard","5":"has-post-thumbnail","7":"category-ukraine","8":"tag-actualites","9":"tag-donald-trump","10":"tag-entretien-telephonique","11":"tag-eu","12":"tag-europe","13":"tag-iran","14":"tag-lukraine","15":"tag-news","16":"tag-ukraine","17":"tag-vladimir-poutine","18":"tag-youri-ouchakov"},"share_on_mastodon":{"url":"https:\/\/pubeurope.com\/@fr\/114791114620300847","error":""},"_links":{"self":[{"href":"https:\/\/www.europesays.com\/fr\/wp-json\/wp\/v2\/posts\/223929","targetHints":{"allow":["GET"]}}],"collection":[{"href":"https:\/\/www.europesays.com\/fr\/wp-json\/wp\/v2\/posts"}],"about":[{"href":"https:\/\/www.europesays.com\/fr\/wp-json\/wp\/v2\/types\/post"}],"author":[{"embeddable":true,"href":"https:\/\/www.europesays.com\/fr\/wp-json\/wp\/v2\/users\/2"}],"replies":[{"embeddable":true,"href":"https:\/\/www.europesays.com\/fr\/wp-json\/wp\/v2\/comments?post=223929"}],"version-history":[{"count":0,"href":"https:\/\/www.europesays.com\/fr\/wp-json\/wp\/v2\/posts\/223929\/revisions"}],"wp:featuredmedia":[{"embeddable":true,"href":"https:\/\/www.europesays.com\/fr\/wp-json\/wp\/v2\/media\/223930"}],"wp:attachment":[{"href":"https:\/\/www.europesays.com\/fr\/wp-json\/wp\/v2\/media?parent=223929"}],"wp:term":[{"taxonomy":"category","embeddable":true,"href":"https:\/\/www.europesays.com\/fr\/wp-json\/wp\/v2\/categories?post=223929"},{"taxonomy":"post_tag","embeddable":true,"href":"https:\/\/www.europesays.com\/fr\/wp-json\/wp\/v2\/tags?post=223929"}],"curies":[{"name":"wp","href":"https:\/\/api.w.org\/{rel}","templated":true}]}}