{"id":223931,"date":"2025-07-03T20:09:10","date_gmt":"2025-07-03T20:09:10","guid":{"rendered":"https:\/\/www.europesays.com\/fr\/223931\/"},"modified":"2025-07-03T20:09:10","modified_gmt":"2025-07-03T20:09:10","slug":"le-dollar-en-hausse-a-la-suite-de-lemploi-americain","status":"publish","type":"post","link":"https:\/\/www.europesays.com\/fr\/223931\/","title":{"rendered":"Le dollar en hausse \u00e0 la suite de l&#8217;emploi am\u00e9ricain"},"content":{"rendered":"<p class=\"fig-paragraph\">Le dollar prend de la vitesse jeudi, soutenu par des\u00a0<a href=\"http:\/\/www.lefigaro.fr\/flash-eco\/aux-etats-unis-le-taux-de-chomage-recule-a-4-1-en-juin-plus-de-creations-d-emplois-qu-attendu-20250703\" data-fig-type=\"NewsFlash\" data-gtm-custom-categorie=\"navigation\" data-gtm-custom-action=\"crossclick\" data-gtm-custom-label=\"Contextuel\" data-gtm-event=\"customEventSPE\" data-fig-domain=\"LEFIGARO\" target=\"_blank\" rel=\"noopener\">chiffres de l&#8217;emploi<\/a>\u00a0meilleurs qu&rsquo;attendu aux \u00c9tats-Unis pour le mois de juin, ce qui minimise, selon les analystes, la probabilit\u00e9 d&rsquo;une baisse de taux de la Fed en juillet. Apr\u00e8s avoir d\u00e9marr\u00e9 la s\u00e9ance \u00e0 plat, vers 19H00 GMT, le billet vert monte de 0,44% par rapport \u00e0 l&rsquo;euro, \u00e0 1,1748 dollar. Le Dollar index, qui compare la\u00a0<a href=\"http:\/\/www.lefigaro.fr\/conjoncture\/en-dix-ans-les-pays-en-developpement-ont-collecte-9-milliards-de-dollars-grace-aux-inspecteurs-des-impots-sans-frontieres-20250702\" data-fig-type=\"Article\" data-gtm-custom-categorie=\"navigation\" data-gtm-custom-action=\"crossclick\" data-gtm-custom-label=\"Contextuel\" data-gtm-event=\"customEventSPE\" data-fig-domain=\"LEFIGARO\" target=\"_blank\" rel=\"noopener\">devise am\u00e9ricaine<\/a>\u00a0\u00e0 un panier d&rsquo;autres monnaies, gagne pour sa part 0,39% \u00e0 97,16 points.<\/p>\n<p class=\"fig-paragraph\">\u00abLes choses ont chang\u00e9 ce matin\u00bb pour le billet vert \u00ab\u00e0 la suite d&rsquo;un rapport sur l&#8217;emploi am\u00e9ricain \u00e9tonnamment positif\u00bb, r\u00e9sument les analystes de Monex USA. La premi\u00e8re \u00e9conomie mondiale a cr\u00e9\u00e9 147.000 emplois en juin, soit davantage que ce qui \u00e9tait envisag\u00e9 par les acteurs de la finance (110.000, selon le consensus publi\u00e9 par MarketWatch), et autant qu&rsquo;en mai (144.000, apr\u00e8s r\u00e9vision en hausse), selon le rapport mensuel du minist\u00e8re du Travail. Le taux de ch\u00f4mage a lui l\u00e9g\u00e8rement recul\u00e9, passant de 4,2% \u00e0 4,1%, un niveau consid\u00e9r\u00e9 comme proche du plein-emploi.<\/p>\n<p>                                    <a class=\"fig-a11y-skip a11y-hidden\" href=\"#fig-a11y-skip-main-inarticle\"><br \/>\n        Passer la publicit\u00e9<br \/>\n    <\/a><\/p>\n<p>\u00abBig Beautiful Law\u00bb<\/p>\n<p class=\"fig-paragraph\">De quoi conforter la Fed dans l&rsquo;id\u00e9e qu&rsquo;il n&rsquo;y a pas d&rsquo;urgence \u00e0 baisser ses taux d&rsquo;int\u00e9r\u00eat. Seulement 4,65% des acteurs du march\u00e9 s&rsquo;attendent d\u00e9sormais \u00e0 une baisse des taux en juillet, selon l&rsquo;outil de suivi de CME FedWatch, alors qu&rsquo;ils \u00e9taient plus de 20% la veille.<\/p>\n<p class=\"fig-paragraph\">Par ailleurs, le Congr\u00e8s am\u00e9ricain a d\u00e9finitivement adopt\u00e9 jeudi l&rsquo;imposant projet de loi budg\u00e9taire voulu par Donald Trump, lors d&rsquo;un ultime vote serr\u00e9 \u00e0 la Chambre des repr\u00e9sentants. Le texte devrait accro\u00eetre la dette des \u00c9tats-Unis de plus de 3.000 milliards de dollars au cours de la prochaine d\u00e9cennie. Il comprend une extension d&rsquo;importants cr\u00e9dits d&rsquo;imp\u00f4t pour la plupart des m\u00e9nages, contrebalanc\u00e9e en partie par de larges coupes dans le programme public d&rsquo;assurance sant\u00e9 des Am\u00e9ricains aux revenus les plus modestes.<\/p>\n<p class=\"fig-paragraph\">Cette loi \u00absuscite des inqui\u00e9tudes quant \u00e0 la viabilit\u00e9 de l&#8217;emprunt am\u00e9ricain\u00bb, ce qui \u00abternit la r\u00e9putation de valeur refuge du dollar\u00bb, r\u00e9sume Susannah Streeter, analyste chez Hargreaves Lansdown. Apr\u00e8s s&rsquo;\u00eatre effondr\u00e9e mercredi, la devise britannique est stable face au dollar (+0,03%), \u00e0 1,3640 dollar.<\/p>\n<p class=\"fig-paragraph\">La veille, la livre sterling \u00e9tait brutalement tomb\u00e9e apr\u00e8s les larmes de la ministre des Finances britanniques Rachel Reeves, qui ont co\u00efncid\u00e9 avec un moment o\u00f9 le Premier ministre Keir Starmer a manqu\u00e9 de lui apporter son soutien devant le Parlement. Cet \u00e9pisode a entra\u00een\u00e9 \u00abla mont\u00e9e des sp\u00e9culations sur un \u00e9ventuel remplacement ou une d\u00e9mission de la chanceli\u00e8re (de l&rsquo;\u00c9chiquier, son titre officiel, NDLR), ce qui a accru l&rsquo;incertitude quant aux perspectives de la politique budg\u00e9taire du gouvernement\u00bb, explique Lee Hardman, analyste chez MUFG.<\/p>\n","protected":false},"excerpt":{"rendered":"Le dollar prend de la vitesse jeudi, soutenu par des\u00a0chiffres de l&#8217;emploi\u00a0meilleurs qu&rsquo;attendu aux \u00c9tats-Unis pour le mois&hellip;\n","protected":false},"author":2,"featured_media":223932,"comment_status":"","ping_status":"","sticky":false,"template":"","format":"standard","meta":{"footnotes":""},"categories":[1589],"tags":[11,214,7511,73,1866,12,1864,1865,1863,308],"class_list":{"0":"post-223931","1":"post","2":"type-post","3":"status-publish","4":"format-standard","5":"has-post-thumbnail","7":"category-etats-unis","8":"tag-actualites","9":"tag-chomage","10":"tag-dollar","11":"tag-etats-unis","12":"tag-etats-unis-damerique","13":"tag-news","14":"tag-united-states","15":"tag-united-states-of-america","16":"tag-us","17":"tag-usa"},"share_on_mastodon":{"url":"https:\/\/pubeurope.com\/@fr\/114791118586240564","error":""},"_links":{"self":[{"href":"https:\/\/www.europesays.com\/fr\/wp-json\/wp\/v2\/posts\/223931","targetHints":{"allow":["GET"]}}],"collection":[{"href":"https:\/\/www.europesays.com\/fr\/wp-json\/wp\/v2\/posts"}],"about":[{"href":"https:\/\/www.europesays.com\/fr\/wp-json\/wp\/v2\/types\/post"}],"author":[{"embeddable":true,"href":"https:\/\/www.europesays.com\/fr\/wp-json\/wp\/v2\/users\/2"}],"replies":[{"embeddable":true,"href":"https:\/\/www.europesays.com\/fr\/wp-json\/wp\/v2\/comments?post=223931"}],"version-history":[{"count":0,"href":"https:\/\/www.europesays.com\/fr\/wp-json\/wp\/v2\/posts\/223931\/revisions"}],"wp:featuredmedia":[{"embeddable":true,"href":"https:\/\/www.europesays.com\/fr\/wp-json\/wp\/v2\/media\/223932"}],"wp:attachment":[{"href":"https:\/\/www.europesays.com\/fr\/wp-json\/wp\/v2\/media?parent=223931"}],"wp:term":[{"taxonomy":"category","embeddable":true,"href":"https:\/\/www.europesays.com\/fr\/wp-json\/wp\/v2\/categories?post=223931"},{"taxonomy":"post_tag","embeddable":true,"href":"https:\/\/www.europesays.com\/fr\/wp-json\/wp\/v2\/tags?post=223931"}],"curies":[{"name":"wp","href":"https:\/\/api.w.org\/{rel}","templated":true}]}}