{"id":223935,"date":"2025-07-03T20:11:10","date_gmt":"2025-07-03T20:11:10","guid":{"rendered":"https:\/\/www.europesays.com\/fr\/223935\/"},"modified":"2025-07-03T20:11:10","modified_gmt":"2025-07-03T20:11:10","slug":"un-syrien-attaque-et-blesse-quatre-passagers-dun-train","status":"publish","type":"post","link":"https:\/\/www.europesays.com\/fr\/223935\/","title":{"rendered":"un Syrien attaque et blesse quatre passagers d\u2019un train"},"content":{"rendered":"<p>Un Syrien a attaqu\u00e9 jeudi 3\u00a0juillet, avec une hache et un marteau, quatre passagers d\u2019un train circulant entre Hambourg et Vienne, les blessant avant d\u2019\u00eatre bless\u00e9 \u00e0 son tour et d\u2019\u00eatre arr\u00eat\u00e9, ont indiqu\u00e9 les autorit\u00e9s allemandes.<\/p>\n<p>\u00ab\u00a0Vers 13\u00a0h\u00a055, un homme a bless\u00e9 plusieurs personnes dans un ICE (InterCity-Express) en direction de Vienne\u00a0\u00bb alors que le train circulait en Bavi\u00e8re (sud-est), a indiqu\u00e9 la police locale dans un premier communiqu\u00e9. Le suspect est un Syrien de 20\u00a0ans et trois des quatre passagers bless\u00e9s, \u00e2g\u00e9s de 15, 24 et 51\u00a0ans, sont \u00e9galement de nationalit\u00e9 syrienne, a indiqu\u00e9 la police dans un second communiqu\u00e9. La derni\u00e8re victime est \u00e2g\u00e9e de 38\u00a0ans.<\/p>\n<p>Le suspect ma\u00eetris\u00e9 par d\u2019autres passagers<\/p>\n<p>Il a pu \u00ab\u00a0\u00eatre ma\u00eetris\u00e9 par d\u2019autres passagers\u00a0\u00bb avant d\u2019\u00eatre arr\u00eat\u00e9 par les forces de l\u2019ordre. \u00ab\u00a0L\u2019homme a \u00e9t\u00e9 gravement bless\u00e9\u00a0\u00bb lors de sa neutralisation \u00ab\u00a0et re\u00e7oit actuellement des soins m\u00e9dicaux\u00a0\u00bb, a pr\u00e9cis\u00e9 la police.<\/p>\n<p>Le suspect avait \u00ab\u00a0apparemment un marteau et une hache\u00a0\u00bb au moment de l\u2019attaque mais les enqu\u00eateurs ne savent pas encore \u00ab\u00a0dans quelle mesure ces deux objets ont \u00e9t\u00e9 utilis\u00e9s simultan\u00e9ment ou ind\u00e9pendamment\u00a0\u00bb, a indiqu\u00e9 G\u00fcnther Tomaschko, porte-parole de la police.<\/p>\n<p>L\u2019\u00e9ventuel motif et les circonstances de l\u2019attaque restent \u00e0 \u00e9claircir. G\u00fcnther Tomaschko a dit ne pas vouloir \u00ab\u00a0sp\u00e9culer\u00a0\u00bb sur un \u00e9ventuel lien pr\u00e9existant entre les personnes de nationalit\u00e9 syrienne.<\/p>\n<p>Selon le ministre bavarois de l\u2019int\u00e9rieur Joachim Herrmann, le suspect est \u00ab\u00a0arriv\u00e9 en Autriche en tant que r\u00e9fugi\u00e9\u00a0\u00bb et \u00ab\u00a0se d\u00e9pla\u00e7ait l\u00e9galement\u00a0\u00bb apr\u00e8s avoir obtenu un titre de s\u00e9jour dans ce pays. Il a \u00ab\u00a0suivi une proc\u00e9dure de demande d\u2019asile en Autriche\u00a0\u00bb et n\u2019est \u00ab\u00a0jamais apparu d\u2019aucune mani\u00e8re en Bavi\u00e8re\u00a0\u00bb, a-t-il ajout\u00e9 lors d\u2019un point presse \u00e0 Munich.<\/p>\n<p>Train \u00e0 l\u2019arr\u00eat<\/p>\n<p>Les autorit\u00e9s autrichiennes m\u00e8nent l\u2019enqu\u00eate de leur c\u00f4t\u00e9 \u00ab\u00a0pour d\u00e9terminer dans quelle mesure il avait d\u00e9j\u00e0 attir\u00e9 l\u2019attention\u00a0\u00bb et conna\u00eetre son parcours dans la r\u00e9gion de Vienne \u00ab\u00a0o\u00f9 il r\u00e9sidait probablement\u00a0\u00bb, a encore dit M.\u00a0Herrmann.<\/p>\n<p>Parmi ses victimes pr\u00e9sum\u00e9es figurent \u00ab\u00a0une femme syrienne et le fils de cette femme\u00a0\u00bb, a-t-il aussi pr\u00e9cis\u00e9. S i la police n\u2019a pas pu pr\u00e9ciser la gravit\u00e9 des blessures, aucune vie ne se trouvait en danger.<\/p>\n<p>L\u2019intervention des forces de l\u2019ordre et des secours a mis \u00e0 l\u2019arr\u00eat le train pendant toute l\u2019apr\u00e8s-midi et entra\u00een\u00e9 le bouclage de la voie ferr\u00e9e. Les 430 passagers ont \u00e9t\u00e9 accueillis dans un gymnase o\u00f9 boissons et nourriture leur ont \u00e9t\u00e9 fournies, a pr\u00e9cis\u00e9 G\u00fcnther Tomaschko. En fin de journ\u00e9e, ils s\u2019appr\u00eataient \u00e0 repartir \u00e0 bord de bus sp\u00e9cialement affr\u00e9t\u00e9s pour les acheminer \u00e0 destination.<\/p>\n<p>L\u2019Allemagne a connu ces derniers mois <a href=\"https:\/\/www.la-croix.com\/international\/allemagne-a-dix-jours-des-elections-le-pays-de-nouveau-frappe-par-une-attaque-20250213\" data-tracking=\"inpage_click\" data-tracking-action=\"suivre un lien dans l&#039;article\" data-tracking-category=\"engagement\" rel=\"nofollow noopener\" target=\"_blank\">plusieurs attaques meurtri\u00e8res<\/a> \u00e0 l\u2019arme blanche, ainsi que des attentats \u00e0 motif djihadiste et des violences d\u2019extr\u00eame droite qui ont mis au premier plan les questions de s\u00e9curit\u00e9.<\/p>\n<p>Cette attaque pr\u00e9sum\u00e9e intervient aussi le jour o\u00f9 l\u2019Autriche a annonc\u00e9 l\u2019expulsion dans son pays d\u2019origine d\u2019un criminel syrien, une premi\u00e8re dans l\u2019Union europ\u00e9enne ces derni\u00e8res ann\u00e9es.<\/p>\n<p>L\u2019Allemagne souhaite \u00e9galement <a href=\"https:\/\/www.la-croix.com\/allemagne-le-durcissement-migratoire-de-friedrich-merz-retoque-20250602\" data-tracking=\"inpage_click\" data-tracking-action=\"suivre un lien dans l&#039;article\" data-tracking-category=\"engagement\" rel=\"nofollow noopener\" target=\"_blank\">revoir ses pratiques concernant les ressortissants syriens<\/a> alors que la Syrie \u00e9tait jusqu\u2019\u00e0 pr\u00e9sent consid\u00e9r\u00e9e comme trop dangereuse pour autoriser des renvois et qu\u2019il n\u2019existait pas de relations diplomatiques avec le r\u00e9gime de l\u2019ancien dirigeant Bachar al-Assad.<\/p>\n","protected":false},"excerpt":{"rendered":"Un Syrien a attaqu\u00e9 jeudi 3\u00a0juillet, avec une hache et un marteau, quatre passagers d\u2019un train circulant entre&hellip;\n","protected":false},"author":2,"featured_media":223936,"comment_status":"","ping_status":"","sticky":false,"template":"","format":"standard","meta":{"footnotes":""},"categories":[1587],"tags":[11,672,1804,1805,1803,1777,674,1801,12,1802],"class_list":{"0":"post-223935","1":"post","2":"type-post","3":"status-publish","4":"format-standard","5":"has-post-thumbnail","7":"category-allemagne","8":"tag-actualites","9":"tag-allemagne","10":"tag-bundesrepublik-deutschland","11":"tag-de","12":"tag-deutschland","13":"tag-eu","14":"tag-europe","15":"tag-germany","16":"tag-news","17":"tag-republique-federale-dallemagne"},"share_on_mastodon":{"url":"https:\/\/pubeurope.com\/@fr\/114791126415978009","error":""},"_links":{"self":[{"href":"https:\/\/www.europesays.com\/fr\/wp-json\/wp\/v2\/posts\/223935","targetHints":{"allow":["GET"]}}],"collection":[{"href":"https:\/\/www.europesays.com\/fr\/wp-json\/wp\/v2\/posts"}],"about":[{"href":"https:\/\/www.europesays.com\/fr\/wp-json\/wp\/v2\/types\/post"}],"author":[{"embeddable":true,"href":"https:\/\/www.europesays.com\/fr\/wp-json\/wp\/v2\/users\/2"}],"replies":[{"embeddable":true,"href":"https:\/\/www.europesays.com\/fr\/wp-json\/wp\/v2\/comments?post=223935"}],"version-history":[{"count":0,"href":"https:\/\/www.europesays.com\/fr\/wp-json\/wp\/v2\/posts\/223935\/revisions"}],"wp:featuredmedia":[{"embeddable":true,"href":"https:\/\/www.europesays.com\/fr\/wp-json\/wp\/v2\/media\/223936"}],"wp:attachment":[{"href":"https:\/\/www.europesays.com\/fr\/wp-json\/wp\/v2\/media?parent=223935"}],"wp:term":[{"taxonomy":"category","embeddable":true,"href":"https:\/\/www.europesays.com\/fr\/wp-json\/wp\/v2\/categories?post=223935"},{"taxonomy":"post_tag","embeddable":true,"href":"https:\/\/www.europesays.com\/fr\/wp-json\/wp\/v2\/tags?post=223935"}],"curies":[{"name":"wp","href":"https:\/\/api.w.org\/{rel}","templated":true}]}}