{"id":223947,"date":"2025-07-03T20:19:16","date_gmt":"2025-07-03T20:19:16","guid":{"rendered":"https:\/\/www.europesays.com\/fr\/223947\/"},"modified":"2025-07-03T20:19:16","modified_gmt":"2025-07-03T20:19:16","slug":"apres-des-galeres-il-revit-avec-france-u20","status":"publish","type":"post","link":"https:\/\/www.europesays.com\/fr\/223947\/","title":{"rendered":"apr\u00e8s des gal\u00e8res, il revit avec France U20"},"content":{"rendered":"<p>            Par<br \/>\n        <strong><br \/>\n            <a href=\"https:\/\/actu.fr\/auteur\/clement-mazella\" title=\"Consulter tous les articles de Cl\u00e9ment Mazella\" rel=\"nofollow noopener\" target=\"_blank\">Cl\u00e9ment Mazella<\/a><br \/>\n        <\/strong><\/p>\n<p>        Publi\u00e9 le<\/p>\n<p>            3 juil. 2025 \u00e0 17h56        <\/p>\n<p>Vendredi 4 juillet, <a href=\"https:\/\/actu.fr\/rugby\/joueur\/gourgues_6547dcd8bc7b39197cfa306e\/\" rel=\"nofollow noopener\" target=\"_blank\">Kalvin Gourgues<\/a> va enfin disputer un match de <strong>Coupe du monde U20<\/strong>. L\u2019an pass\u00e9, bless\u00e9 en demi-finale Espoirs avec <a href=\"https:\/\/actu.fr\/rugby\/equipe\/toulouse_64dd31517b8c09c4fec880ad\/\" rel=\"nofollow noopener\" target=\"_blank\">Toulouse<\/a>, il avait d\u00fb renoncer au Mondial en Afrique du Sud, durant lequel la France s\u2019\u00e9tait hiss\u00e9e en finale. Participer \u00e0 l\u2019\u00e9dition 2025 constitue pour lui un vrai rayon de soleil, apr\u00e8s <strong>une ann\u00e9e gal\u00e8re<\/strong> o\u00f9 il a pass\u00e9 la majeure partie de son temps entre les mains du staff m\u00e9dical. Face au pays de Galles, vendredi, \u00e0 Rovigo, le 3\/4 de Toulouse \u00ab\u00a0a h\u00e2te d\u2019entrer en jeu\u00a0\u00bb pour aider les Bleuets, lui qui \u00e9tait porteur d\u2019eau lors de la large victoire (49-11) contre l\u2019Espagne lors de la premi\u00e8re journ\u00e9e.<\/p>\n<p>Une saison gal\u00e8re pour Kalvin Gourgues<\/p>\n<p class=\" wall-content\">Dire que la saison de Kalvin Gourgues fut une gal\u00e8re est un doux euph\u00e9misme. La poisse s\u2019est abattue sur lui \u00e0 la fin du printemps 2024. Il n\u2019a pas jou\u00e9 durant 11 mois au total, entre un p\u00e9pin en demi-finale Espoirs puis une rechute d\u2019une vieille blessure. \u00ab\u00a0C\u2019est long \u00e0 expliquer, mais c\u2019\u00e9tait en gros un probl\u00e8me \u00e0 une art\u00e8re et de circulation sanguine. J\u2019ai \u00e9t\u00e9 bien suivi par des chirurgiens et angiologues qui ont bien r\u00e9solu le probl\u00e8me. Maintenant, tout cela est derri\u00e8re moi\u00a0\u00bb, raconte l\u2019int\u00e9ress\u00e9.<\/p>\n<p class=\" wall-content\">Mais le temps, lui, fut long. \u00ab\u00a0Je n\u2019ai pas beaucoup jou\u00e9, et je ne vous cache pas que ce n\u2019est pas l\u2019ann\u00e9e que je garderai en m\u00e9moire\u00a0\u00bb, reconna\u00eet le gar\u00e7on de 20 ans. Qui positive tout de m\u00eame : \u00ab\u00a0La saison fut compliqu\u00e9e, mais elle m\u2019a permis de me recentrer sur moi-m\u00eame et de pouvoir me d\u00e9velopper en tant qu\u2019\u00eatre humain et pas uniquement en tant que rugbyman\u00a0\u00bb.<\/p>\n<p class=\" wall-content\">D\u00e8s qu\u2019il avait la possibilit\u00e9 de rechausser les crampons pour courir, il s\u2019entra\u00eenait beaucoup : \u00ab\u00a0Je n\u2019ai pas l\u00e2ch\u00e9, d\u00e8s que je pouvais reprendre, j\u2019y allais \u00e0 fond\u00a0\u00bb. Mais voil\u00e0, sa saison 2024-2025 ne fut sanctionn\u00e9e que de 3 matchs, se donnant une entorse \u00e0 une cheville en quart de finale du championnat Espoirs.<\/p>\n<p>Au top de sa forme<\/p>\n<p class=\" wall-content\">Une blessure tomb\u00e9e au pire des moments. Celle-ci signifiait en grande partie une nouvelle absence pour la Coupe du monde U20. \u00ab\u00a0Cette blessure m\u2019a mis un coup au moral avant le Mondial car je me sentais au top. Je n\u2019ai pas baiss\u00e9 les bras, j\u2019ai essay\u00e9 de gu\u00e9rir le plus vite possible. Malheureusement, je n\u2019\u00e9tais pas dans le groupe de 30 en raison de ma forme physique qui \u00e9tait moins bien\u00a0\u00bb, explique Kalvin Gourgues.<\/p>\n<p class=\" wall-content\">Pas dans les 30, mais pr\u00e9sent tout de m\u00eame parmi les r\u00e9servistes. \u00ab\u00a0J\u2019\u00e9tais tr\u00e8s reconnaissant et heureux. Mine de rien, je n\u2019ai fait que 3 matchs en Espoirs cette ann\u00e9e. J\u2019\u00e9tais content d\u2019\u00eatre parmi les r\u00e9servistes, car je sais la gal\u00e8re que j\u2019ai v\u00e9cue. Je ne l\u2019ai pas pris comme une d\u00e9faite. Le moindre \u00e9v\u00e9nement ou la moindre possibilit\u00e9 de jouer, je le prends comme un cadeau du ciel. C\u2019\u00e9tait d\u00e9j\u00e0 une r\u00e9compense d\u2019\u00eatre dans le groupe \u00e9largi\u00a0\u00bb.\u00a0<\/p>\n<p class=\" wall-content\">Et le destin lui a enfin souri. Le forfait de Fabien Brau-Boirie lui a permis de prendre l\u2019avion pour l\u2019Italie et la Coupe du monde U20. \u00ab\u00a0D\u2019un point de vue physique, je me sens au top. Il n\u2019y a pas d\u2019appr\u00e9hension au sujet de ma cheville ou les divers soucis que j\u2019ai eus avant. Actuellement, je me sens au pic de ma forme\u00a0\u00bb. Et c\u2019est une super nouvelle tant Kalvin Gourgues est vu comme l\u2019un des \u00e9l\u00e9ments les plus prometteurs de sa g\u00e9n\u00e9ration.<\/p>\n<p class=\" wall-content\">Suivez toute l\u2019actualit\u00e9 de vos villes et m\u00e9dias favoris en vous inscrivant \u00e0 <a href=\"https:\/\/moncompte.actu.fr\" title=\"D\u00e9couvez Mon Actu\" rel=\"nofollow noopener\" data-trk=\"{&quot;cta&quot;:{&quot;action&quot;:&quot;https:\\\/\\\/moncompte.actu.fr&quot;,&quot;category&quot;:&quot;mon compte&quot;,&quot;from&quot;:&quot;article footer&quot;,&quot;name&quot;:&quot;Mon actu&quot;,&quot;type&quot;:&quot;cta&quot;}}\" target=\"_blank\">Mon Actu<\/a>.<\/p>\n","protected":false},"excerpt":{"rendered":"Par Cl\u00e9ment Mazella Publi\u00e9 le 3 juil. 2025 \u00e0 17h56 Vendredi 4 juillet, Kalvin Gourgues va enfin disputer&hellip;\n","protected":false},"author":2,"featured_media":223948,"comment_status":"","ping_status":"","sticky":false,"template":"","format":"standard","meta":{"footnotes":""},"categories":[1416],"tags":[451,1011,27,479,1468,60,476,513],"class_list":{"0":"post-223947","1":"post","2":"type-post","3":"status-publish","4":"format-standard","5":"has-post-thumbnail","7":"category-rugby","8":"tag-coupe-du-monde","9":"tag-fr","10":"tag-france","11":"tag-rugby","12":"tag-rugby-football","13":"tag-sports","14":"tag-stade-toulousain","15":"tag-xv-de-france"},"share_on_mastodon":{"url":"https:\/\/pubeurope.com\/@fr\/114791157830623853","error":""},"_links":{"self":[{"href":"https:\/\/www.europesays.com\/fr\/wp-json\/wp\/v2\/posts\/223947","targetHints":{"allow":["GET"]}}],"collection":[{"href":"https:\/\/www.europesays.com\/fr\/wp-json\/wp\/v2\/posts"}],"about":[{"href":"https:\/\/www.europesays.com\/fr\/wp-json\/wp\/v2\/types\/post"}],"author":[{"embeddable":true,"href":"https:\/\/www.europesays.com\/fr\/wp-json\/wp\/v2\/users\/2"}],"replies":[{"embeddable":true,"href":"https:\/\/www.europesays.com\/fr\/wp-json\/wp\/v2\/comments?post=223947"}],"version-history":[{"count":0,"href":"https:\/\/www.europesays.com\/fr\/wp-json\/wp\/v2\/posts\/223947\/revisions"}],"wp:featuredmedia":[{"embeddable":true,"href":"https:\/\/www.europesays.com\/fr\/wp-json\/wp\/v2\/media\/223948"}],"wp:attachment":[{"href":"https:\/\/www.europesays.com\/fr\/wp-json\/wp\/v2\/media?parent=223947"}],"wp:term":[{"taxonomy":"category","embeddable":true,"href":"https:\/\/www.europesays.com\/fr\/wp-json\/wp\/v2\/categories?post=223947"},{"taxonomy":"post_tag","embeddable":true,"href":"https:\/\/www.europesays.com\/fr\/wp-json\/wp\/v2\/tags?post=223947"}],"curies":[{"name":"wp","href":"https:\/\/api.w.org\/{rel}","templated":true}]}}