{"id":223951,"date":"2025-07-03T20:21:29","date_gmt":"2025-07-03T20:21:29","guid":{"rendered":"https:\/\/www.europesays.com\/fr\/223951\/"},"modified":"2025-07-03T20:21:29","modified_gmt":"2025-07-03T20:21:29","slug":"basket-les-joueuses-internationales-pourront-desormais-concilier-equipe-de-france-et-wnba","status":"publish","type":"post","link":"https:\/\/www.europesays.com\/fr\/223951\/","title":{"rendered":"Basket\u00a0: les joueuses internationales pourront d\u00e9sormais concilier \u00e9quipe de France et WNBA"},"content":{"rendered":"<p class=\"paragraph text_align_left lp-f-body-02\">Les internationales pourront concilier en amont des prochaines comp\u00e9titions internationales la WNBA et l\u2019\u00e9quipe de France, ont indiqu\u00e9 mercredi les dirigeants de la <a href=\"https:\/\/www.leparisien.fr\/jo-paris-2024\/basketball\/detection-formation-talents-pourquoi-le-basket-francais-est-le-deuxieme-meilleur-du-monde-14-08-2024-JOXRTR54IRGBPCGTN3ZHGTGV3M.php\" target=\"_blank\" rel=\"noopener\">F\u00e9d\u00e9ration fran\u00e7aise de basket<\/a>.<\/p>\n<p class=\"paragraph text_align_left lp-f-body-02\">\u00ab Aujourd\u2019hui, la volont\u00e9 de nous tous, c\u2019est de laisser les joueuses vivre leur vie, et \u00e7a veut dire pour certaines les laisser-aller en WNBA (la ligue professionnelle nord-am\u00e9ricaine de basket f\u00e9minin) \u00bb, a d\u00e9clar\u00e9 Jean-Pierre Siutat, le pr\u00e9sident de la F\u00e9d\u00e9ration.<\/p>\n<p class=\"paragraph text_align_left lp-f-body-02\">Cette pr\u00e9cision, effectu\u00e9e lors de l\u2019annonce de la prolongation de Jean-Aim\u00e9 Toupane \u00e0 la t\u00eate des Bleues, fait suite \u00e0 la pol\u00e9mique autour du cas de <a href=\"https:\/\/www.leparisien.fr\/sports\/on-se-fera-taper-dessus-mais-on-assume-jean-pierre-siutat-valide-la-mise-a-lecart-de-marine-johannes-25-05-2023-LQ64ECS5IZEMLHUVOYX6NVMZFE.php\" target=\"_blank\" rel=\"noopener\">Marine Johann\u00e8s<\/a> \u00e0 l\u2019\u00e9t\u00e9 2023. L\u2019encadrement des Bleues avait refus\u00e9 qu\u2019elle rejoigne la pr\u00e9paration \u00e0 l\u2019Euro en cours de route, au nom de la coh\u00e9sion de groupe, pour faire un aller-retour dans sa franchise de New York, une d\u00e9cision qui avait d\u00e9bouch\u00e9 sur sa non-s\u00e9lection.<\/p>\n<p class=\"paragraph text_align_left lp-f-body-02\">Un an avant les Jeux olympiques de Paris, la F\u00e9d\u00e9ration avait finalement maintenu cette r\u00e8gle, accept\u00e9e par les joueuses concern\u00e9es (Johann\u00e8s, Gabby Williams, Iliana Rupert). Mais <a href=\"https:\/\/www.leparisien.fr\/sports\/basket\/basket-apres-des-jo-de-haut-niveau-gabby-williams-retourne-a-seattle-pour-la-fin-de-la-saison-wnba-20-08-2024-3KPBTD2XHVAD5EAK5OFOAYU63Q.php\" target=\"_blank\" rel=\"noopener\">Williams<\/a> notamment, meilleure joueuse des Bleues lors du tournoi olympique o\u00f9 elles ont d\u00e9croch\u00e9 la m\u00e9daille d\u2019argent, avait indiqu\u00e9 qu\u2019elle ne <a href=\"https:\/\/www.leparisien.fr\/sports\/basket\/les-etats-unis-ne-sont-pas-le-monde-entier-la-colere-de-gabby-williams-sur-la-priorization-rule-en-wnba-24-08-2024-6UKXXNV3QVB6HGMNJQSR3VFR3Q.php\" target=\"_blank\" rel=\"noopener\">renoncerait pas<\/a> chaque \u00e9t\u00e9 \u00e0 la saison de WNBA (de mi-mai \u00e0 mi-septembre), lucrative et sportivement tr\u00e8s relev\u00e9e, apr\u00e8s celle disput\u00e9e en Europe.<\/p>\n<p class=\"paragraph text_align_left lp-f-body-02\">Les joueuses \u00e9ventuellement concern\u00e9es, dont le nombre est probablement amen\u00e9 \u00e0 augmenter (Lacan, Fauthoux, Leite, Sala\u00fcn, Malonga), pourront donc, d\u00e8s l\u2019Euro 2025 (19 au 29 juin en Italie, Gr\u00e8ce, R\u00e9publique tch\u00e8que et Allemagne), rejoindre le groupe France seulement 14 jours avant le d\u00e9but de la comp\u00e9tition, comme l\u2019exige l\u2019accord entre la WNBA et la Fiba (F\u00e9d\u00e9ration internationale).<\/p>\n<p class=\"paragraph text_align_left lp-f-body-02\">\u00ab On commencera la pr\u00e9paration avec les filles qui seront disponibles puis, dans un deuxi\u00e8me temps, les filles qui viendraient de la WNBA, nous rejoindrons. Et \u00e0 l\u2019issue de cette pr\u00e9paration on fera la s\u00e9lection pour l\u2019Euro \u00bb, a expliqu\u00e9 Toupane.<\/p>\n<p class=\"paragraph text_align_left lp-f-body-02\">La <a href=\"https:\/\/www.leparisien.fr\/sports\/basket\/sarr-et-risacher-affolent-la-draft-nba-un-an-apres-wembanyama-la-france-est-lun-des-pays-les-plus-scrutes-26-06-2024-6CIXFJAF6FG3DE2MDXWOU6ZHJ4.php\" target=\"_blank\" rel=\"noopener\">NBA<\/a> est tenue de lib\u00e9rer les internationaux 28 jours avant les comp\u00e9titions : \u00ab On a un travail \u00e0 effectuer pour que les d\u00e9lais soient identiques et qu\u2019il soit, \u00e9videmment, port\u00e9 \u00e0 28 jours \u00bb pour les joueuses, a estim\u00e9 le directeur technique national Alain Contensoux.<\/p>\n","protected":false},"excerpt":{"rendered":"Les internationales pourront concilier en amont des prochaines comp\u00e9titions internationales la WNBA et l\u2019\u00e9quipe de France, ont indiqu\u00e9&hellip;\n","protected":false},"author":2,"featured_media":223952,"comment_status":"","ping_status":"","sticky":false,"template":"","format":"standard","meta":{"footnotes":""},"categories":[1414],"tags":[1465,1464,1011,27,60],"class_list":{"0":"post-223951","1":"post","2":"type-post","3":"status-publish","4":"format-standard","5":"has-post-thumbnail","7":"category-basket","8":"tag-basket","9":"tag-basketball","10":"tag-fr","11":"tag-france","12":"tag-sports"},"share_on_mastodon":{"url":"https:\/\/pubeurope.com\/@fr\/114791165693164249","error":""},"_links":{"self":[{"href":"https:\/\/www.europesays.com\/fr\/wp-json\/wp\/v2\/posts\/223951","targetHints":{"allow":["GET"]}}],"collection":[{"href":"https:\/\/www.europesays.com\/fr\/wp-json\/wp\/v2\/posts"}],"about":[{"href":"https:\/\/www.europesays.com\/fr\/wp-json\/wp\/v2\/types\/post"}],"author":[{"embeddable":true,"href":"https:\/\/www.europesays.com\/fr\/wp-json\/wp\/v2\/users\/2"}],"replies":[{"embeddable":true,"href":"https:\/\/www.europesays.com\/fr\/wp-json\/wp\/v2\/comments?post=223951"}],"version-history":[{"count":0,"href":"https:\/\/www.europesays.com\/fr\/wp-json\/wp\/v2\/posts\/223951\/revisions"}],"wp:featuredmedia":[{"embeddable":true,"href":"https:\/\/www.europesays.com\/fr\/wp-json\/wp\/v2\/media\/223952"}],"wp:attachment":[{"href":"https:\/\/www.europesays.com\/fr\/wp-json\/wp\/v2\/media?parent=223951"}],"wp:term":[{"taxonomy":"category","embeddable":true,"href":"https:\/\/www.europesays.com\/fr\/wp-json\/wp\/v2\/categories?post=223951"},{"taxonomy":"post_tag","embeddable":true,"href":"https:\/\/www.europesays.com\/fr\/wp-json\/wp\/v2\/tags?post=223951"}],"curies":[{"name":"wp","href":"https:\/\/api.w.org\/{rel}","templated":true}]}}