{"id":223955,"date":"2025-07-03T20:23:11","date_gmt":"2025-07-03T20:23:11","guid":{"rendered":"https:\/\/www.europesays.com\/fr\/223955\/"},"modified":"2025-07-03T20:23:11","modified_gmt":"2025-07-03T20:23:11","slug":"hamilton-conseillerait-a-verstappen-daller-chez-mercedes","status":"publish","type":"post","link":"https:\/\/www.europesays.com\/fr\/223955\/","title":{"rendered":"Hamilton conseillerait \u00e0 Verstappen\u00a0d&rsquo;aller chez Mercedes"},"content":{"rendered":"<p>Alors que les rumeurs sur un potentiel avenir de <a href=\"https:\/\/fr.motorsport.com\/driver\/max-verstappen\/93029\/\" target=\"_blank\" rel=\"noopener\">Max Verstappen<\/a> chez <a href=\"https:\/\/fr.motorsport.com\/team\/mercedes\/611\/\" target=\"_blank\" rel=\"noopener\">Mercedes<\/a> battent leur plein, l&rsquo;ancien pilote de l&rsquo;\u00e9curie allemande, <a href=\"https:\/\/fr.motorsport.com\/driver\/lewis-hamilton\/76878\/\" target=\"_blank\" rel=\"noopener\">Lewis Hamilton<\/a>, a indiqu\u00e9 qu&rsquo;il recommanderait volontiers la marque \u00e0 l&rsquo;\u00e9toile si le N\u00e9erlandais venait lui demander conseil.\u00a0<\/p>\n<p>Le septuple champion du monde, qui a d\u00e9cid\u00e9 de quitter Mercedes pour rejoindre <a href=\"https:\/\/fr.motorsport.com\/team\/ferrari\/615\/\" target=\"_blank\" rel=\"noopener\">Ferrari<\/a> cette saison, a pass\u00e9 12 saisons \u00e0 Brackley, o\u00f9 il a remport\u00e9 six de ses sept championnats du monde. Le Britannique est donc un grand habitu\u00e9 de l&rsquo;\u00e9quipe et conna\u00eet logiquement tr\u00e8s bien le fonctionnement de celle-ci, bien qu&rsquo;il n&rsquo;y soit plus associ\u00e9 depuis le d\u00e9but de l&rsquo;ann\u00e9e.\u00a0<\/p>\n<p>\u00c0 la question de savoir s&rsquo;il conseillerait son ancienne \u00e9quipe \u00e0 Max Verstappen, Hamilton a vivement acquiesc\u00e9 tout en ressassant quelques regrets du pass\u00e9.\u00a0\u00ab\u00a0Bien s\u00fbr [que je recommanderais Mercedes]\u00a0\u00bb, a d\u00e9clar\u00e9 le septuple champion du monde. \u00ab\u00a0Il [Verstappen] vient d\u00e9j\u00e0 d&rsquo;une grande \u00e9quipe. Il y a de nombreuses ann\u00e9es, on m&rsquo;avait pos\u00e9 une question, je ne me souviens plus exactement ce que c&rsquo;\u00e9tait. Je crois qu&rsquo;\u00e0 l&rsquo;\u00e9poque j&rsquo;\u00e9tais tellement attach\u00e9 \u00e0 Mercedes que j&rsquo;avais dit quelque chose du genre que <a href=\"https:\/\/fr.motorsport.com\/team\/red-bull\/553\/\" target=\"_blank\" rel=\"noopener\">Red Bull<\/a> n&rsquo;\u00e9tait qu&rsquo;une marque de boissons.\u00a0\u00bb<\/p>\n<p>   <img decoding=\"async\" draggable=\"false\" src=\"https:\/\/www.europesays.com\/fr\/wp-content\/uploads\/2025\/07\/lewis-hamilton-ferrari-max-ver.jpg\" alt=\"Lewis Hamilton et Max Verstappen lors du GP de Chine.\" width=\"1200\" height=\"800\" loading=\"lazy\"\/> <\/p>\n<p class=\"title\">Lewis Hamilton et Max Verstappen lors du GP de Chine.<\/p>\n<p class=\"photographer\">Photo de: Greg Baker &#8211; AFP &#8211; Getty Images<\/p>\n<p>\u00ab\u00a0Et je l&rsquo;ai toujours regrett\u00e9, parce qu&rsquo;en r\u00e9alit\u00e9, \u00e0 l&rsquo;\u00e9poque, je voulais juste d\u00e9fendre Mercedes [en r\u00e9alit\u00e9, Hamilton a eu ses propos lors du premier GP de la saison 2011, lorsqu&rsquo;il \u00e9tait encore chez <a href=\"https:\/\/fr.motorsport.com\/team\/mclaren\/609\/\" target=\"_blank\" rel=\"noopener\">McLaren<\/a>, ndlr]. Mais la v\u00e9rit\u00e9, c&rsquo;est que Red Bull est une \u00e9quipe incroyable. Il y a l\u00e0-bas \u00e9norm\u00e9ment de personnes exceptionnelles, et ils ont domin\u00e9 pendant plusieurs ann\u00e9es.\u00a0\u00bb<\/p>\n<p>\u00ab\u00a0Mais ce que je peux dire, si quelqu&rsquo;un me demande mon avis sur Mercedes&#8230; c&rsquo;est aussi une \u00e9quipe formidable.\u00a0Avec \u00e9videmment la passion, un personnel de grande qualit\u00e9, une superbe usine, un environnement de travail exceptionnel. Donc bien s\u00fbr que je dirais oui, ce serait int\u00e9ressant de voir ce qui se passerait.\u00a0\u00bb<\/p>\n<p>Max Verstappen est depuis longtemps dans le viseur du patron de Mercedes, Toto Wolff, qui a reconnu \u00e0 plusieurs reprises que des discussions avaient eu lieu avec le pilote Red Bull. Interrog\u00e9 ce jeudi en amont du Grand Prix de Grande-Bretagne sur ces potentielles discussions avec l&rsquo;\u00e9quipe allemande, Verstappen a bott\u00e9 en touche.\u00a0\u00ab\u00a0Qui dit \u00e7a ?\u00a0\u00bb, a r\u00e9pondu le N\u00e9erlandais fid\u00e8le \u00e0 lui-m\u00eame ; et quand on lui a pr\u00e9cis\u00e9 que c&rsquo;\u00e9tait Wolff lui-m\u00eame, il a ajout\u00e9 :\u00a0\u00ab\u00a0Je n&rsquo;ai rien \u00e0 dire de plus.\u00a0\u00bb<\/p>\n<p>Lire aussi :<\/p>\n<p>Dans cet article<\/p>\n<p>    T\u00e9ha Courbon\n<\/p>\n<p>    Formule 1\n<\/p>\n<p>    Lewis Hamilton\n<\/p>\n<p>    Max Verstappen\n<\/p>\n<p>    Red Bull\n<\/p>\n<p>    Mercedes\n<\/p>\n<p>Soyez le premier inform\u00e9 et souscrivez aux alertes mails pour recevoir les infos en temps r\u00e9el<\/p>\n<p>    S&rsquo;abonner aux alertes de news<\/p>\n","protected":false},"excerpt":{"rendered":"Alors que les rumeurs sur un potentiel avenir de Max Verstappen chez Mercedes battent leur plein, l&rsquo;ancien pilote&hellip;\n","protected":false},"author":2,"featured_media":223956,"comment_status":"","ping_status":"","sticky":false,"template":"","format":"standard","meta":{"footnotes":""},"categories":[1412],"tags":[1451,1452,1453,1454,1455,1011,27,23124,1975,2236,4320,2255,23125,60],"class_list":{"0":"post-223955","1":"post","2":"type-post","3":"status-publish","4":"format-standard","5":"has-post-thumbnail","7":"category-f1","8":"tag-f1","9":"tag-formula-1","10":"tag-formula1","11":"tag-formule-1","12":"tag-formule1","13":"tag-fr","14":"tag-france","15":"tag-gp-de-grande-bretagne","16":"tag-lewis-hamilton","17":"tag-max-verstappen","18":"tag-mercedes","19":"tag-red-bull","20":"tag-silverstone","21":"tag-sports"},"share_on_mastodon":{"url":"https:\/\/pubeurope.com\/@fr\/114791173580314210","error":""},"_links":{"self":[{"href":"https:\/\/www.europesays.com\/fr\/wp-json\/wp\/v2\/posts\/223955","targetHints":{"allow":["GET"]}}],"collection":[{"href":"https:\/\/www.europesays.com\/fr\/wp-json\/wp\/v2\/posts"}],"about":[{"href":"https:\/\/www.europesays.com\/fr\/wp-json\/wp\/v2\/types\/post"}],"author":[{"embeddable":true,"href":"https:\/\/www.europesays.com\/fr\/wp-json\/wp\/v2\/users\/2"}],"replies":[{"embeddable":true,"href":"https:\/\/www.europesays.com\/fr\/wp-json\/wp\/v2\/comments?post=223955"}],"version-history":[{"count":0,"href":"https:\/\/www.europesays.com\/fr\/wp-json\/wp\/v2\/posts\/223955\/revisions"}],"wp:featuredmedia":[{"embeddable":true,"href":"https:\/\/www.europesays.com\/fr\/wp-json\/wp\/v2\/media\/223956"}],"wp:attachment":[{"href":"https:\/\/www.europesays.com\/fr\/wp-json\/wp\/v2\/media?parent=223955"}],"wp:term":[{"taxonomy":"category","embeddable":true,"href":"https:\/\/www.europesays.com\/fr\/wp-json\/wp\/v2\/categories?post=223955"},{"taxonomy":"post_tag","embeddable":true,"href":"https:\/\/www.europesays.com\/fr\/wp-json\/wp\/v2\/tags?post=223955"}],"curies":[{"name":"wp","href":"https:\/\/api.w.org\/{rel}","templated":true}]}}