{"id":223957,"date":"2025-07-03T20:24:10","date_gmt":"2025-07-03T20:24:10","guid":{"rendered":"https:\/\/www.europesays.com\/fr\/223957\/"},"modified":"2025-07-03T20:24:10","modified_gmt":"2025-07-03T20:24:10","slug":"tdf-tour-de-france-remco-evenepoel-pogacar-vingegaard-leur-compliquer-la-vie","status":"publish","type":"post","link":"https:\/\/www.europesays.com\/fr\/223957\/","title":{"rendered":"TDF. Tour de France &#8211; Remco Evenepoel : \u00abPogacar, Vingegaard&#8230; leur compliquer la vie\u00bb"},"content":{"rendered":"<p> Lire la suite de l&rsquo;article&#13;<\/p>\n<p>\u00a0<\/p>\n<p>&#13;<br \/>\n<strong>\u00ab\u00a0Je suis ici pour faire de mon mieux&#8230;\u00a0\u00bb<\/strong>&#13;<\/p>\n<p>Le coureur de <strong>Soudal Quick-Step<\/strong> d\u00e9clare : \u00ab\u00a0Mon objectif c&rsquo;est de gagner les trois grands tours, et il m&rsquo;en reste deux. J&rsquo;ai \u00e9t\u00e9 troisi\u00e8me du Tour l&rsquo;ann\u00e9e derni\u00e8re, donc cela signifie que je peux le faire.\u00a0Jonas (Vingegaard) et Tadej (Pogacar) ont gagn\u00e9 les 5 derni\u00e8res \u00e9ditions, et ils sont encore favoris cette ann\u00e9e. Mais ce ne serait pas juste envers l\u2019\u00e9quipe de dire que je ne veux pas me battre contre eux. Je suis ici pour tenter de rivaliser avec eux, leur compliquer la vie. O\u00f9 je me situe par rapport \u00e0 eux\u00a0? Difficile \u00e0 dire. L\u2019an dernier, j\u2019\u00e9tais le troisi\u00e8me et maintenant j\u2019essaie de faire un peu mieux. La course d\u00e9cidera de ma position. Je vais faire de mon mieux. Tout le monde a un peu peur de cette premi\u00e8re semaine, personne ne veut abandonner sur blessure apr\u00e8s quelques \u00e9tapes. Mais inutile de stresser, c\u2019est pareil pour tout le monde. Certains aiment ces sorties tr\u00e9pidantes, d\u2019autres non. Mais personne n\u2019aime chuter. Je vais laisser faire. Le fait est que les courses seront intenses pendant ces dix premiers jours\u00a0\u00bb.<\/p>\n<p>&#13;<\/p>\n<p>\u00ab\u00a0Le travail pour progresser en montagne doit \u00eatre men\u00e9 sur le long terme. Depuis le Dauphin\u00e9, j&rsquo;ai eu de bonnes sensations et notamment dans la foul\u00e9e des championnats de Belgique. J&rsquo;esp\u00e8re que \u00e7a se ressentira sur le Tour de France.\u00a0\u00bb Parmi les options dont dispose <strong>Evenepoel<\/strong> pour tenter de briller, le contre-la-montre de Caen se distingue comme une \u00e9ch\u00e9ance majeure dans le match avec ses deux plus grands rivaux\u00a0: \u00ab\u00a0Le chrono est deux fois plus long qu&rsquo;au Dauphin\u00e9, et c&rsquo;est tout plat, donc je peux esp\u00e9rer. Mais l&rsquo;ann\u00e9e derni\u00e8re je pensais gagner 25\u00a0\u00bb et je n&rsquo;ai gagn\u00e9 que 12\u00a0\u00bb sur Tadej. Donc cela d\u00e9pend de la forme du jour de chacun, mais je crois que ce parcours me donne un avantage sur eux deux. Le plus important ce sera de gagner l&rsquo;\u00e9tape, mais dans l&rsquo;optique du classement g\u00e9n\u00e9ral, il faudrait que ce soit avec le plus grand \u00e9cart possible\u00a0\u00bb.<\/p>\n<p>&#13;<br \/>\n&#13;<br \/>\n<strong>\u00ab\u00a0On va devoir courir la derni\u00e8re \u00e9tape&#8230;\u00a0\u00bb<\/strong>&#13;<\/p>\n<p>Le champion olympique poursuit : \u00ab\u00a0Bien s\u00fbr, je pense que s&rsquo;il y a un gars que je ne veux pas manquer dans ce Tour, c&rsquo;est bien Mikel [Landa]. Et malheureusement, c&rsquo;est lui qui est le plus gravement bless\u00e9 dans l&rsquo;\u00e9quipe pour le moment. Il va donc beaucoup me manquer dans l&rsquo;\u00e9quipe. Et je pense que Mikel [Landa] est toujours libre de r\u00e9pondre \u00e0 mes messages ou, si je n&rsquo;ai pas de questions, ou si j&rsquo;en ai besoin, je l&rsquo;appellerai et il m&rsquo;aidera [&#8230;] Si vous regardez les \u00e9tapes pr\u00e9c\u00e9dentes, \u00e7a va d\u00e9j\u00e0 \u00eatre difficile pour les coureurs du classement g\u00e9n\u00e9ral, mais aussi pour les sprinteurs, rien que pour le timing. Et puis, normalement, les derni\u00e8res \u00e9tapes \u2014 ou un contre-la-montre, ou une \u00e9tape de sprint, c&rsquo;est plut\u00f4t une formalit\u00e9. Mais au final, je pense qu&rsquo;on va probablement devoir courir et voir comment \u00e7a se passe, et j&rsquo;imagine qu&rsquo;une fois arriv\u00e9s sur les Champs-\u00c9lys\u00e9es pour la premi\u00e8re fois, il y aura des attaques pour essayer de finir en beaut\u00e9, et ce sera comme une course normale. Je pense que les coureurs du classement g\u00e9n\u00e9ral auront peur de perdre leur place \u00e0 cause de ce temps, ou imaginez que vous soyez en jaune ou en deuxi\u00e8me position avec une petite avance, vous voulez juste garder votre place \u00e0 20 kilom\u00e8tres de l&rsquo;arriv\u00e9e. Oui, c&rsquo;est comme \u00e7a que \u00e7a se passe, et il faut juste courir\u00a0\u00bb, conclut <strong>Remco Evenepoel<\/strong>.<\/p>\n","protected":false},"excerpt":{"rendered":"Lire la suite de l&rsquo;article&#13; \u00a0 &#13; \u00ab\u00a0Je suis ici pour faire de mon mieux&#8230;\u00a0\u00bb&#13; Le coureur de&hellip;\n","protected":false},"author":2,"featured_media":223958,"comment_status":"","ping_status":"","sticky":false,"template":"","format":"standard","meta":{"footnotes":""},"categories":[1411],"tags":[1154,207,211,1011,27,209,60,210,212,208,213],"class_list":{"0":"post-223957","1":"post","2":"type-post","3":"status-publish","4":"format-standard","5":"has-post-thumbnail","7":"category-cyclisme","8":"tag-cycling","9":"tag-cyclisme","10":"tag-ffc","11":"tag-fr","12":"tag-france","13":"tag-route","14":"tag-sports","15":"tag-tour-de-france","16":"tag-uci","17":"tag-velo","18":"tag-world-tour"},"share_on_mastodon":{"url":"https:\/\/pubeurope.com\/@fr\/114791177590830545","error":""},"_links":{"self":[{"href":"https:\/\/www.europesays.com\/fr\/wp-json\/wp\/v2\/posts\/223957","targetHints":{"allow":["GET"]}}],"collection":[{"href":"https:\/\/www.europesays.com\/fr\/wp-json\/wp\/v2\/posts"}],"about":[{"href":"https:\/\/www.europesays.com\/fr\/wp-json\/wp\/v2\/types\/post"}],"author":[{"embeddable":true,"href":"https:\/\/www.europesays.com\/fr\/wp-json\/wp\/v2\/users\/2"}],"replies":[{"embeddable":true,"href":"https:\/\/www.europesays.com\/fr\/wp-json\/wp\/v2\/comments?post=223957"}],"version-history":[{"count":0,"href":"https:\/\/www.europesays.com\/fr\/wp-json\/wp\/v2\/posts\/223957\/revisions"}],"wp:featuredmedia":[{"embeddable":true,"href":"https:\/\/www.europesays.com\/fr\/wp-json\/wp\/v2\/media\/223958"}],"wp:attachment":[{"href":"https:\/\/www.europesays.com\/fr\/wp-json\/wp\/v2\/media?parent=223957"}],"wp:term":[{"taxonomy":"category","embeddable":true,"href":"https:\/\/www.europesays.com\/fr\/wp-json\/wp\/v2\/categories?post=223957"},{"taxonomy":"post_tag","embeddable":true,"href":"https:\/\/www.europesays.com\/fr\/wp-json\/wp\/v2\/tags?post=223957"}],"curies":[{"name":"wp","href":"https:\/\/api.w.org\/{rel}","templated":true}]}}