{"id":223977,"date":"2025-07-03T20:34:09","date_gmt":"2025-07-03T20:34:09","guid":{"rendered":"https:\/\/www.europesays.com\/fr\/223977\/"},"modified":"2025-07-03T20:34:09","modified_gmt":"2025-07-03T20:34:09","slug":"de-tout-coeur-avec-toi-jean-luc-reichmann-son-message-inquietant-a-destination-de-marine-de-la-star-academy","status":"publish","type":"post","link":"https:\/\/www.europesays.com\/fr\/223977\/","title":{"rendered":"De tout coeur avec toi\u00a0\u00bb, Jean-Luc Reichmann : son message inqui\u00e9tant \u00e0 destination de Marine de la \u00ab\u00a0Star Academy"},"content":{"rendered":"<p>      R\u00e9sum\u00e9<\/p>\n<p>Jean-Luc Reichmann a publi\u00e9 un message de soutien chaleureux \u00e0 Marine, qui partage son combat face \u00e0 la maladie d&rsquo;Alzheimer touchant sa grand-m\u00e8re, \u00e0 l&rsquo;occasion de la sortie de son album.<\/p>\n<p>        Sommaire<\/p>\n<p>Un clich\u00e9 qui aurait fait plaisir \u00e0 sa grand-m\u00e8re comme elle l\u2019a elle-m\u00eame assur\u00e9. Ce jeudi 3 juillet 2025, <a href=\"https:\/\/www.public.fr\/tag\/jean-luc-reichmann\" target=\"_blank\" rel=\"noopener\">Jean-Luc Reichmann<\/a> a publi\u00e9 un clich\u00e9 complice en compagnie de <a href=\"https:\/\/www.public.fr\/tag\/marine-delplace\" target=\"_blank\" rel=\"noopener\">Marine<\/a>, sur le plateau des <strong>\u00ab\u00a012 coups de midi\u00a0\u00bb.<\/strong> Un clich\u00e9 accompagn\u00e9 d\u2019un message rempli d\u2019amour pour soutenir la jeune chanteuse.<\/p>\n<p>En effet, l\u2019interpr\u00e8te de <strong>\u00ab\u00a0Ma faute\u00a0\u00bb<\/strong> vient de d\u00e9voiler son premier album <strong>\u00ab\u00a0C\u0153ur maladroit\u00a0\u00bb<\/strong>. Dans celui-ci, elle consacre un titre pour sa grand-m\u00e8re, l\u2019une des femmes les plus importantes de sa vie. Il s\u2019agit de <strong>\u00ab\u00a0Dalida\u00a0\u00bb <\/strong>et le titre n\u2019a pas \u00e9t\u00e9 choisi au hasard. Car le nom de la chanteuse lui rappelle le moment o\u00f9 elle s\u2019est rendue compte que la maladie d\u2019Alzheimer prenait le dessus sur sa grand-m\u00e8re.<\/p>\n<p>Marine \u00e9voque la maladie de sa grand-m\u00e8re<\/p>\n<p>Invit\u00e9e de <strong>\u00ab\u00a0Quotidien\u00a0\u00bb<\/strong> le 6 juin 2025, Marine avait d\u00e9j\u00e0 \u00e9voqu\u00e9 la maladie face \u00e0 Yann Barth\u00e8s. En revenant sur la chanson <strong>\u00ab\u00a0Dalida\u00a0\u00bb<\/strong>, elle se confiait au pr\u00e9sentateur sur l\u2019origine de ce titre \u00ab\u00a0hyper intime\u00a0\u00bb qu\u2019elle qualifiait comme \u00ab\u00a0l\u2019un des plus compliqu\u00e9s mentalement \u00e0 faire\u00a0\u00bb.\u00a0<\/p>\n<p>\u00ab\u00a0Elle me touche. Je l\u2019ai \u00e9crite pour ma grand-m\u00e8re qui est atteinte de la maladie d\u2019Alzheimer depuis quelques ann\u00e9es, et au d\u00e9but je ne voulais pas du tout en parler,\u00a0j\u2019\u00e9tais dans un d\u00e9ni\u00a0, j\u2019\u00e9tais un peu en col\u00e8re\u00a0\u00bb, expliquait-elle sur le plateau de la quotidienne de TMC.<\/p>\n<p>Une maladie sur laquelle Marine a souhait\u00e9 revenir lors de son entretien avec T\u00e9l\u00e9 7 jours le 30 juin dernier. En plus d\u2019\u00e9voquer la maladie d\u2019Alzheimer, la gagnante de la <strong>\u00ab\u00a0Star Academy\u00a0\u00bb<\/strong> a surtout souhait\u00e9 se rem\u00e9morer les moments pass\u00e9s avec sa grand-m\u00e8re avant qu\u2019elle perde une partie de ses souvenirs :\u00a0\u00ab\u00a0J\u2019ai toujours pass\u00e9 beaucoup de temps chez elle, avec mes cousins. Nous sommes tr\u00e8s proches\u00a0\u00bb.<\/p>\n<p><strong>\u00ab\u00a0H\u00e9las, il y a quelques ann\u00e9es, on lui a diagnostiqu\u00e9 un\u00a0Alzheimer\u00a0. J\u2019ai travers\u00e9 une phase de d\u00e9ni, voire de col\u00e8re\u00a0\u00bb<\/strong>, s\u2019est-elle une nouvelle fois souvenue aupr\u00e8s de nos confr\u00e8res. Dans le d\u00e9ni, Marine reconna\u00eet avoir longtemps pens\u00e9 que sa grand-m\u00e8re\u00a0\u00ab\u00a0faisait expr\u00e8s d\u2019oublier des choses ou d\u2019agir de fa\u00e7on incoh\u00e9rente\u00a0\u00bb.\u00a0<\/p>\n<p>Jean-Luc Reichmann lui apporte son soutien<\/p>\n<p>\u00ab\u00a0Cette chanson est l\u2019une des derni\u00e8res que j\u2019ai enregistr\u00e9es. Je me suis souvenue d\u2019un repas de famille o\u00f9 elle m\u2019avait demand\u00e9 ce que devenait Dalida. Je n\u2019ai pas r\u00e9ussi \u00e0 lui dire qu\u2019elle \u00e9tait d\u00e9c\u00e9d\u00e9e, alors j\u2019ai jou\u00e9 le jeu&#8230; Cette histoire est devenue une chanson\u00a0\u00bb, a-t-elle r\u00e9v\u00e9l\u00e9 \u00e0 T\u00e9l\u00e9 7 jours. Quelques jours apr\u00e8s cette prise de parole, <a href=\"https:\/\/vsd.fr\/tag\/jean-luc-reichmann\/\" target=\"_blank\" rel=\"noopener\">Jean-Luc Reichmann<\/a> a souhait\u00e9 lui rendre hommage.<\/p>\n<p>C\u2019est pourquoi, ce jeudi 3 juillet 2025, il a publi\u00e9 un clich\u00e9 complice avec la chanteuse. <strong>\u00ab\u00a0De tout coeur \u00e0 tes c\u00f4t\u00e9s Marine\u00a0\u00bb<\/strong>, a-t-il tendrement \u00e9crit alors que la principale int\u00e9ress\u00e9e, en le remerciant, a fait remarquer que sa grand-m\u00e8re \u00ab\u00a0serait contente\u00a0\u00bb de d\u00e9couvrir une telle photo.\u00a0<\/p>\n<p>      Mentionn\u00e9s dans cet article<\/p>\n<p>\u00c0 lire aussi<\/p>\n","protected":false},"excerpt":{"rendered":"R\u00e9sum\u00e9 Jean-Luc Reichmann a publi\u00e9 un message de soutien chaleureux \u00e0 Marine, qui partage son combat face \u00e0&hellip;\n","protected":false},"author":2,"featured_media":223978,"comment_status":"","ping_status":"","sticky":false,"template":"","format":"standard","meta":{"footnotes":""},"categories":[8],"tags":[30521,58,59,1011,27,465,8520,5095],"class_list":{"0":"post-223977","1":"post","2":"type-post","3":"status-publish","4":"format-standard","5":"has-post-thumbnail","7":"category-divertissement","8":"tag-dalida","9":"tag-divertissement","10":"tag-entertainment","11":"tag-fr","12":"tag-france","13":"tag-jean-luc-reichmann","14":"tag-marine-delplace","15":"tag-star-academy"},"share_on_mastodon":{"url":"https:\/\/pubeurope.com\/@fr\/114791217011493622","error":""},"_links":{"self":[{"href":"https:\/\/www.europesays.com\/fr\/wp-json\/wp\/v2\/posts\/223977","targetHints":{"allow":["GET"]}}],"collection":[{"href":"https:\/\/www.europesays.com\/fr\/wp-json\/wp\/v2\/posts"}],"about":[{"href":"https:\/\/www.europesays.com\/fr\/wp-json\/wp\/v2\/types\/post"}],"author":[{"embeddable":true,"href":"https:\/\/www.europesays.com\/fr\/wp-json\/wp\/v2\/users\/2"}],"replies":[{"embeddable":true,"href":"https:\/\/www.europesays.com\/fr\/wp-json\/wp\/v2\/comments?post=223977"}],"version-history":[{"count":0,"href":"https:\/\/www.europesays.com\/fr\/wp-json\/wp\/v2\/posts\/223977\/revisions"}],"wp:featuredmedia":[{"embeddable":true,"href":"https:\/\/www.europesays.com\/fr\/wp-json\/wp\/v2\/media\/223978"}],"wp:attachment":[{"href":"https:\/\/www.europesays.com\/fr\/wp-json\/wp\/v2\/media?parent=223977"}],"wp:term":[{"taxonomy":"category","embeddable":true,"href":"https:\/\/www.europesays.com\/fr\/wp-json\/wp\/v2\/categories?post=223977"},{"taxonomy":"post_tag","embeddable":true,"href":"https:\/\/www.europesays.com\/fr\/wp-json\/wp\/v2\/tags?post=223977"}],"curies":[{"name":"wp","href":"https:\/\/api.w.org\/{rel}","templated":true}]}}