{"id":223981,"date":"2025-07-03T20:36:11","date_gmt":"2025-07-03T20:36:11","guid":{"rendered":"https:\/\/www.europesays.com\/fr\/223981\/"},"modified":"2025-07-03T20:36:11","modified_gmt":"2025-07-03T20:36:11","slug":"francois-bayrou-juge-choquante-la-greve-des-controleurs-aeriens","status":"publish","type":"post","link":"https:\/\/www.europesays.com\/fr\/223981\/","title":{"rendered":"Fran\u00e7ois Bayrou juge \u00abchoquante\u00bb la gr\u00e8ve des contr\u00f4leurs a\u00e9riens"},"content":{"rendered":"<p>Le premier ministre a vivement critiqu\u00e9 la mobilisation des aiguilleurs du ciel, responsable de nombreuses annulations de vols jeudi et vendredi, en plein d\u00e9but des vacances d\u2019\u00e9t\u00e9.<\/p>\n<p class=\"fig-paragraph\">Perturber les d\u00e9parts en vacances, c\u2019est non. Le premier ministre Fran\u00e7ois Bayrou a jug\u00e9 sur BFMTV \u00abchoquante\u00bb la\u00a0<a href=\"http:\/\/www.lefigaro.fr\/conjoncture\/greve-des-controleurs-aeriens-de-nombreux-vols-annules-jeudi-a-paris-et-dans-les-aeroports-du-sud-20250701\" data-fig-type=\"NewsFlash\" data-gtm-custom-categorie=\"navigation\" data-gtm-custom-action=\"crossclick\" data-gtm-custom-label=\"Contextuel\" data-gtm-event=\"customEventSPE\" data-fig-domain=\"LEFIGARO\" target=\"_blank\" rel=\"noopener\">gr\u00e8ve des contr\u00f4leurs a\u00e9riens fran\u00e7ais<\/a>, qui a d\u00e9but\u00e9 jeudi, estimant qu\u2019ils prenaient \u00aben otage les Fran\u00e7ais\u00bb, en plein d\u00e9but des vacances d\u2019\u00e9t\u00e9.<\/p>\n<p class=\"fig-paragraph\">\u00abCette gr\u00e8ve est choquante, comme toute gr\u00e8ve d\u2019un groupe social qui est indispensable au fonctionnement de la nation, qui est r\u00e9duit en nombre et qui prend en otage les Fran\u00e7ais\u00bb, a-t-il d\u00e9clar\u00e9, alors que plus de 1.500 vols ont \u00e9t\u00e9 annul\u00e9s ce jeudi et d\u2019autres retard\u00e9s, affectant des centaines de milliers de passagers en Europe. \u00abC\u2019est prendre en otage les Fran\u00e7ais que de choisir le jour o\u00f9 tout le monde part en vacances pour faire une gr\u00e8ve du contr\u00f4le a\u00e9rien\u00bb, a-t-il martel\u00e9, alors que la gr\u00e8ve doit se poursuivre vendredi.<\/p>\n","protected":false},"excerpt":{"rendered":"Le premier ministre a vivement critiqu\u00e9 la mobilisation des aiguilleurs du ciel, responsable de nombreuses annulations de vols&hellip;\n","protected":false},"author":2,"featured_media":223982,"comment_status":"","ping_status":"","sticky":false,"template":"","format":"standard","meta":{"footnotes":""},"categories":[6],"tags":[35,35823,33,34,1011,27,431],"class_list":{"0":"post-223981","1":"post","2":"type-post","3":"status-publish","4":"format-standard","5":"has-post-thumbnail","7":"category-economie","8":"tag-business","9":"tag-controleurs-aeriens","10":"tag-economie","11":"tag-economy","12":"tag-fr","13":"tag-france","14":"tag-francois-bayrou"},"share_on_mastodon":{"url":"https:\/\/pubeurope.com\/@fr\/114791224788644275","error":""},"_links":{"self":[{"href":"https:\/\/www.europesays.com\/fr\/wp-json\/wp\/v2\/posts\/223981","targetHints":{"allow":["GET"]}}],"collection":[{"href":"https:\/\/www.europesays.com\/fr\/wp-json\/wp\/v2\/posts"}],"about":[{"href":"https:\/\/www.europesays.com\/fr\/wp-json\/wp\/v2\/types\/post"}],"author":[{"embeddable":true,"href":"https:\/\/www.europesays.com\/fr\/wp-json\/wp\/v2\/users\/2"}],"replies":[{"embeddable":true,"href":"https:\/\/www.europesays.com\/fr\/wp-json\/wp\/v2\/comments?post=223981"}],"version-history":[{"count":0,"href":"https:\/\/www.europesays.com\/fr\/wp-json\/wp\/v2\/posts\/223981\/revisions"}],"wp:featuredmedia":[{"embeddable":true,"href":"https:\/\/www.europesays.com\/fr\/wp-json\/wp\/v2\/media\/223982"}],"wp:attachment":[{"href":"https:\/\/www.europesays.com\/fr\/wp-json\/wp\/v2\/media?parent=223981"}],"wp:term":[{"taxonomy":"category","embeddable":true,"href":"https:\/\/www.europesays.com\/fr\/wp-json\/wp\/v2\/categories?post=223981"},{"taxonomy":"post_tag","embeddable":true,"href":"https:\/\/www.europesays.com\/fr\/wp-json\/wp\/v2\/tags?post=223981"}],"curies":[{"name":"wp","href":"https:\/\/api.w.org\/{rel}","templated":true}]}}