{"id":223987,"date":"2025-07-03T20:39:11","date_gmt":"2025-07-03T20:39:11","guid":{"rendered":"https:\/\/www.europesays.com\/fr\/223987\/"},"modified":"2025-07-03T20:39:11","modified_gmt":"2025-07-03T20:39:11","slug":"la-fin-de-la-commission-betharram-vire-a-laffrontement-entre-ps-et-lfi","status":"publish","type":"post","link":"https:\/\/www.europesays.com\/fr\/223987\/","title":{"rendered":"la fin de la commission B\u00e9tharram vire \u00e0 l\u2019affrontement entre PS et LFI"},"content":{"rendered":"<p>        <img decoding=\"async\" loading=\"lazy\" src=\"https:\/\/www.europesays.com\/fr\/wp-content\/uploads\/2025\/07\/45cc081_upload-1-xilbhxlkwuru-000-64hu6cd.jpg\"  width=\"728\" height=\"410\" alt=\"Fatiha Keloua Hachi, Violette Spillebout, et Paul Vannier lors de la pr\u00e9sentation du rapport d\u2019enqu\u00eate sur les violences en milieu scolaire, le 2\u00a0juillet 2025, \u00e0 l\u2019Assembl\u00e9e nationale\"\/>  <\/p>\n<p>JULIEN DE ROSA \/ AFP<\/p>\n<p>Fatiha Keloua Hachi, Violette Spillebout, et Paul Vannier lors de la pr\u00e9sentation du rapport d\u2019enqu\u00eate sur les violences en milieu scolaire, le 2\u00a0juillet 2025, \u00e0 l\u2019Assembl\u00e9e nationale<\/p>\n<p class=\"asset asset-text\">POLITIQUE &#8211; Une belle photo en conf\u00e9rence de presse pour mieux se d\u00e9chirer le lendemain. Il n\u2019aura fallu que 24\u00a0heures, apr\u00e8s avoir pr\u00e9sent\u00e9 les conclusions de <a href=\"https:\/\/www.huffingtonpost.fr\/politique\/article\/affaire-betharram-ce-que-conclut-la-commission-d-enquete-parlementaire-sur-bayrou-et-pour-les-victimes_252096.html\" target=\"_blank\" rel=\"noopener\">la commission d\u2019enqu\u00eate parlementaire sur B\u00e9tharram<\/a>, pour que deux de ses \u00e9minents membres s\u2019invectivent.<\/p>\n<p class=\"asset asset-text\">Co-rapporteur avec Violette Spillebout (Renaissance), le d\u00e9put\u00e9 insoumis <a href=\"https:\/\/www.huffingtonpost.fr\/politique\/video\/betharram-paul-vannier-et-violette-spillebout-ont-surtout-ete-marques-par-ces-temoignages_252119.html\" target=\"_blank\" rel=\"noopener\">Paul Vannier<\/a> voulait poursuivre en justice <a href=\"https:\/\/www.huffingtonpost.fr\/politique\/article\/francois-bayrou-accuse-de-parjure-par-le-co-rapporteur-de-la-commission-betharram_251837.html\" target=\"_blank\" rel=\"noopener\">Fran\u00e7ois Bayrou<\/a>, estimant qu\u2019au cours de son audition de plus de 5\u00a0heures, le Premier ministre a menti.<\/p>\n<p class=\"asset asset-text\">Une demande refus\u00e9e par la pr\u00e9sidente de la commission, la d\u00e9put\u00e9e socialiste Fatiha Keloua\u00a0Hachi, qui ne s\u2019est n\u00e9anmoins pas priv\u00e9e, tout comme les deux co-rapporteurs, de pointer l\u2019attitude de Fran\u00e7ois Bayrou pendant son audition, et son manque de r\u00e9action face aux alertes sur la situation \u00e0 B\u00e9tharram quand il \u00e9tait ministre de l\u2019\u00c9ducation nationale.<\/p>\n<p class=\"asset asset-text\">Ent\u00eat\u00e9, Paul Vannier s\u2019est donc tourn\u00e9 vers la pr\u00e9sidence de l\u2019Assembl\u00e9e nationale avec la m\u00eame demande\u2026 et avec les m\u00eames effets. Ya\u00ebl Braun-Pivet lui a oppos\u00e9 une fin de non-recevoir mercredi 2\u00a0juillet en se basant justement sur la d\u00e9cision prise la pr\u00e9sidente PS et en rappelant que \u00ab\u00a0le Bureau [de l\u2019Assembl\u00e9e nationale] n\u2019est pas une instance d\u2019appel\u00a0\u00bb. De quoi agacer le d\u00e9put\u00e9 insoumis sur X, qui a accus\u00e9 sa coll\u00e8gue PS et la tenante du perchoir de \u00ab\u00a0man\u0153uvrer\u00a0\u00bb \u00ab\u00a0pour emp\u00eacher que la justice soit saisie\u00a0\u00bb. \u00ab\u00a0Arr\u00eatez de prot\u00e9ger Bayrou, \u00e7a commence \u00e0 se voir\u00a0\u00bb, a m\u00eame rench\u00e9ri l\u2019insoumise Marie Mesmeur.<\/p>\n<p class=\"asset asset-text\">Des invectives pas vraiment appr\u00e9ci\u00e9es sur les bancs du parti socialiste et notamment par la premi\u00e8re int\u00e9ress\u00e9e, Fatiha Keloua\u00a0Hachi jugeant en retour l\u2019attitude de Paul Vannier \u00ab\u00a0d\u00e9gueulasse\u00a0\u00bb. \u00ab\u00a0Des mois de travail en commun pour \u00e7a\u2026 J\u2019ai permis \u00e0 cette commission d\u2019enqu\u00eate d\u2019exister, s\u2019il y avait eu parjure, je l\u2019aurais \u00e9videmment signal\u00e9, sans h\u00e9siter ni trembler\u00a0\u00bb, d\u00e9fend-elle sur X ce jeudi, avant d\u2019ajouter\u00a0: \u00ab\u00a0ton attitude est d\u00e9gueulasse, il n\u2019y a aucune man\u0153uvre et tu le sais tr\u00e8s bien\u00a0\u00bb.<\/p>\n<p class=\"asset asset-text\">Le patron du groupe socialiste \u00e0 l\u2019Assembl\u00e9e, Boris Vallaud, est lui aussi mont\u00e9e au cr\u00e9neau contre le message \u00ab\u00a0honteux\u00a0\u00bb de Paul Vannier et pour apporter son \u00ab\u00a0soutien\u00a0\u00bb \u00e0 Keloua Hachi \u00ab\u00a0que personne ne peut soup\u00e7onner de complaisance avec le Premier ministre\u00a0\u00bb. D\u2019autres d\u00e9put\u00e9s socialistes, tout le maire de Rouen Nicolas Mayer-Rossignol en ont fait de m\u00eame.<\/p>\n","protected":false},"excerpt":{"rendered":"JULIEN DE ROSA \/ AFP Fatiha Keloua Hachi, Violette Spillebout, et Paul Vannier lors de la pr\u00e9sentation du&hellip;\n","protected":false},"author":2,"featured_media":223988,"comment_status":"","ping_status":"","sticky":false,"template":"","format":"standard","meta":{"footnotes":""},"categories":[2],"tags":[11,7765,36192,1011,27,1023,12,4484,316],"class_list":{"0":"post-223987","1":"post","2":"type-post","3":"status-publish","4":"format-standard","5":"has-post-thumbnail","7":"category-actualites","8":"tag-actualites","9":"tag-affaire-betharram","10":"tag-commission-d-enquete-parlementaire","11":"tag-fr","12":"tag-france","13":"tag-la-france-insoumise-lfi","14":"tag-news","15":"tag-parti-socialiste-ps","16":"tag-politique"},"share_on_mastodon":{"url":"https:\/\/pubeurope.com\/@fr\/114791236485424026","error":""},"_links":{"self":[{"href":"https:\/\/www.europesays.com\/fr\/wp-json\/wp\/v2\/posts\/223987","targetHints":{"allow":["GET"]}}],"collection":[{"href":"https:\/\/www.europesays.com\/fr\/wp-json\/wp\/v2\/posts"}],"about":[{"href":"https:\/\/www.europesays.com\/fr\/wp-json\/wp\/v2\/types\/post"}],"author":[{"embeddable":true,"href":"https:\/\/www.europesays.com\/fr\/wp-json\/wp\/v2\/users\/2"}],"replies":[{"embeddable":true,"href":"https:\/\/www.europesays.com\/fr\/wp-json\/wp\/v2\/comments?post=223987"}],"version-history":[{"count":0,"href":"https:\/\/www.europesays.com\/fr\/wp-json\/wp\/v2\/posts\/223987\/revisions"}],"wp:featuredmedia":[{"embeddable":true,"href":"https:\/\/www.europesays.com\/fr\/wp-json\/wp\/v2\/media\/223988"}],"wp:attachment":[{"href":"https:\/\/www.europesays.com\/fr\/wp-json\/wp\/v2\/media?parent=223987"}],"wp:term":[{"taxonomy":"category","embeddable":true,"href":"https:\/\/www.europesays.com\/fr\/wp-json\/wp\/v2\/categories?post=223987"},{"taxonomy":"post_tag","embeddable":true,"href":"https:\/\/www.europesays.com\/fr\/wp-json\/wp\/v2\/tags?post=223987"}],"curies":[{"name":"wp","href":"https:\/\/api.w.org\/{rel}","templated":true}]}}