{"id":224009,"date":"2025-07-03T20:57:21","date_gmt":"2025-07-03T20:57:21","guid":{"rendered":"https:\/\/www.europesays.com\/fr\/224009\/"},"modified":"2025-07-03T20:57:21","modified_gmt":"2025-07-03T20:57:21","slug":"la-maire-de-strasbourg-jeanne-barseghian-candidate-a-sa-reelection","status":"publish","type":"post","link":"https:\/\/www.europesays.com\/fr\/224009\/","title":{"rendered":"La maire de Strasbourg Jeanne Barseghian candidate \u00e0 sa r\u00e9\u00e9lection"},"content":{"rendered":"<p>La maire de Strasbourg Jeanne Barseghian (Les Ecologistes) a annonc\u00e9 jeudi qu&rsquo;elle sera candidate aux \u00e9lections municipales de 2026 pour \u00ab\u00a0continuer \u00e0 se battre pour faire face \u00e0 l&rsquo;urgence \u00e9cologique et sociale\u00a0\u00bb.<\/p>\n<p>\u00ab\u00a0J&rsquo;ai voulu confirmer cette envie que j&rsquo;ai de me repr\u00e9senter comme maire pour un second mandat m\u00eame si je ne vais pas rentrer en campagne tout de suite\u00a0\u00bb, a d\u00e9clar\u00e9 Mme Barseghian \u00e0 l&rsquo;AFP.<\/p>\n<p>L&rsquo;annonce a \u00e9t\u00e9 faite jeudi lors d&rsquo;une soir\u00e9e organis\u00e9e par les groupes de la majorit\u00e9 municipale \u00ab\u00a0autour du bilan de ces cinq derni\u00e8res ann\u00e9es\u00a0\u00bb, qui \u00ab\u00a0a \u00e9t\u00e9 l&rsquo;occasion de rappeler les r\u00e9alisations qui ont \u00e9t\u00e9 men\u00e9es et aussi l&rsquo;importance de continuer \u00e0 se battre pour faire face \u00e0 l&rsquo;urgence \u00e9cologique et sociale\u00a0\u00bb, a-t-elle expliqu\u00e9, confirmant une information du journal local les Derni\u00e8res nouvelles d&rsquo;Alsace.<\/p>\n<p>Parmi les projets qu&rsquo;elle souhaite poursuivre, la maire a cit\u00e9 la relance du projet d&rsquo;extension du tramway vers le nord, apr\u00e8s le rejet du premier projet par la commission d&rsquo;enqu\u00eate publique; la transformation d&rsquo;ampleur de la gare, ou encore la vaste r\u00e9novation de l&rsquo;op\u00e9ra, au co\u00fbt estim\u00e9 \u00e0 120 millions d&rsquo;euros.<\/p>\n<p>\u00ab\u00a0Je constate aussi les besoins qui sont criants en mati\u00e8re d&rsquo;urgence climatique, on l&rsquo;a vu encore ces derniers jours avec la canicule, il faut qu&rsquo;on acc\u00e9l\u00e8re sur la r\u00e9novation des logements, la r\u00e9novation des b\u00e2timents publics, autant de choses qui me motivent \u00e0 aller de l&rsquo;avant\u00a0\u00bb, a-t-elle ajout\u00e9.<\/p>\n<p>En 2020, Jeanne Barseghian est devenue \u00e0 l&rsquo;\u00e2ge de 39 ans la premi\u00e8re \u00e9cologiste \u00e0 diriger la capitale alsacienne, succ\u00e9dant au socialiste Roland Ries.<\/p>\n<p>Alors qu&rsquo;elle conduit aujourd&rsquo;hui une majorit\u00e9 plurielle, Jeanne Barseghian se dit \u00ab\u00a0convaincue qu&rsquo;un rassemblement des forces de gauche \u00e9cologiste et citoyenne fait sens \u00e0 Strasbourg\u00a0\u00bb.<\/p>\n<p>\u00ab\u00a0Je plaide pour un rassemblement large et qui prenne aussi en compte la dimension citoyenne\u00a0\u00bb a indiqu\u00e9 Mme Barseghian.<\/p>\n<p>Ses opposants politiques se sont empress\u00e9s de r\u00e9agir, \u00e0 l&rsquo;instar du copr\u00e9sident du groupe Centristes et Progressistes, Pierre Jakubowicz, qui a fustig\u00e9 son bilan \u00ab\u00a0qui aura d\u00e9grad\u00e9 le vivre ensemble, la qualit\u00e9 et le cadre de vie, la solidarit\u00e9 et la s\u00e9curit\u00e9, le rayonnement et l&rsquo;attractivit\u00e9 de Strasbourg\u00a0\u00bb.<\/p>\n<p>\u00ab\u00a0En annon\u00e7ant sa candidature, la maire de Strasbourg offre aux Strasbourgeois l&rsquo;occasion d&rsquo;exprimer, par les urnes, le d\u00e9saveu massif d&rsquo;un mandat marqu\u00e9 par l&rsquo;inaction, les divisions et les renoncements\u00a0\u00bb, tacle pour sa part Renaissance dans un communiqu\u00e9.<\/p>\n<p>pau\/bdx\/gvy<\/p>\n","protected":false},"excerpt":{"rendered":"La maire de Strasbourg Jeanne Barseghian (Les Ecologistes) a annonc\u00e9 jeudi qu&rsquo;elle sera candidate aux \u00e9lections municipales de&hellip;\n","protected":false},"author":2,"featured_media":224010,"comment_status":"","ping_status":"","sticky":false,"template":"","format":"standard","meta":{"footnotes":""},"categories":[2820],"tags":[1111,11,36292,1777,674,1011,27,775,7125,5107,12,25,640],"class_list":{"0":"post-224009","1":"post","2":"type-post","3":"status-publish","4":"format-standard","5":"has-post-thumbnail","7":"category-strasbourg","8":"tag-actu","9":"tag-actualites","10":"tag-centre-administratif","11":"tag-eu","12":"tag-europe","13":"tag-fr","14":"tag-france","15":"tag-grand-est","16":"tag-jeanne-barseghian","17":"tag-maire","18":"tag-news","19":"tag-republique-francaise","20":"tag-strasbourg"},"share_on_mastodon":{"url":"https:\/\/pubeurope.com\/@fr\/114791307379413666","error":""},"_links":{"self":[{"href":"https:\/\/www.europesays.com\/fr\/wp-json\/wp\/v2\/posts\/224009","targetHints":{"allow":["GET"]}}],"collection":[{"href":"https:\/\/www.europesays.com\/fr\/wp-json\/wp\/v2\/posts"}],"about":[{"href":"https:\/\/www.europesays.com\/fr\/wp-json\/wp\/v2\/types\/post"}],"author":[{"embeddable":true,"href":"https:\/\/www.europesays.com\/fr\/wp-json\/wp\/v2\/users\/2"}],"replies":[{"embeddable":true,"href":"https:\/\/www.europesays.com\/fr\/wp-json\/wp\/v2\/comments?post=224009"}],"version-history":[{"count":0,"href":"https:\/\/www.europesays.com\/fr\/wp-json\/wp\/v2\/posts\/224009\/revisions"}],"wp:featuredmedia":[{"embeddable":true,"href":"https:\/\/www.europesays.com\/fr\/wp-json\/wp\/v2\/media\/224010"}],"wp:attachment":[{"href":"https:\/\/www.europesays.com\/fr\/wp-json\/wp\/v2\/media?parent=224009"}],"wp:term":[{"taxonomy":"category","embeddable":true,"href":"https:\/\/www.europesays.com\/fr\/wp-json\/wp\/v2\/categories?post=224009"},{"taxonomy":"post_tag","embeddable":true,"href":"https:\/\/www.europesays.com\/fr\/wp-json\/wp\/v2\/tags?post=224009"}],"curies":[{"name":"wp","href":"https:\/\/api.w.org\/{rel}","templated":true}]}}