{"id":224011,"date":"2025-07-03T20:58:12","date_gmt":"2025-07-03T20:58:12","guid":{"rendered":"https:\/\/www.europesays.com\/fr\/224011\/"},"modified":"2025-07-03T20:58:12","modified_gmt":"2025-07-03T20:58:12","slug":"dans-le-carnet-de-nice-rendezvous-2025-semaine-27-cest-lete-les-vacances-et-la-canicule","status":"publish","type":"post","link":"https:\/\/www.europesays.com\/fr\/224011\/","title":{"rendered":"Dans le Carnet de Nice RendezVous 2025 Semaine 27 &#8211; C\u2019est l\u2019\u00c9t\u00e9, les Vacances et la Canicule"},"content":{"rendered":"<p>Fermez les persiennes, le mercure grimpe, la M\u00e9diterran\u00e9e menace de bouillir, les vacances sont l\u00e0 et chacun veut en profiter. La canicule, m\u00eame pas peur !!!<\/p>\n<p><strong>EXPOSITIONS<\/strong><br \/><strong>Exposition R\u00e9sonance d&rsquo;un ailleurs<br \/>Du 5 au 27 juillet 2025<br \/>Bog\u00e9na Galerie<br \/>777 route de la Colle &#8211; 06570 Saint Paul de Vence<\/strong><br \/>Artistes pr\u00e9sent\u00e9sMonique Frydman I Nathalie Deshairs I James Coignard I Jeff Bertoncino I Morgan Balocco I Harry Morgan I Jean-Marie Fondacaro I Ernest Pignon-Ernest I Carl Dahl I Franta I Flo Arnold<br \/>\u00c0 l\u2019heure o\u00f9 les fronti\u00e8res se referment, o\u00f9 les nations comme les individus tendent au repli, l\u2019art demeure une passerelle entre les \u00e2mes et les mondes. R\u00e9sonance d\u2019un ailleurs c\u00e9l\u00e8bre cette capacit\u00e9 unique qu\u2019a la cr\u00e9ation artistique de faire vibrer en nous des \u00e9chos lointains, d\u2019ouvrir des br\u00e8ches dans le temps et l\u2019espace, et de r\u00e9v\u00e9ler les fils invisibles qui nous relient. Chaque \u0153uvre devient ici le miroir d\u2019un ailleurs : g\u00e9ographique, culturel ou int\u00e9rieur. Elle t\u00e9moigne d\u2019une sensibilit\u00e9 singuli\u00e8re, mais touche l\u2019universel. De continent en continent, d\u2019un m\u00e9dium \u00e0 l\u2019autre, ce sont les r\u00e9sonances qui comptent \u2014 celles qui nous traversent, nous questionnent, nous impr\u00e8gne.<br \/>Illustration : Ernest Pignon Ernest Corps d&rsquo;extase, 2004 Lithographie originale, 35 x 50 cm<\/p>\n<p><strong>Expositions becoming ocean &amp; liquid grounds <br \/>Jusqu&rsquo;au 24 ao\u00fbt 2025<br \/>Villa Arson<br \/>20 Av. Stephen Liegeard, 06100 Nice<\/strong><br \/><a href=\"https:\/\/villa-arson.fr\/\" target=\"_blank\" rel=\"noopener\">https:\/\/villa-arson.fr\/<\/a> <br \/>Becoming Ocean, a social conversation about the Ocean : une grande exposition qui explore de fa\u00e7on chorale les principaux d\u00e9fis de l\u2019Oc\u00e9an, pr\u00e9sent\u00e9e dans le cadre de la Biennale des Arts et de l\u2019Oc\u00e9an de Nice. <br \/>Liquid Grounds : une exposition de Saodat Ismailova et Elena Mazzi, deux artistes aux perspectives g\u00e9ographiquement (et g\u00e9ologiquement) \u00e9loign\u00e9es, mais proches dans leur fa\u00e7on commune et f\u00e9ministe de parler d\u2019environnement et d\u2019humanit\u00e9.<br \/>Illustration : \u00a9 Jean-Christophe Lett \/ Villa Arson<\/p>\n<p><strong>Exposition Couleurs ! <br \/>Les grands chefs-d\u2019oeuvre du XXe si\u00e8cle, issus de la collection du Centre Pompidou<br \/>Du 8 juillet au 31 ao\u00fbt 2025<br \/>Ouvert tous les jours de 10h00 \u00e0 20h00 &#8211; Nocturnes les jeudis jusqu\u2019\u00e0 22h00 <br \/>Grimaldi Forum Monaco<\/strong> <br \/>Plac\u00e9e sous le commissariat de Didier Ottinger, directeur adjoint du Mus\u00e9e national d\u2019art moderne, plus d\u2019une centaine d\u2019oeuvres y seront expos\u00e9es, dont des toiles d\u2019une trentaine d\u2019artistes majeurs, de Sonia Delaunay \u00e0 Jean-Michel Basquiat, en passant par Pablo Picasso, Amedeo Modigliani, Henri Matisse, Vassily Kandinsky&#8230; Un v\u00e9ritable voyage sensoriel et visuel invitera les visiteurs \u00e0 repenser la perception de la couleur dans l\u2019art moderne. Au coeur de l\u2019exposition, sept espaces monochromatiques seront enrichis des cr\u00e9ations sonores du compositeur Roque Rivas, r\u00e9alis\u00e9es avec l\u2019Ircam, et des ambiances olfactives d\u00e9velopp\u00e9es par le \u00ab nez \u00bb Alexis Dadier avec la maison Fragonard. Ces installations uniques permettront aux visiteurs de vivre la couleur non seulement visuellement, mais aussi \u00e0 travers d\u2019autres sens : l\u2019ou\u00efe et l\u2019odorat. La sc\u00e9nographie de l\u2019exposition est sign\u00e9e par William Chatelain, responsable \u00e9tudes et design d\u2019espaces au Grimaldi Forum Monaco.<\/p>\n<p><strong>CONCERTS<br \/>Les 35e Nuits Estivales du Ch\u00e2teau de Mouans-Sartoux <br \/>Vendredi 4, 11, 18, 25 Juillet 2025 \u00e0 21h00 <br \/>Concerts organis\u00e9s par l\u2019APAC dans le parc du ch\u00e2teau de Mouans-Sartoux<\/strong><br \/>Tarifs des spectacles : 10 \u20ac* en pr\u00e9vente \u2013 12\u20ac sur place *hors frais de gestion Gratuit pour les \u2013 de 12 ans Acc\u00e8s \u00e0 mobilit\u00e9 r\u00e9duite<br \/>Vous pouvez acheter vos billets en ligne sur le site du Festival : www.nuitsestivales.fr ou aupr\u00e8s de Mouans Accueil Informations T\u00e9l. : 04 93 75 75 16<br \/>Yogan Le Tzigane Musique tzigane Vendredi 4 Juillet \u00e0 20h Spectacle gratuit Offert par le Conseil d\u00e9partemental<br \/>Roccassera Quartet Vendredi 11 Juillet \u00e0 21h Jazz de M\u00e9diterran\u00e9e<br \/>Chango Spasiuk invite Mandy Lerouge Vendredi 18 Juillet \u00e0 21h Chamam\u00e9 musiques argentines<br \/>Titi Robin &amp; Roberto Saadna invitent Maria Robin Vendredi 25 Juillet \u00e0 21h Retour aux sources gitanes<\/p>\n<p><strong>31e Festival Soir\u00e9es romantiques<br \/>Lundi 7 juillet : Jean-Paul Gasparian, Tcha\u00efkovski, Franck et Liszt.<br \/>Mardi 15 juillet : Trio So\u00afra, Boulanger, Dvor\u02c7\u00e1k et Piazzolla.<br \/>Lundi 21 juillet : Quatuor Elmire, Haydn, Mendelssohn et Beethoven.<br \/>Lundi 28 juillet : Lorenzo Soul\u00e8s, Debussy, Alb\u00e9niz et Liszt.<br \/>Lundi 4 ao\u00fbt : Elo\u00efse Bella Kohn, Schubert et Ravel.<br \/>Domaine du Rayol<br \/>Av. Jacques Chirac &#8211; 83820 Rayol-Canadel-sur-Mer<\/strong><br \/>www.domainedurayol.org<br \/>L\u2019\u00e9t\u00e9 au Domaine du Rayol r\u00e9sonne depuis 31 ans des plus belles notes de musique au coucher du soleil ! De juillet \u00e0 ao\u00fbt, le Festival Soir\u00e9es romantiques transforme l&rsquo;esplanade de l&rsquo;H\u00f4tel de la Mer en une sc\u00e8ne \u00e0 ciel ouvert. Cinq concerts exceptionnels de musique classique, dans un cadre idyllique, invitent \u00e0 un voyage sensoriel et \u00e9motionnel au c\u0153ur des plus grandes \u0153uvres de Schubert, Beethoven ou Debussy. Cette ann\u00e9e sous la programmation remarquable de la chef d&rsquo;orchestre, Nathalie Stutzmann, Conseill\u00e8re artistique du Festival.<\/p>\n<p><strong>64e Jazz \u00e0 Juan<br \/>Du jeudi 10 juillet 2025 au dimanche 20 juillet 2025<br \/>Pin\u00e8de Gould \u2013 Juan-les-pins<\/strong><br \/>Billetterie sur jazzajuan.com ou aux guichets des offices de tourisme d&rsquo;Antibes et de Juan-les-Pins<br \/>Jazz \u00e0 Juan fera vibrer les notes de jazz dans le cadre inspirant de la Pin\u00e8de Gould, restant fid\u00e8le \u00e0 son h\u00e9ritage de diversit\u00e9 musicale et de d\u00e9couverte de talents \u00e9mergents.<br \/>Depuis 1960, le festival Jazz \u00e0 Juan accueille les plus grands noms du Jazz. Dans le cadre exceptionnel de la pin\u00e8de Gould, d\u00e9couvrez la programmation de l\u2019un des festivals de jazz les plus prestigieux du monde. Avec une multitude d\u2019\u00e9v\u00e9nements organis\u00e9s autour de la Pin\u00e8de Gould, assistez entre amis ou en famille \u00e0 des Summers Sessions, des visites guid\u00e9es et des expositions pendant toute la dur\u00e9e du festival.<\/p>\n<p><strong>LOISIRS<br \/>Partir en Livre \u00ab\u00a0Les Animaux et Nous\u00a0\u00bb <br \/>Vendredi 11 et Samedi 12 Juillet 2025 De 9h30 \u00e0 17h30<br \/>Mouans-Sartoux<\/strong><br \/>Programme complet : <a href=\"https:\/\/www.lefestivaldulivre.fr\/partir-en-livre\/\" target=\"_blank\" rel=\"noopener\">https:\/\/www.lefestivaldulivre.fr\/partir-en-livre\/<\/a><br \/>Inscriptions aux ateliers : Jusqu&rsquo;au Vendredi 11 Juillet au Centre Culturel des C\u00e8dres 77, All\u00e9e des C\u00e8dres &#8211; Mouans-Sartoux ou par t\u00e9l. : 04 92 92 47 24<br \/>Le Samedi 12 Juillet sur place aux Jardins du MIP, dans la limite des places disponibles.<br \/>Au programme : Cr\u00e9ation de planche BD, spectacle de marionnettes, fresque collaborative avec Alain Chiche, yoga pour enfants, un stand librairie Arts et Livres proposant des livres sur le th\u00e8me \u00ab\u00a0Les animaux et nous\u00a0\u00bb et bien d&rsquo;autres &#8230;<br \/>Des activit\u00e9s en libre acc\u00e8s ou sur inscription, toutes gratuites !<br \/>Venez vous rafra\u00eechir \u00e0 l&rsquo;ombre et vous amuser aux Jardins du Mus\u00e9e International de la Parfumerie !<\/p>\n<p><strong>GASTRONOMIE<br \/>Op\u00e9ration sp\u00e9ciale : lib\u00e9rez 30 000 bouteilles de St Honorat ! <br \/>Abbaye de L\u00e9rins<\/strong><br \/><a href=\"https:\/\/excellencedelerins.com\/en\/19-saint-honorat\" target=\"_blank\" rel=\"noopener\">https:\/\/excellencedelerins.com\/en\/19-saint-honorat<\/a><br \/>Les moines de L\u00e9rins sont heureux de vous annoncer que les vins rouges 2023 sont en fin d&rsquo;\u00e9levage et seront bient\u00f4t mis en bouteille. L&rsquo;ann\u00e9e 2023 a \u00e9t\u00e9 particuli\u00e8rement g\u00e9n\u00e9reuse, et il faut faire de la place dans la cave. Profitez del&rsquo;offre exceptionnelle \u00e0 seulement 18 \u20ac TTC la bouteille ou 90 \u20ac TTC le carton de 6 bouteilles. En achetant d\u00e8s maintenant, vous soutiendrez les moines de l&rsquo;Abbaye de L\u00e9rins et participerez \u00e0 cette belle action. Ne manquez pas cette opportunit\u00e9 unique de vous approvisionner en vins d&rsquo;exception tout en soutenant une noble cause.<\/p>\n<p><strong>ENVIRONNEMENT<br \/>Les v\u00e9los Lime d\u00e9sormais disponibles \u00e0 Sophia Antipolis ! <br \/>Opio, Biot, Vallauris, Villeneuve-Loubet, Antibes et Valbonne<\/strong><br \/><a href=\"https:\/\/www.agglo-sophiaantipolis.fr\/vivre-et-habiter\/se-deplacer\/le-velo\/votre-service-de-location-de-velo-en-libre-service\" target=\"_blank\" rel=\"noopener\">https:\/\/www.agglo-sophiaantipolis.fr\/vivre-et-habiter\/se-deplacer\/le-velo\/votre-service-de-location-de-velo-en-libre-service<\/a><br \/>Lime, leader mondial de la mobilit\u00e9 \u00e9lectrique partag\u00e9e, annonce le lancement officiel de 450 v\u00e9los \u00e9lectriques en libre-service dans la communaut\u00e9 d\u2019agglom\u00e9ration de Sophia Antipolis. D\u00e9sormais, les habitants de Opio, Biot, Vallauris, Villeneuve-Loubet, Antibes et Valbonne peuvent profiter de cette solution de mobilit\u00e9 douce pour leur d\u00e9placement du quotidien. Avec une assistance \u00e9lectrique optimale et une vitesse de pointe allant jusqu\u2019\u00e0 25Km\/h, les v\u00e9los Lime repr\u00e9sentent une v\u00e9ritable alternative fiable et d\u00e9carbon\u00e9e \u00e0 la voiture individuelle, pour les trajets quotidiens de moins de 10km. L\u2019arriv\u00e9e du service Lime dans la r\u00e9gion marque une nouvelle avanc\u00e9e dans l\u2019expansion de la mobilit\u00e9 verte sur la C\u00f4te d\u2019Azur, tandis que l\u2019op\u00e9rateur dispose d\u00e9j\u00e0 de 1000 v\u00e9los en circulation \u00e0 Nice et ses alentours.<br \/>Pour d\u00e9bloquer un v\u00e9lo, il est n\u00e9cessaire de poss\u00e9der un compte sur l\u2019application Uber ou Lime. Puis l\u2019utilisateur doit simplement scanner le QR code qui se situe sur le guidon du v\u00e9lo afin de le d\u00e9bloquer et commencer un trajet.<\/p>\n<p><strong>SHOPPING<br \/>NICETOILE plonge dans le Grand Bleu cet \u00e9t\u00e9 avec Blue Ocean<br \/>du 7 juillet au 31 ao\u00fbt 2025<br \/>30 av. Jean M\u00e9decin &#8211; NICE<\/strong> <br \/>Cet \u00e9t\u00e9, Blue Ocean transforme NICETOILE en une escale marine unique, entre art, aventure et conscience \u00e9cologique. <br \/>&#8211; Une Installation Monumentale : Ichtus , \u0153uvre cin\u00e9tique de 13m de hauteur de Daniel Mestanza, transforme la tr\u00e9mie centrale en un ballet aquatique et a\u00e9rien lumineux compos\u00e9 d&rsquo;une myriade de poissons anim\u00e9s. Entre contemplation et po\u00e9sie. <br \/>&#8211; Des Expositions In\u00e9dites Et Exclusives : # Ode Oc\u00e9ane : ballade photo graphique \u00e0 travers les \u00e9tages va laisser place \u00e0 l&rsquo;\u00e9merveillement visuel avec les \u0153uvres du talentueux Rafael Fernandez Caballero , sacr\u00e9 Photographe Oc\u00e9an de l&rsquo;ann\u00e9e 2024. <br \/>&#8211; Deux Conf\u00e9rences Exceptionnelles avec le champion du monde d&rsquo;apn\u00e9e Arthur Gu\u00e9rin-Bo\u00ebri qui partagea son exp\u00e9rience lors de deux rencontres exclusives : \u2022 Mercredi 16 juillet \u00e0 18h : Plong\u00e9e givr\u00e9e , une exploration du d\u00e9passement de soi, entre extr\u00eame, r\u00e9silience et passion. \u2022 Mercredi 30 juillet \u00e0 18h : L&rsquo;Odyss\u00e9e sal\u00e9e , en duo avec Kevin Semp\u00e9, pour une immersion dans les grands d\u00e9fis environnementaux li\u00e9s \u00e0 nos oc\u00e9ans. @arthurguerinboeri <br \/>&#8211; Une Exposition d&rsquo;Artistes mettant en avant des techniques multiformes , parmi lesquelles : les \u0153uvres du peintre Sylvian Preziosa plus connues sous le nom de Silvian The Fisch Man , l&rsquo;art pop et tout en stylo bic sur papier de Jacky Ananou , les inspirations de Chrystelle Weidmann ou encore les tableaux collages de l&rsquo;artiste plasticienne Marie Caroline Regottaz ..<\/p>\n<p>Copyright \u00a92025 NRV Nice Rendezvous. Tous droits r\u00e9serv\u00e9s. <br \/>@ actualites_nrv #Nice06<\/p>\n<p><img loading=\"lazy\" decoding=\"async\" style=\"margin-right: 20px; margin-bottom: 2px; float: left;\" alt=\"logo-nicerendezvous\" src=\"https:\/\/www.europesays.com\/fr\/wp-content\/uploads\/2025\/04\/logo-nrdv.jpg\" height=\"40\" width=\"40\"\/>Toutes les actualit\u00e9s les plus r\u00e9centes de <strong>NRV<\/strong>, <strong>NiceRendezVous<\/strong>, le site de rencontre avec les \u00e9v\u00e9nements, la culture et l&rsquo;histoire de <strong>Nice, de la C\u00f4te d&rsquo;Azur et de la Principaut\u00e9 de Monaco<\/strong>, sont pr\u00e9sent\u00e9es<a target=\"_blank\" title=\"Les actus r\u00e9centes de Nice-RendezVous sur Google actualit\u00e9s\" href=\"http:\/\/news.google.fr\/news\/search?pz=1&amp;cf=i&amp;ned=fr&amp;hl=fr&amp;q=site%3Anicerendezvous.com&amp;scoring=n&amp;ict=ln\" rel=\"noopener\"> ici par <strong>Google actualit\u00e9<\/strong><\/a><\/p>\n<p id=\"slidetag\">\u00a0<\/p>\n","protected":false},"excerpt":{"rendered":"Fermez les persiennes, le mercure grimpe, la M\u00e9diterran\u00e9e menace de bouillir, les vacances sont l\u00e0 et chacun veut&hellip;\n","protected":false},"author":2,"featured_media":9501,"comment_status":"","ping_status":"","sticky":false,"template":"","format":"standard","meta":{"footnotes":""},"categories":[2819],"tags":[17,1111,11,4763,6698,4764,2883,1777,674,1011,27,12,2401,882,4765,25,36293,2528],"class_list":{"0":"post-224011","1":"post","2":"type-post","3":"status-publish","4":"format-standard","5":"has-post-thumbnail","7":"category-nice","8":"tag-17","9":"tag-actu","10":"tag-actualites","11":"tag-agenda","12":"tag-canicule","13":"tag-carnet","14":"tag-ete","15":"tag-eu","16":"tag-europe","17":"tag-fr","18":"tag-france","19":"tag-news","20":"tag-nice","21":"tag-provence-alpes-cote-dazur","22":"tag-rendezvous","23":"tag-republique-francaise","24":"tag-semaine-27","25":"tag-vacances"},"share_on_mastodon":{"url":"https:\/\/pubeurope.com\/@fr\/114791311189349449","error":""},"_links":{"self":[{"href":"https:\/\/www.europesays.com\/fr\/wp-json\/wp\/v2\/posts\/224011","targetHints":{"allow":["GET"]}}],"collection":[{"href":"https:\/\/www.europesays.com\/fr\/wp-json\/wp\/v2\/posts"}],"about":[{"href":"https:\/\/www.europesays.com\/fr\/wp-json\/wp\/v2\/types\/post"}],"author":[{"embeddable":true,"href":"https:\/\/www.europesays.com\/fr\/wp-json\/wp\/v2\/users\/2"}],"replies":[{"embeddable":true,"href":"https:\/\/www.europesays.com\/fr\/wp-json\/wp\/v2\/comments?post=224011"}],"version-history":[{"count":0,"href":"https:\/\/www.europesays.com\/fr\/wp-json\/wp\/v2\/posts\/224011\/revisions"}],"wp:featuredmedia":[{"embeddable":true,"href":"https:\/\/www.europesays.com\/fr\/wp-json\/wp\/v2\/media\/9501"}],"wp:attachment":[{"href":"https:\/\/www.europesays.com\/fr\/wp-json\/wp\/v2\/media?parent=224011"}],"wp:term":[{"taxonomy":"category","embeddable":true,"href":"https:\/\/www.europesays.com\/fr\/wp-json\/wp\/v2\/categories?post=224011"},{"taxonomy":"post_tag","embeddable":true,"href":"https:\/\/www.europesays.com\/fr\/wp-json\/wp\/v2\/tags?post=224011"}],"curies":[{"name":"wp","href":"https:\/\/api.w.org\/{rel}","templated":true}]}}