{"id":224033,"date":"2025-07-03T21:11:09","date_gmt":"2025-07-03T21:11:09","guid":{"rendered":"https:\/\/www.europesays.com\/fr\/224033\/"},"modified":"2025-07-03T21:11:09","modified_gmt":"2025-07-03T21:11:09","slug":"que-fait-la-majorite-ecologiste-sinterroge-jean-michel-aulas","status":"publish","type":"post","link":"https:\/\/www.europesays.com\/fr\/224033\/","title":{"rendered":"\u00ab\u00a0Que fait la majorit\u00e9 \u00e9cologiste ?\u00a0\u00bb s&rsquo;interroge Jean-Michel Aulas"},"content":{"rendered":"<p>L\u2019ex-patron de l\u2019OL y d\u00e9nonce la gestion environnementale de la majorit\u00e9 \u00e9cologiste lyonnaise, dans un ton toujours aussi offensif, sans pour autant officialiser une quelconque candidature aux municipales de 2026.<\/p>\n<p>\u00ab\u00a0Lyon suffoque. Ce 2 juillet, un nouveau pic de pollution \u00e0 l\u2019ozone frappe la m\u00e9tropole : plus de 180 \u00b5g\/m\u00b3, air irrespirable, restrictions de circulation. En pleine canicule, notre ville \u00e9touffe. Ce n\u2019est plus une exception : c\u2019est devenu la norme\u00a0\u00bb, \u00e9crit-il en ouverture de sa publication.<\/p>\n<p>Jean-Michel Aulas reproche \u00e0 l\u2019ex\u00e9cutif local de ne pas prendre la mesure du probl\u00e8me : \u00ab\u00a0Que fait la majorit\u00e9 \u00e9cologiste ? Plut\u00f4t que de v\u00e9g\u00e9taliser, elle b\u00e9tonne. Plut\u00f4t que d\u2019isoler les b\u00e2timents anciens, elle investit dans des structures m\u00e9talliques qui aggravent les \u00eelots de chaleur. R\u00e9sultat : plus de chaleur, plus de pollution, moins de solutions.\u00a0\u00bb<\/p>\n<p>Le fondateur de Cegid s\u2019appuie sur des chiffres comparatifs pour appuyer sa critique : \u00ab\u00a0Lyon ne compte aujourd\u2019hui que 8 m\u00b2 d\u2019espaces verts par habitant, contre 30 m\u00b2 \u00e0 Paris\u2026 et 130 m\u00b2 \u00e0 Marseille. Malgr\u00e9 ce d\u00e9ficit, aucune politique s\u00e9rieuse de d\u00e9simperm\u00e9abilisation ou de verdissement n\u2019est lanc\u00e9e \u00e0 grande \u00e9chelle.\u00a0\u00bb\u00a0<\/p>\n<p>Et de conclure : \u00ab\u00a0Les Lyonnais n\u2019attendent pas des postures. Ils veulent une \u00e9cologie de r\u00e9sultats, plus rigoureuse, plus coh\u00e9rente. J\u2019aurai l\u2019occasion d\u2019y revenir, y compris en m\u2019appuyant sur des solutions port\u00e9es par Team for the Planet : une approche qui parle peu, mais qui agit, rassemble\u2026 et obtient des r\u00e9sultats.\u00a0\u00bb<\/p>\n<p>Malgr\u00e9 cette nouvelle prise de position tr\u00e8s politique, Jean-Michel Aulas ne s\u2019est toujours pas exprim\u00e9 officiellement sur une possible candidature \u00e0 la mairie de Lyon en 2026.<\/p>\n<p>En r\u00e9ponse, Fabien Bagnon, vice-pr\u00e9sident (EELV) de la M\u00e9tropole de Lyon charg\u00e9 de la voirie et des mobilit\u00e9s actives, d\u00e9fend le bilan des ex\u00e9cutifs\u00a0\u00e9cologistes : \u00ab\u00a0La pollution de l&rsquo;air a baiss\u00e9 sous notre mandat\u00a0\u00bb, assure ce dernier. <\/p>\n<p>Il pr\u00e9cise \u00e9galement que \u00ab\u00a0180 000 arbres et arbustes ont \u00e9t\u00e9 plant\u00e9s en cinq ans, (contre 24 000 sous le pr\u00e9c\u00e9dent mandat)\u00a0\u00bb, et met en avant les efforts en mati\u00e8re de sol et de v\u00e9g\u00e9talisation : \u00ab\u00a0400 hectares ont \u00e9t\u00e9\u00a0d\u00e9simperm\u00e9abilis\u00e9s, soit l&rsquo;\u00e9quivalent de dix fois la totalit\u00e9 du parc OL.\u00a0\u00bb<\/p>\n","protected":false},"excerpt":{"rendered":"L\u2019ex-patron de l\u2019OL y d\u00e9nonce la gestion environnementale de la majorit\u00e9 \u00e9cologiste lyonnaise, dans un ton toujours aussi&hellip;\n","protected":false},"author":2,"featured_media":224034,"comment_status":"","ping_status":"","sticky":false,"template":"","format":"standard","meta":{"footnotes":""},"categories":[1889],"tags":[1111,11,2813,2190,2430,1109,251,1112,2811,1777,674,118,1011,27,1922,1110,1114,2428,2810,12,241,316,25,2812,517,800],"class_list":{"0":"post-224033","1":"post","2":"type-post","3":"status-publish","4":"format-standard","5":"has-post-thumbnail","7":"category-lyon","8":"tag-actu","9":"tag-actualites","10":"tag-article","11":"tag-asvel","12":"tag-auvergne-rhone-alpes","13":"tag-breves","14":"tag-culture","15":"tag-depeches","16":"tag-economique","17":"tag-eu","18":"tag-europe","19":"tag-faits-divers","20":"tag-fr","21":"tag-france","22":"tag-info","23":"tag-informations","24":"tag-infos","25":"tag-lyon","26":"tag-lyonmag","27":"tag-news","28":"tag-ol","29":"tag-politique","30":"tag-republique-francaise","31":"tag-sociale","32":"tag-sport","33":"tag-transports"},"share_on_mastodon":{"url":"https:\/\/pubeurope.com\/@fr\/114791362885247573","error":""},"_links":{"self":[{"href":"https:\/\/www.europesays.com\/fr\/wp-json\/wp\/v2\/posts\/224033","targetHints":{"allow":["GET"]}}],"collection":[{"href":"https:\/\/www.europesays.com\/fr\/wp-json\/wp\/v2\/posts"}],"about":[{"href":"https:\/\/www.europesays.com\/fr\/wp-json\/wp\/v2\/types\/post"}],"author":[{"embeddable":true,"href":"https:\/\/www.europesays.com\/fr\/wp-json\/wp\/v2\/users\/2"}],"replies":[{"embeddable":true,"href":"https:\/\/www.europesays.com\/fr\/wp-json\/wp\/v2\/comments?post=224033"}],"version-history":[{"count":0,"href":"https:\/\/www.europesays.com\/fr\/wp-json\/wp\/v2\/posts\/224033\/revisions"}],"wp:featuredmedia":[{"embeddable":true,"href":"https:\/\/www.europesays.com\/fr\/wp-json\/wp\/v2\/media\/224034"}],"wp:attachment":[{"href":"https:\/\/www.europesays.com\/fr\/wp-json\/wp\/v2\/media?parent=224033"}],"wp:term":[{"taxonomy":"category","embeddable":true,"href":"https:\/\/www.europesays.com\/fr\/wp-json\/wp\/v2\/categories?post=224033"},{"taxonomy":"post_tag","embeddable":true,"href":"https:\/\/www.europesays.com\/fr\/wp-json\/wp\/v2\/tags?post=224033"}],"curies":[{"name":"wp","href":"https:\/\/api.w.org\/{rel}","templated":true}]}}