{"id":224046,"date":"2025-07-03T21:18:11","date_gmt":"2025-07-03T21:18:11","guid":{"rendered":"https:\/\/www.europesays.com\/fr\/224046\/"},"modified":"2025-07-03T21:18:11","modified_gmt":"2025-07-03T21:18:11","slug":"beaucoup-de-choses-changent-monte-en-ligue-1-le-paris-fc-a-repris-lentrainement","status":"publish","type":"post","link":"https:\/\/www.europesays.com\/fr\/224046\/","title":{"rendered":"\u00ab\u00a0Beaucoup de choses changent\u00a0\u00bb : mont\u00e9 en Ligue 1, le Paris FC a repris l\u2019entra\u00eenement"},"content":{"rendered":"<p class=\"paragraph text_align_left lp-f-body-02\">Un peu moins de deux mois apr\u00e8s s\u2019\u00eatre quitt\u00e9s <a href=\"https:\/\/www.leparisien.fr\/sports\/football\/paris-fc\/soiree-en-boite-avec-klopp-naissance-de-la-fille-de-julien-lopez-les-dessous-de-la-belle-fete-du-paris-fc-11-05-2025-UJJP3MVLPFGLFODWLEETECPPNE.php\" target=\"_self\" rel=\"nofollow noopener\">sur plusieurs f\u00eates pour c\u00e9l\u00e9brer la mont\u00e9e en Ligue 1<\/a>, les joueurs du Paris FC ont retrouv\u00e9 le chemin du centre d\u2019entra\u00eenement d\u2019Orly ce jeudi matin. Avant la v\u00e9ritable reprise sur le terrain et avec le ballon lundi 7 juillet, trois jours de tests physiques et m\u00e9dicaux, effectu\u00e9s par petits groupes, sont au menu jusqu\u2019\u00e0 samedi. Les joueurs avaient un programme \u00e0 respecter durant le mois de juin et devaient en rendre compte chaque semaine \u00e0 un pr\u00e9parateur physique ou un kin\u00e9.<\/p>\n<p class=\"paragraph text_align_left lp-f-body-02\">\u00ab Sur ce que j\u2019ai vu, je pense qu\u2019ils l\u2019ont respect\u00e9 pour la quasi-int\u00e9gralit\u00e9. Je suis tr\u00e8s content de retrouver les joueurs m\u00eame s\u2019ils n\u2019\u00e9taient pas tous pr\u00e9sents \u00e0 la m\u00eame heure. Ce sera pour la vraie reprise lundi \u00bb, explique l\u2019entra\u00eeneur St\u00e9phane Gilli qui, lui, n\u2019a quasiment pas pris de vacances. <\/p>\n<p class=\"paragraph text_align_left lp-f-body-02\">\u00ab Il y a du travail, car beaucoup de choses changent avec la mont\u00e9e. Mais on est tr\u00e8s content de le faire car \u00e7a signifie qu\u2019on a rempli l\u2019objectif, poursuit-il. On a beaucoup \u00e9chang\u00e9 avec la direction, le directeur sportif et les actionnaires pour b\u00e2tir la meilleure \u00e9quipe possible. Donc \u00e7a demande beaucoup de travail, mais c\u2019est tout \u00e0 fait normal, j\u2019\u00e9tais tr\u00e8s heureux de le faire. C\u2019est toujours bien aussi d\u2019\u00eatre chez soi (\u00e0 N\u00eemes), en famille, \u00e7a permet de changer de cadre et de s\u2019a\u00e9rer la t\u00eate tout en travaillant. \u00bb<\/p>\n<p>Moses Simon arrive le 14 juillet, Kolodziejczak va prolonger<\/p>\n<p class=\"paragraph text_align_left lp-f-body-02\">Sur cette premi\u00e8re journ\u00e9e, 34 joueurs \u00e9taient pr\u00e9sents dont les jeunes qui ont sign\u00e9 pro (Fatahine, El Khit, Bering, Khaldi), trois jeunes gardiens et les bless\u00e9s (Alakouch, Colau). Il n\u2019y avait pas de nouvelles t\u00eates, puisqu\u2019au niveau des recrues, Nhoa Sangui (ex-Reims) n\u2019arrivera que lundi et<a href=\"https:\/\/www.leparisien.fr\/sports\/football\/paris-fc\/mercato-paris-fc-projet-de-jeu-salaire-naturalisation-comment-le-promu-parisien-a-attire-moses-simon-25-06-2025-66WAZIR7DRE6LNOGP7M3B2WCW4.php\" target=\"_self\" rel=\"nofollow noopener\"> Moses Simon<\/a> (ex-Nantes) qui a disput\u00e9 des matchs avec le Nigeria en juin, a b\u00e9n\u00e9fici\u00e9 d\u2019une rallonge de vacances, et sera l\u00e0 \u00e0 partir du 14 juillet. Tout comme le gardien Obed Nkambadio qui a particip\u00e9 \u00e0 l\u2019Euro espoirs avec l\u2019\u00e9quipe de France.<\/p>\n<p class=\"paragraph text_align_left lp-f-body-02\">En revanche, le capitaine de la saison derni\u00e8re Timoth\u00e9e Kolodziejczak, tout juste rentr\u00e9 du Mexique, le pays de son \u00e9pouse, \u00e9tait bien l\u00e0. Un signe, que m\u00eame si elle n\u2019est pas encore totalement finalis\u00e9e, sa prolongation de contrat est en bonne voie. Celles de Julien Lopez et de R\u00e9my Riou, qui sera 3e gardien, sont, elles, act\u00e9es. Des recrues sont attendues la semaine prochaine.<\/p>\n<p class=\"paragraph text_align_left lp-f-body-02\">\u00ab La direction y travaille, on esp\u00e8re que dans quelques jours, on aura des bonnes nouvelles, lance St\u00e9phane Gilli qui va s\u2019entretenir individuellement avec tous les joueurs. Pour certains, la porte est ouverte. Il va falloir en effet trouver des solutions, car en l\u2019\u00e9tat, l\u2019effectif est d\u00e9j\u00e0 pl\u00e9thorique. Par exemple, il y a quatre lat\u00e9raux gauches (Sangui, De Smet pour qui l\u2019option d\u2019achat a \u00e9t\u00e9 lev\u00e9e, Ollila et Gaudin).<\/p>\n<p class=\"paragraph text_align_left lp-f-body-02\">\u00ab On va essayer d\u2019\u00eatre le plus clair possible avec eux, poursuit le coach du Paris FC. Il y a des joueurs sur lesquels on ne compte plus trop, ils le savent et on va leur redire. Il y en a qui en sont conscients et qui vont aller chercher du temps de jeu ailleurs. Je vais les int\u00e9grer au maximum sauf qu\u2019\u00e0 un moment, plus la comp\u00e9tition se rapprochera, plus je serai oblig\u00e9 de m\u2019appuyer sur ceux sur qui je vais compter cette saison. \u00bb<\/p>\n<p class=\"paragraph text_align_left lp-f-body-02\">Les choses devront se d\u00e9canter d\u2019ici le d\u00e9part pour le stage \u00e0 Evian (Haute-Savoie) \u00e0 partir du 19 juillet. Car avec les recrues qui vont arriver, le staff parisien, qui est renforc\u00e9 par l\u2019arriv\u00e9e d\u2019un pr\u00e9parateur physique Mathieu Dubarry (ex-Troyes), n\u2019emm\u00e8nera pas tout le monde.<\/p>\n","protected":false},"excerpt":{"rendered":"Un peu moins de deux mois apr\u00e8s s\u2019\u00eatre quitt\u00e9s sur plusieurs f\u00eates pour c\u00e9l\u00e9brer la mont\u00e9e en Ligue&hellip;\n","protected":false},"author":2,"featured_media":224047,"comment_status":"","ping_status":"","sticky":false,"template":"","format":"standard","meta":{"footnotes":""},"categories":[1888],"tags":[11,1777,674,63,1011,27,66,12,626,25,60],"class_list":{"0":"post-224046","1":"post","2":"type-post","3":"status-publish","4":"format-standard","5":"has-post-thumbnail","7":"category-paris","8":"tag-actualites","9":"tag-eu","10":"tag-europe","11":"tag-football","12":"tag-fr","13":"tag-france","14":"tag-ligue-1","15":"tag-news","16":"tag-paris","17":"tag-republique-francaise","18":"tag-sports"},"share_on_mastodon":{"url":"https:\/\/pubeurope.com\/@fr\/114791389862740677","error":""},"_links":{"self":[{"href":"https:\/\/www.europesays.com\/fr\/wp-json\/wp\/v2\/posts\/224046","targetHints":{"allow":["GET"]}}],"collection":[{"href":"https:\/\/www.europesays.com\/fr\/wp-json\/wp\/v2\/posts"}],"about":[{"href":"https:\/\/www.europesays.com\/fr\/wp-json\/wp\/v2\/types\/post"}],"author":[{"embeddable":true,"href":"https:\/\/www.europesays.com\/fr\/wp-json\/wp\/v2\/users\/2"}],"replies":[{"embeddable":true,"href":"https:\/\/www.europesays.com\/fr\/wp-json\/wp\/v2\/comments?post=224046"}],"version-history":[{"count":0,"href":"https:\/\/www.europesays.com\/fr\/wp-json\/wp\/v2\/posts\/224046\/revisions"}],"wp:featuredmedia":[{"embeddable":true,"href":"https:\/\/www.europesays.com\/fr\/wp-json\/wp\/v2\/media\/224047"}],"wp:attachment":[{"href":"https:\/\/www.europesays.com\/fr\/wp-json\/wp\/v2\/media?parent=224046"}],"wp:term":[{"taxonomy":"category","embeddable":true,"href":"https:\/\/www.europesays.com\/fr\/wp-json\/wp\/v2\/categories?post=224046"},{"taxonomy":"post_tag","embeddable":true,"href":"https:\/\/www.europesays.com\/fr\/wp-json\/wp\/v2\/tags?post=224046"}],"curies":[{"name":"wp","href":"https:\/\/api.w.org\/{rel}","templated":true}]}}