{"id":224053,"date":"2025-07-03T21:22:10","date_gmt":"2025-07-03T21:22:10","guid":{"rendered":"https:\/\/www.europesays.com\/fr\/224053\/"},"modified":"2025-07-03T21:22:10","modified_gmt":"2025-07-03T21:22:10","slug":"pour-keir-starmer-une-premiere-annee-de-pouvoir-en-eaux-agitees","status":"publish","type":"post","link":"https:\/\/www.europesays.com\/fr\/224053\/","title":{"rendered":"pour Keir Starmer, une premi\u00e8re ann\u00e9e de pouvoir en eaux agit\u00e9es"},"content":{"rendered":"<p><strong>D\u00c9CRYPTAGE &#8211; <\/strong>Malgr\u00e9 une large victoire aux \u00e9lections de juillet 2024, le premier ministre britannique est \u00e0 la peine et vient d\u2019\u00eatre confront\u00e9 \u00e0 une r\u00e9bellion massive au sein de son propre parti.<\/p>\n<p class=\"fig-paragraph\">La victoire fut \u00e9clatante mais ses lendemains sont moins lumineux. Il y a un an,\u00a0<a href=\"http:\/\/www.lefigaro.fr\/musique\/la-presence-du-groupe-kneecap-a-glastonbury-est-inappropriee-selon-keir-starmer-20250623\" data-fig-type=\"Article\" data-gtm-custom-categorie=\"navigation\" data-gtm-custom-action=\"crossclick\" data-gtm-custom-label=\"Contextuel\" data-gtm-event=\"customEventSPE\" data-fig-domain=\"LEFIGARO\" target=\"_blank\" rel=\"noopener\">Keir Starmer<\/a>\u00a0remportait haut la main les \u00e9lections g\u00e9n\u00e9rales britanniques. Mettant fin \u00e0 quatorze ann\u00e9es de r\u00e8gne conservateur, il s\u2019installait \u00e0 Downing Street.<a href=\"http:\/\/www.lefigaro.fr\/international\/au-royaume-uni-keir-starmer-fait-douter-ses-troupes-travaillistes-20250205\" data-fig-type=\"Article\" data-gtm-custom-categorie=\"navigation\" data-gtm-custom-action=\"crossclick\" data-gtm-custom-label=\"Contextuel\" data-gtm-event=\"customEventSPE\" data-fig-domain=\"LEFIGARO\" target=\"_blank\" rel=\"noopener\">\u00a0Mais la lune de miel a \u00e9t\u00e9 de tr\u00e8s courte dur\u00e9e<\/a>. Et le dirigeant travailliste \u00e0 la peine est confront\u00e9 \u00e0 une crise d\u2019autorit\u00e9 aupr\u00e8s de ses troupes.<\/p>\n<p class=\"fig-paragraph\">\u00ab\u00a0Humiliation\u00a0\u00bb, \u00ab\u00a0Capitulation totale\u00a0\u00bb, \u00ab\u00a0Farce\u00a0\u00bb\u2026 Les titres de la presse &#8211;\u00a0de droite comme de gauche\u00a0&#8211; ont jet\u00e9 une large ombre mercredi sur cet anniversaire. En grande difficult\u00e9, Keir Starmer venait d\u2019\u00e9viter la veille au soir une f\u00e2cheuse d\u00e9faite parlementaire face \u00e0 ses propres troupes. Quelque 126\u00a0d\u00e9put\u00e9s travaillistes s\u2019\u00e9taient lev\u00e9s contre une r\u00e9forme impopulaire, coupant dans les aides aux malades et aux personnes handicap\u00e9es, dans le cadre d\u2019\u00e9conomies budg\u00e9taires. Le premier ministre a d\u00fb faire d\u2019ultimes concessions pour \u00e9viter que son texte ne soit retoqu\u00e9 par les siens. Mais\u2026<\/p>\n<p class=\"fig-premium-paywall__infos\">\n        Cet article est r\u00e9serv\u00e9 aux abonn\u00e9s.        Il vous reste 86% \u00e0 d\u00e9couvrir.\n    <\/p>\n<p>                <img  data- alt=\"Le Figaro\" class=\"fig-img--complete fig-img\"\/><\/p>\n<p class=\"fig-premium-paywall__title\">Vous avez envie de lire la suite ?<\/p>\n<p class=\"fig-premium-paywall__subtitle\">D\u00e9bloquez tous les articles imm\u00e9diatement.<\/p>\n<p class=\"fig-premium-paywall__connect\">\n                D\u00e9j\u00e0 abonn\u00e9\u00a0?                <a class=\"fig-premium-paywall__connect-link\" href=\"https:\/\/connect.lefigaro.fr\/login?client=horizon_web&amp;type=main&amp;redirect_uri=https%3A%2F%2Fwww.lefigaro.fr%2Finternational%2Froyaume-uni-pour-keir-starmer-une-premiere-annee-de-pouvoir-en-eaux-agitees-20250703\" data-js-gtm=\"{&quot;customCategorie&quot;: &quot;conversion&quot;, &quot;customAction&quot;: &quot;before_Landing_Connexion_paywall_auto&quot;, &quot;customLabel&quot;: &quot;bGVmaWdhcm8uZnJfXzFmMDU4MTU5LWE0MzQtNmZkMi1iNjFlLTNmYzdlNDMzYzEzNV9fQXJ0aWNsZQ==_Royaume-Uni: pour Keir Starmer, une premi\u00e8re ann\u00e9e de pouvoir en eaux agit\u00e9es_609&quot;, &quot;customIDSPE&quot;: &quot;bGVmaWdhcm8uZnJfXzFmMDU4MTU5LWE0MzQtNmZkMi1iNjFlLTNmYzdlNDMzYzEzNV9fQXJ0aWNsZQ==&quot;, &quot;event&quot;: &quot;customEventSPE&quot;}\" target=\"_blank\" rel=\"noopener\"><br \/>\n                    Connectez-vous<br \/>\n                <\/a>\n            <\/p>\n","protected":false},"excerpt":{"rendered":"D\u00c9CRYPTAGE &#8211; Malgr\u00e9 une large victoire aux \u00e9lections de juillet 2024, le premier ministre britannique est \u00e0 la&hellip;\n","protected":false},"author":2,"featured_media":224054,"comment_status":"","ping_status":"","sticky":false,"template":"","format":"standard","meta":{"footnotes":""},"categories":[1588],"tags":[11,1777,674,2581,12,473,1853,1851,1850,1852],"class_list":{"0":"post-224053","1":"post","2":"type-post","3":"status-publish","4":"format-standard","5":"has-post-thumbnail","7":"category-royaume-uni","8":"tag-actualites","9":"tag-eu","10":"tag-europe","11":"tag-keir-starmer","12":"tag-news","13":"tag-royaume-uni","14":"tag-royaume-uni-de-grande-bretagne-et-dirlande-du-nord","15":"tag-uk","16":"tag-united-kingdom","17":"tag-united-kingdom-of-great-britain-and-northern-ireland"},"share_on_mastodon":{"url":"https:\/\/pubeurope.com\/@fr\/114791405822164735","error":""},"_links":{"self":[{"href":"https:\/\/www.europesays.com\/fr\/wp-json\/wp\/v2\/posts\/224053","targetHints":{"allow":["GET"]}}],"collection":[{"href":"https:\/\/www.europesays.com\/fr\/wp-json\/wp\/v2\/posts"}],"about":[{"href":"https:\/\/www.europesays.com\/fr\/wp-json\/wp\/v2\/types\/post"}],"author":[{"embeddable":true,"href":"https:\/\/www.europesays.com\/fr\/wp-json\/wp\/v2\/users\/2"}],"replies":[{"embeddable":true,"href":"https:\/\/www.europesays.com\/fr\/wp-json\/wp\/v2\/comments?post=224053"}],"version-history":[{"count":0,"href":"https:\/\/www.europesays.com\/fr\/wp-json\/wp\/v2\/posts\/224053\/revisions"}],"wp:featuredmedia":[{"embeddable":true,"href":"https:\/\/www.europesays.com\/fr\/wp-json\/wp\/v2\/media\/224054"}],"wp:attachment":[{"href":"https:\/\/www.europesays.com\/fr\/wp-json\/wp\/v2\/media?parent=224053"}],"wp:term":[{"taxonomy":"category","embeddable":true,"href":"https:\/\/www.europesays.com\/fr\/wp-json\/wp\/v2\/categories?post=224053"},{"taxonomy":"post_tag","embeddable":true,"href":"https:\/\/www.europesays.com\/fr\/wp-json\/wp\/v2\/tags?post=224053"}],"curies":[{"name":"wp","href":"https:\/\/api.w.org\/{rel}","templated":true}]}}