{"id":224055,"date":"2025-07-03T21:23:15","date_gmt":"2025-07-03T21:23:15","guid":{"rendered":"https:\/\/www.europesays.com\/fr\/224055\/"},"modified":"2025-07-03T21:23:15","modified_gmt":"2025-07-03T21:23:15","slug":"euro-2025-feminin-lallemagne-favorite-du-groupe-c","status":"publish","type":"post","link":"https:\/\/www.europesays.com\/fr\/224055\/","title":{"rendered":"Euro 2025 f\u00e9minin: l&rsquo;Allemagne favorite du groupe C"},"content":{"rendered":"<p>Publi\u00e93. juillet 2025, 15:20<\/p>\n<p>Euro 2025: La pr\u00e9sentation du groupe C, celui de l&rsquo;Allemagne<\/p>\n<p>Le Championnat d\u2019Europe a d\u00e9but\u00e9 le 2 juillet. Voici les forces en pr\u00e9sence dans la poule C, avec notamment les Allemandes.<\/p>\n<p><a href=\"https:\/\/www.20min.ch\/fr\/auteurs\/92090625\/robin-carrel\" class=\"sc-b1f21c84-2 egfiIF\" rel=\"nofollow noopener\" target=\"_blank\"><img decoding=\"async\" alt=\"Robin Carrel\" src=\"https:\/\/www.europesays.com\/fr\/wp-content\/uploads\/2025\/07\/611dda16-d3fa-4ade-a82b-b8a1e07dee2e.jpeg\" class=\"sc-b1f21c84-1 iTOvpR\"\/><\/a><img loading=\"lazy\" decoding=\"async\" src=\"https:\/\/www.europesays.com\/fr\/wp-content\/uploads\/2025\/07\/48bae164-ff60-44ad-91ae-3cb67929826d.jpeg\" alt=\"Les supporters allemands vont d\u00e9barquer en nombre.\" title=\"Les supporters allemands vont d\u00e9barquer en nombre.\"  width=\"1200\" height=\"800\"\/><\/p>\n<p>Les supporters allemands vont d\u00e9barquer en nombre.<\/p>\n<p>IMAGO\/osnapix<strong\/><\/p>\n<p>Favorites, ambitieuses, outsiders et \u00abpetites poucettes\u00bb. Pour pr\u00e9senter la phase de groupes de ce Championnat d&rsquo;Europe en Suisse, on a choisi de diviser <a href=\"https:\/\/www.20min.ch\/fr\/story\/euro-2025-la-presentation-du-groupe-a-celui-de-l-equipe-de-suisse-103357127\" rel=\"nofollow noopener\" target=\"_blank\">les poules<\/a> en quatre qualificatifs. Ils collent plus ou moins, parce que certains \u00abgroupes de la mort\u00bb c\u00f4toient des poules d&rsquo;un niveau forc\u00e9ment inf\u00e9rieur. Voici ce qu&rsquo;il faut attendre du premier tour de la comp\u00e9tition organis\u00e9e cet \u00e9t\u00e9 dans les stades helv\u00e9tiques. On continue avec le Groupe C.<\/p>\n<p>1. Les favorites: l&rsquo;Allemagne<\/p>\n<p><img loading=\"lazy\" decoding=\"async\" src=\"https:\/\/www.europesays.com\/fr\/wp-content\/uploads\/2025\/07\/becf0b64-f838-4c3c-a603-c58310a07df2.jpeg\" alt=\"\" title=\"\"  width=\"1200\" height=\"791\"\/>IMAGO\/Claus Bergmann<\/p>\n<p>\u00c7a ressemble un peu au moment o\u00f9 le speaker de Roland-Garros appelait Rafael Nadal sur le central de la Porte d&rsquo;Auteuil\u2026 L&rsquo;Allemagne, au niveau europ\u00e9en, a longtemps \u00e9t\u00e9 un ogre, qui ne laissait pas grand-chose \u00e0 ses adversaires. Jugez plut\u00f4t: championne d&rsquo;Europe 1989, 1991, 1995, 1997, 2001, 2005, 2009, 2013 et vice-championne il y a trois ans en Angleterre. Vous avez besoin d&rsquo;une autre explication du pourquoi de son statut de favorite?<\/p>\n<p>2. Les ambitieuses: la Su\u00e8de<\/p>\n<p><img loading=\"lazy\" decoding=\"async\" src=\"https:\/\/www.europesays.com\/fr\/wp-content\/uploads\/2025\/07\/0e800ecc-e419-4f78-941b-7c565827392f.jpeg\" alt=\"\" title=\"\"  width=\"1200\" height=\"856\"\/>AFP<\/p>\n<p>La Su\u00e8de aussi est une \u00e9quipe pionni\u00e8re du jeu de ballon au f\u00e9minin. Elle a gagn\u00e9 la premi\u00e8re \u00e9dition du Championnat d&rsquo;Europe en 1984 et \u00e9t\u00e9 finaliste en 1987, 1995 et 2001. C&rsquo;est vite vu, depuis 30 ans, les Scandinaves ont \u00e0 chaque fois pass\u00e9 la phase de poules et on ne voit pas pourquoi ce serait diff\u00e9rent cette fois, malgr\u00e9 leur placement dans une poule sacr\u00e9ment compliqu\u00e9e. Attention toutefois, son \u00e9quipe cette ann\u00e9e est \u00abtr\u00e8s exp\u00e9riment\u00e9e\u00bb et il ne faudrait pas que ceci rime avec \u00abfin de cycle\u00bb.<\/p>\n<p>3. Les outsiders: le Danemark<\/p>\n<p><img loading=\"lazy\" decoding=\"async\" src=\"https:\/\/www.europesays.com\/fr\/wp-content\/uploads\/2025\/07\/763fa627-6881-4f2c-b87c-0c102fa4a0ab.jpeg\" alt=\"\" title=\"\"  width=\"1200\" height=\"800\"\/>IMAGO\/Gonzales Photo<\/p>\n<p>Les Danoises aussi font partie des \u00e9quipes historiques, sur des terres du nord o\u00f9 le football des femmes a trouv\u00e9 de quoi planter des racines solides. Le Danemark avait surpris tout le monde en jouant (et perdant) la finale de 2017 et cela a aiguis\u00e9 les app\u00e9tits. Car dans le contingent du s\u00e9lectionneur Andr\u00e9e Jeglertz foisonnent les talents, diss\u00e9min\u00e9s dans de nombreux pays autour de la plan\u00e8te. En prime, une nouvelle g\u00e9n\u00e9ration ambitieuse conna\u00eetra en Suisse son premier tournoi de haut niveau.<\/p>\n<p>4. Les petites poucettes: la Pologne<\/p>\n<p><img loading=\"lazy\" decoding=\"async\" src=\"https:\/\/www.europesays.com\/fr\/wp-content\/uploads\/2025\/07\/9e64c9ad-3756-4f8d-aae1-228a3f68033a.jpeg\" alt=\"\" title=\"\"  width=\"1200\" height=\"800\"\/>IMAGO\/Newspix<\/p>\n<p>Les Polonaises sont tr\u00e8s heureuses d&rsquo;\u00eatre en Suisse cet \u00e9t\u00e9 et elles ont bien raison de l&rsquo;\u00eatre. Jamais dans l&rsquo;histoire une s\u00e9lection venue de Pologne n&rsquo;avait jamais obtenu son ticket pour une comp\u00e9tition majeure, ce qu&rsquo;elle a r\u00e9ussi \u00e0 faire cette ann\u00e9e, battant en barrage l&rsquo;Autriche. Le football f\u00e9minin est en d\u00e9veloppement depuis le d\u00e9but des ann\u00e9es 2010 et cette qualification en est, enfin, un des premiers signes tangibles. Une petite consolation pour une nation qui avait postul\u00e9 dans le but d&rsquo;organiser cet Euro, mais vite \u00e9t\u00e9 \u00e9limin\u00e9 face \u00e0 la candidature suisse, finalement gagnante, et celle conjointe du Danemark, de la Su\u00e8de, de la Norv\u00e8ge et de la Finlande.<\/p>\n<p>Tous les groupes, toutes les pr\u00e9sentations<\/p>\n<p><a href=\"https:\/\/www.20min.ch\/fr\/story\/euro-2025-la-presentation-du-groupe-a-celui-de-l-equipe-de-suisse-103357127\" rel=\"nofollow noopener\" target=\"_blank\">Groupe A<\/a>: Suisse (h\u00f4te), Norv\u00e8ge, Islande, Finlande<br \/><a href=\"https:\/\/www.20min.ch\/fr\/story\/euro-2025-la-presentation-du-groupe-b-celui-des-espagnoles-103357137\" rel=\"nofollow noopener\" target=\"_blank\">Groupe B<\/a>: Espagne, Portugal, Belgique, Italie<br \/><a href=\"https:\/\/www.20min.ch\/fr\/story\/euro-2025-la-presentation-du-groupe-c-celui-de-l-allemagne-103357139\" rel=\"nofollow noopener\" target=\"_blank\">Groupe C<\/a>: Allemagne, Pologne, Danemark, Su\u00e8de<br \/>Groupe D: France, Angleterre (tenante du titre), Pays de Galles, Pays-Bas<\/p>\n","protected":false},"excerpt":{"rendered":"Publi\u00e93. juillet 2025, 15:20 Euro 2025: La pr\u00e9sentation du groupe C, celui de l&rsquo;Allemagne Le Championnat d\u2019Europe a&hellip;\n","protected":false},"author":2,"featured_media":224056,"comment_status":"","ping_status":"","sticky":false,"template":"","format":"standard","meta":{"footnotes":""},"categories":[1587],"tags":[11,672,1804,1805,1803,1777,674,1801,12,1802],"class_list":{"0":"post-224055","1":"post","2":"type-post","3":"status-publish","4":"format-standard","5":"has-post-thumbnail","7":"category-allemagne","8":"tag-actualites","9":"tag-allemagne","10":"tag-bundesrepublik-deutschland","11":"tag-de","12":"tag-deutschland","13":"tag-eu","14":"tag-europe","15":"tag-germany","16":"tag-news","17":"tag-republique-federale-dallemagne"},"share_on_mastodon":{"url":"https:\/\/pubeurope.com\/@fr\/114791409796989221","error":""},"_links":{"self":[{"href":"https:\/\/www.europesays.com\/fr\/wp-json\/wp\/v2\/posts\/224055","targetHints":{"allow":["GET"]}}],"collection":[{"href":"https:\/\/www.europesays.com\/fr\/wp-json\/wp\/v2\/posts"}],"about":[{"href":"https:\/\/www.europesays.com\/fr\/wp-json\/wp\/v2\/types\/post"}],"author":[{"embeddable":true,"href":"https:\/\/www.europesays.com\/fr\/wp-json\/wp\/v2\/users\/2"}],"replies":[{"embeddable":true,"href":"https:\/\/www.europesays.com\/fr\/wp-json\/wp\/v2\/comments?post=224055"}],"version-history":[{"count":0,"href":"https:\/\/www.europesays.com\/fr\/wp-json\/wp\/v2\/posts\/224055\/revisions"}],"wp:featuredmedia":[{"embeddable":true,"href":"https:\/\/www.europesays.com\/fr\/wp-json\/wp\/v2\/media\/224056"}],"wp:attachment":[{"href":"https:\/\/www.europesays.com\/fr\/wp-json\/wp\/v2\/media?parent=224055"}],"wp:term":[{"taxonomy":"category","embeddable":true,"href":"https:\/\/www.europesays.com\/fr\/wp-json\/wp\/v2\/categories?post=224055"},{"taxonomy":"post_tag","embeddable":true,"href":"https:\/\/www.europesays.com\/fr\/wp-json\/wp\/v2\/tags?post=224055"}],"curies":[{"name":"wp","href":"https:\/\/api.w.org\/{rel}","templated":true}]}}