{"id":224068,"date":"2025-07-03T21:32:10","date_gmt":"2025-07-03T21:32:10","guid":{"rendered":"https:\/\/www.europesays.com\/fr\/224068\/"},"modified":"2025-07-03T21:32:10","modified_gmt":"2025-07-03T21:32:10","slug":"wimbledon-atp-kyrgios-sinner-aura-une-meilleure-carriere-qualcaraz-parce-que-carlos-aime-trop-les-filles-il-pourrait-etre-distrait-il-pourrait-faire-la-fete-trop-souvent","status":"publish","type":"post","link":"https:\/\/www.europesays.com\/fr\/224068\/","title":{"rendered":"Wimbledon, ATP > Kyrgios : \u00ab\u00a0Sinner aura une meilleure carri\u00e8re qu&rsquo;Alcaraz parce que Carlos aime trop les filles. Il pourrait \u00eatre distrait, il pourrait faire la f\u00eate trop souvent\u00a0\u00bb"},"content":{"rendered":"<p>Au cours d\u2019une conver\u00adsa\u00adtion avec Patrick Mouratoglou en marge de l\u2019UTS, l\u2019ex\u00adhi\u00adbi\u00adtion cr\u00e9\u00e9e par l\u2019en\u00adtra\u00ee\u00adneur fran\u00ad\u00e7ais, Nick Kyrgios a estim\u00e9 que Jannik Sinner allait avoir une meilleure carri\u00e8re que Carlos Alcaraz sur la longueur en raison du go\u00fbt prononc\u00e9 de ce dernier pour la gente f\u00e9minine.\u00a0<\/p>\n<p>Et l\u2019Australien semble tr\u00e8s s\u00e9rieux.\u00a0<\/p>\n<blockquote class=\"twitter-tweet\">\n<p lang=\"en\" dir=\"ltr\">Kyrgios what??????? <a href=\"https:\/\/t.co\/kSt75igcve\" data-wpel-link=\"external\" target=\"_blank\" rel=\"nofollow external noopener\">pic.twitter.com\/kSt75igcve<\/a><\/p>\n<p>\u2014 Monia I grass era (@MonikaMack37550) <a href=\"https:\/\/twitter.com\/MonikaMack37550\/status\/1940808423756779970?ref_src=twsrc%5Etfw\" data-wpel-link=\"external\" target=\"_blank\" rel=\"nofollow external noopener\">July 3,\u00a02025<\/a><\/p><\/blockquote>\n<p><strong>\u00ab\u202fQui, selon toi, aura la meilleure carri\u00e8re entre Carlos Alcaraz et Jannik\u202f? Je vais te donner mon avis en premier, je dirais Sinner parce qu\u2019Alcaraz aime les filles. Il pour\u00adrait \u00eatre distrait, il pour\u00adrait faire la f\u00eate trop souvent. C\u2019est la seule chose pour laquelle Sinner restera plus concentr\u00e9, je\u00a0pense.\u202f\u00bb<\/strong><\/p>\n<p class=\"post-published-date\" style=\"color: silver; font-size: 75%; text-align: left;\">Publi\u00e9 le jeudi 3 juillet 2025 \u00e0 20:28<\/p>\n<p><script async src=\"https:\/\/platform.twitter.com\/widgets.js\" charset=\"utf-8\"><\/script><\/p>\n","protected":false},"excerpt":{"rendered":"Au cours d\u2019une conver\u00adsa\u00adtion avec Patrick Mouratoglou en marge de l\u2019UTS, l\u2019ex\u00adhi\u00adbi\u00adtion cr\u00e9\u00e9e par l\u2019en\u00adtra\u00ee\u00adneur fran\u00ad\u00e7ais, Nick Kyrgios&hellip;\n","protected":false},"author":2,"featured_media":161705,"comment_status":"","ping_status":"","sticky":false,"template":"","format":"standard","meta":{"footnotes":""},"categories":[1415],"tags":[1744,1011,27,4874,2127,60,1467],"class_list":{"0":"post-224068","1":"post","2":"type-post","3":"status-publish","4":"format-standard","5":"has-post-thumbnail","7":"category-tennis","8":"tag-alcaraz","9":"tag-fr","10":"tag-france","11":"tag-kyrgios","12":"tag-sinner","13":"tag-sports","14":"tag-tennis"},"share_on_mastodon":{"url":"https:\/\/pubeurope.com\/@fr\/114791444841415540","error":""},"_links":{"self":[{"href":"https:\/\/www.europesays.com\/fr\/wp-json\/wp\/v2\/posts\/224068","targetHints":{"allow":["GET"]}}],"collection":[{"href":"https:\/\/www.europesays.com\/fr\/wp-json\/wp\/v2\/posts"}],"about":[{"href":"https:\/\/www.europesays.com\/fr\/wp-json\/wp\/v2\/types\/post"}],"author":[{"embeddable":true,"href":"https:\/\/www.europesays.com\/fr\/wp-json\/wp\/v2\/users\/2"}],"replies":[{"embeddable":true,"href":"https:\/\/www.europesays.com\/fr\/wp-json\/wp\/v2\/comments?post=224068"}],"version-history":[{"count":0,"href":"https:\/\/www.europesays.com\/fr\/wp-json\/wp\/v2\/posts\/224068\/revisions"}],"wp:featuredmedia":[{"embeddable":true,"href":"https:\/\/www.europesays.com\/fr\/wp-json\/wp\/v2\/media\/161705"}],"wp:attachment":[{"href":"https:\/\/www.europesays.com\/fr\/wp-json\/wp\/v2\/media?parent=224068"}],"wp:term":[{"taxonomy":"category","embeddable":true,"href":"https:\/\/www.europesays.com\/fr\/wp-json\/wp\/v2\/categories?post=224068"},{"taxonomy":"post_tag","embeddable":true,"href":"https:\/\/www.europesays.com\/fr\/wp-json\/wp\/v2\/tags?post=224068"}],"curies":[{"name":"wp","href":"https:\/\/api.w.org\/{rel}","templated":true}]}}