{"id":224077,"date":"2025-07-03T21:38:09","date_gmt":"2025-07-03T21:38:09","guid":{"rendered":"https:\/\/www.europesays.com\/fr\/224077\/"},"modified":"2025-07-03T21:38:09","modified_gmt":"2025-07-03T21:38:09","slug":"mort-de-lacteur-michael-madsen-celebre-pour-ses-roles-dans-kill-bill-et-reservoir-dogs-a-lage-de-67-ans","status":"publish","type":"post","link":"https:\/\/www.europesays.com\/fr\/224077\/","title":{"rendered":"Mort de l&rsquo;acteur Michael Madsen, c\u00e9l\u00e8bre pour ses r\u00f4les dans \u00ab\u00a0Kill Bill\u00a0\u00bb et \u00ab\u00a0Reservoir Dogs\u00a0\u00bb, \u00e0 l&rsquo;\u00e2ge de 67 ans"},"content":{"rendered":"<p>L&rsquo;acteur am\u00e9ricain Michael Madsen, connu pour ses r\u00f4les dans les films Kill Bill\u00a0et\u00a0Reservoir Dogs de Quentin Tarantino, est mort d&rsquo;un arr\u00eat cardiaque \u00e0 l&rsquo;\u00e2ge de 67 ans.\u00a0<\/p>\n<p>Contact\u00e9 par le m\u00e9dia am\u00e9ricain <a href=\"https:\/\/www.nbcnews.com\/news\/us-news\/michael-madsen-reservoir-dogs-kill-bill-vol-2-actor-dies-67-rcna216802\" target=\"_blank\" rel=\"noopener\">NBC News<\/a>, son manager Ron Smith pr\u00e9cise que son d\u00e9c\u00e8s est intervenu dans la matin\u00e9e de ce jeudi 3 juillet.\u00a0<\/p>\n<p>Michael Madsen a jou\u00e9, durant sa carri\u00e8re, des dizaines de r\u00f4les mais il s&rsquo;est surtout fait conna\u00eetre en travaillant avec Quentin Tarantino. Dans \u00ab\u00a0Reservoir Dogs\u00a0\u00bb (1992), il a endoss\u00e9 le r\u00f4le d&rsquo;un voleur psychotique et dans le volume I et II de \u00ab\u00a0Kill Bill\u00a0\u00bb, il a jou\u00e9 celui d&rsquo;un tueur \u00e0 gages rat\u00e9.\u00a0<\/p>\n<p>Il a \u00e9galement fait une br\u00e8ve apparition dans le dernier film de Tarantino \u00ab\u00a0Once Upon a Time\u2026 in Hollywood\u00a0\u00bb.<\/p>\n","protected":false},"excerpt":{"rendered":"L&rsquo;acteur am\u00e9ricain Michael Madsen, connu pour ses r\u00f4les dans les films Kill Bill\u00a0et\u00a0Reservoir Dogs de Quentin Tarantino, est&hellip;\n","protected":false},"author":2,"featured_media":224078,"comment_status":"","ping_status":"","sticky":false,"template":"","format":"standard","meta":{"footnotes":""},"categories":[1359],"tags":[17,3010,251,58,59,1011,27,13466,36306,36305,18,973,471,2407],"class_list":{"0":"post-224077","1":"post","2":"type-post","3":"status-publish","4":"format-standard","5":"has-post-thumbnail","7":"category-people","8":"tag-17","9":"tag-celebre","10":"tag-culture","11":"tag-divertissement","12":"tag-entertainment","13":"tag-fr","14":"tag-france","15":"tag-lacteur","16":"tag-madsen","17":"tag-michael","18":"tag-mort","19":"tag-people","20":"tag-pour","21":"tag-ses"},"share_on_mastodon":{"url":"https:\/\/pubeurope.com\/@fr\/114791469589622409","error":""},"_links":{"self":[{"href":"https:\/\/www.europesays.com\/fr\/wp-json\/wp\/v2\/posts\/224077","targetHints":{"allow":["GET"]}}],"collection":[{"href":"https:\/\/www.europesays.com\/fr\/wp-json\/wp\/v2\/posts"}],"about":[{"href":"https:\/\/www.europesays.com\/fr\/wp-json\/wp\/v2\/types\/post"}],"author":[{"embeddable":true,"href":"https:\/\/www.europesays.com\/fr\/wp-json\/wp\/v2\/users\/2"}],"replies":[{"embeddable":true,"href":"https:\/\/www.europesays.com\/fr\/wp-json\/wp\/v2\/comments?post=224077"}],"version-history":[{"count":0,"href":"https:\/\/www.europesays.com\/fr\/wp-json\/wp\/v2\/posts\/224077\/revisions"}],"wp:featuredmedia":[{"embeddable":true,"href":"https:\/\/www.europesays.com\/fr\/wp-json\/wp\/v2\/media\/224078"}],"wp:attachment":[{"href":"https:\/\/www.europesays.com\/fr\/wp-json\/wp\/v2\/media?parent=224077"}],"wp:term":[{"taxonomy":"category","embeddable":true,"href":"https:\/\/www.europesays.com\/fr\/wp-json\/wp\/v2\/categories?post=224077"},{"taxonomy":"post_tag","embeddable":true,"href":"https:\/\/www.europesays.com\/fr\/wp-json\/wp\/v2\/tags?post=224077"}],"curies":[{"name":"wp","href":"https:\/\/api.w.org\/{rel}","templated":true}]}}