{"id":224089,"date":"2025-07-03T21:44:10","date_gmt":"2025-07-03T21:44:10","guid":{"rendered":"https:\/\/www.europesays.com\/fr\/224089\/"},"modified":"2025-07-03T21:44:10","modified_gmt":"2025-07-03T21:44:10","slug":"un-cas-de-dengue-detecte-a-rognac","status":"publish","type":"post","link":"https:\/\/www.europesays.com\/fr\/224089\/","title":{"rendered":"Un cas de dengue d\u00e9tect\u00e9 \u00e0 Rognac"},"content":{"rendered":"<p>Sale temps pour les habitants de l\u2019\u00e9tang et les alentours. Apr\u00e8s les d\u00e9couvertes <a href=\"https:\/\/www.laprovence.com\/article\/sante\/1233502616653815\/deux-cas-autochtones-de-chikungunya-detectes-a-salon-de-provence\" target=\"_blank\" rel=\"noopener\">des deux cas autochtones de chikungunya \u00e0 Salon-de-Provence<\/a>, fin juin, qui sont d\u00e9sormais pass\u00e9s \u00e0 cinq cas, avec un \u00e9pisode qui n\u2019est pas termin\u00e9, selon le site internet de France sant\u00e9 publique, c\u2019est la dengue qui a \u00e9t\u00e9 d\u00e9tect\u00e9e sur la commune de Rognac.<\/p>\n<p>C\u2019est l\u2019association des Brets-Barjaquets (ABB), zone d\u00e9cid\u00e9ment peu \u00e9pargn\u00e9e en ce moment (avec<a href=\"https:\/\/www.laprovence.com\/article\/societe\/1726411090711314\/linterdiction-de-la-peche-des-activites-nautiques-et-de-la-baignade-dans-letang-de-berre-est-prolongee\" target=\"_blank\" rel=\"noopener\"> l\u2019incendie de Spur environnement<\/a> le 14\u00a0juin), qui a communiqu\u00e9 sur Facebook, mercredi\u00a0: \u00ab\u00a0Nous avons \u00e9t\u00e9 inform\u00e9s d\u2019un cas de dengue av\u00e9r\u00e9 dans le quartier des Barjaquets. Nous avons contact\u00e9 l\u2019Agence r\u00e9gionale de sant\u00e9 (ARS) qui nous a confirm\u00e9 ce cas. Une enqu\u00eate a \u00e9t\u00e9 r\u00e9alis\u00e9e, des mesures ont \u00e9t\u00e9 prises et une d\u00e9moustication sera effectu\u00e9e demain (ce matin Ndlr.) de 4 \u00e0 8\u00a0heures du matin dans un rayon de 150 m\u00e8tres autour du foyer infect\u00e9, suivant les consignes de l\u2019ARS\u00a0\u00bb, \u00e9crivent ceux qui se revendiquent comme une association ind\u00e9pendante.<\/p>\n<p>Forte fi\u00e8vre, c\u00e9phal\u00e9es intenses<\/p>\n<p>On trouve trace de l\u2019op\u00e9ration de d\u00e9moustication sur la page Ville de Rognac, mais sans \u00e9voquer le cas de dengue\u00a0: \u00ab\u00a0L\u2019ARS Paca a mandat\u00e9 l\u2019Entente interd\u00e9partementale pour la r\u00e9alisation d\u2019une campagne d\u2019\u00e9radication du moustique tigre cette semaine sur une partie de la commune. Cette op\u00e9ration consiste en une pulv\u00e9risation d\u2019insecticide depuis la voie publique \u00e0 partir d\u2019un v\u00e9hicule, et si n\u00e9cessaire, peut \u00eatre compl\u00e9t\u00e9e par des interventions cibl\u00e9es \u00e0 l\u2019aide d\u2019appareils portables, dans les espaces ext\u00e9rieurs (cours, jardins) des domaines priv\u00e9s. Ce traitement ne rev\u00eat pas de danger particulier et les foyers concern\u00e9s ont \u00e9t\u00e9 inform\u00e9s en bo\u00eetes aux lettres\u00a0\u00bb.<\/p>\n<p>Avec une vid\u00e9o amusante de l\u2019ARS sur la d\u00e9moustication, qui donne la parole \u00e0 un moustique tigre, dont le ton ne colle pas forc\u00e9ment avec les sympt\u00f4mes associ\u00e9s \u00e0 la dengue\u00a0: forte fi\u00e8vre, 40 degr\u00e9s, c\u00e9phal\u00e9es intenses, douleur r\u00e9tro-orbitaire, douleurs musculaires et articulaires, naus\u00e9es, vomissements\u2026<\/p>\n<p>Aussit\u00f4t, les habitants des autres parties de la commune ont r\u00e9clam\u00e9 des interventions similaires par chez eux. Sans savoir forc\u00e9ment qu\u2019un cas de dengue \u00e9tait \u00e0 l\u2019origine de cette op\u00e9ration.<\/p>\n<p>D\u00e9broussaillage dans les \u00e9coles<\/p>\n<p>Interrog\u00e9, le maire, <a href=\"https:\/\/www.laprovence.com\/article\/region\/4032980480663514\/moi-je-me-sens-legitime-assure-le-maire-rn-christophe-gonzalez-apres-100-jours-a-la-tete-de-rognac\" target=\"_blank\" rel=\"noopener\">Christophe Gonzalez <\/a>(RN), reconna\u00eet qu\u2019il aurait peut-\u00eatre fallu l\u2019ajouter dans la publication et plaide \u00e0 nouveau son manque d\u2019exp\u00e9rience dans la fonction. \u00ab\u00a0Je vais voir pour le faire ajouter. Les r\u00e9seaux sociaux et moi \u00e7a fait deux, j\u2019avoue. En tout cas, apr\u00e8s avoir \u00e9t\u00e9 inform\u00e9s, lundi ou mardi, on a fait le n\u00e9cessaire dans les \u00e9coles, au niveau du d\u00e9broussaillage. Et au niveau du nettoyage, \u00e0 l\u2019int\u00e9rieur et \u00e0 l\u2019ext\u00e9rieur, pour que les enfants ne touchent pas les produits. Ce que je peux vous dire c\u2019est que c\u2019est un cas rapport\u00e9 d\u2019une zone infect\u00e9e\u00a0\u00bb.<\/p>\n<p>Contact\u00e9e, l\u2019ARS confirme cette information\u00a0: \u00ab\u00a0On en a r\u00e9guli\u00e8rement, des cas rapport\u00e9s. Actuellement, il y en a 29 dans les Bouches-du-Rh\u00f4ne. C\u2019est pour cela que nous n\u2019avons pas communiqu\u00e9, contrairement \u00e0 Salon-de-Provence o\u00f9 c\u2019\u00e9taient des cas autochtones, de gens qui n\u2019avaient pas voyag\u00e9. On a fait du porte \u00e0 porte la semaine derni\u00e8re, pour trouver le patient z\u00e9ro, qu\u2019on n\u2019a toujours pas d\u00e9cel\u00e9 car il est peut-\u00eatre asymptomatique. Et \u00e0 Rognac on a quand m\u00eame demand\u00e9 \u00e0 notre op\u00e9rateur de d\u00e9moustication, l\u2019entente interd\u00e9partementale, d\u2019intervenir\u00a0\u00bb.<\/p>\n<p><img alt=\"Le cas de dengue a \u00e9t\u00e9 annonc\u00e9 sur Facebook et confirm\u00e9 par les autorit\u00e9s. France sant\u00e9 publique publie chaque mercredi un bilan de la situation.\" loading=\"lazy\" decoding=\"async\" data-nimg=\"fill\" class=\" TwicCore_img__i9TC1 undefined  undefined\" style=\"position:absolute;height:100%;width:100%;left:0;top:0;right:0;bottom:0;color:transparent;background-size:cover;background-position:50% 50%;background-repeat:no-repeat;background-image:url(&quot;data:image\/svg+xml;charset=utf-8,%3Csvg xmlns='http:\/\/www.w3.org\/2000\/svg' %3E%3Cfilter id='b' color-interpolation-filters='sRGB'%3E%3CfeGaussianBlur stdDeviation='20'\/%3E%3CfeColorMatrix values='1 0 0 0 0 0 1 0 0 0 0 0 1 0 0 0 0 0 100 -1' result='s'\/%3E%3CfeFlood x='0' y='0' width='100%25' height='100%25'\/%3E%3CfeComposite operator='out' in='s'\/%3E%3CfeComposite in2='SourceGraphic'\/%3E%3CfeGaussianBlur stdDeviation='20'\/%3E%3C\/filter%3E%3Cimage width='100%25' height='100%25' x='0' y='0' preserveAspectRatio='none' style='filter: url(%23b);' href='https:\/\/pictures.laprovence.com\/cdn-cgi\/image\/blur=250\/media\/melody\/2025\/07\/03\/le-cas-de-dengue-a-ete-annonce-sur-facebook-et-confirme-par-les-autorites-france-sante-publique-publ-1751567387_a445877766686a845877766687c458v_.jpg'\/%3E%3C\/svg%3E&quot;)\"   src=\"https:\/\/www.europesays.com\/fr\/wp-content\/uploads\/2025\/07\/le-cas-de-dengue-a-ete-annonce-sur-facebook-et-confirme-par-les-autorites-france-sante-publique-publ.jpeg\"\/>Le cas de dengue a \u00e9t\u00e9 annonc\u00e9 sur Facebook et confirm\u00e9 par les autorit\u00e9s. France sant\u00e9 publique publie chaque mercredi un bilan de la situation. Photo E.EB.<\/p>\n<p>Sur Facebook, l\u2019information de l\u2019ABB a \u00e9galement \u00e9t\u00e9 reprise par un membre de la liste conduite par Willy Nicolet aux derni\u00e8res municipales, <a href=\"https:\/\/www.laprovence.com\/article\/politique\/1105598969009815\/municipales-anticipees-a-rognac-le-rn-remporte-sa-premiere-commune-dans-les-bouches-du-rhone-depuis-30-ans\" target=\"_blank\" rel=\"noopener\">Rognac Autrement<\/a>, Swan Zanic, avec plus de 120 partages actuellement et des informations compl\u00e9mentaires sur le cas de dengue, qui se situerait sur l\u2019all\u00e9e des Oliviers. Et bien s\u00fbr, de nombreux reproches sur le fait de ne pas en avoir \u00e9t\u00e9 inform\u00e9s par la municipalit\u00e9. \u00c0 Rognac, d\u00e9cid\u00e9ment, les municipales sont bien lanc\u00e9es.<\/p>\n","protected":false},"excerpt":{"rendered":"Sale temps pour les habitants de l\u2019\u00e9tang et les alentours. Apr\u00e8s les d\u00e9couvertes des deux cas autochtones de&hellip;\n","protected":false},"author":2,"featured_media":224090,"comment_status":"","ping_status":"","sticky":false,"template":"","format":"standard","meta":{"footnotes":""},"categories":[10],"tags":[17,14362,16380,24838,1011,27,72,16,36307,71],"class_list":{"0":"post-224089","1":"post","2":"type-post","3":"status-publish","4":"format-standard","5":"has-post-thumbnail","7":"category-sante","8":"tag-17","9":"tag-cas","10":"tag-dengue","11":"tag-detecte","12":"tag-fr","13":"tag-france","14":"tag-health","15":"tag-region","16":"tag-rognac","17":"tag-sante"},"share_on_mastodon":{"url":"https:\/\/pubeurope.com\/@fr\/114791492070673886","error":""},"_links":{"self":[{"href":"https:\/\/www.europesays.com\/fr\/wp-json\/wp\/v2\/posts\/224089","targetHints":{"allow":["GET"]}}],"collection":[{"href":"https:\/\/www.europesays.com\/fr\/wp-json\/wp\/v2\/posts"}],"about":[{"href":"https:\/\/www.europesays.com\/fr\/wp-json\/wp\/v2\/types\/post"}],"author":[{"embeddable":true,"href":"https:\/\/www.europesays.com\/fr\/wp-json\/wp\/v2\/users\/2"}],"replies":[{"embeddable":true,"href":"https:\/\/www.europesays.com\/fr\/wp-json\/wp\/v2\/comments?post=224089"}],"version-history":[{"count":0,"href":"https:\/\/www.europesays.com\/fr\/wp-json\/wp\/v2\/posts\/224089\/revisions"}],"wp:featuredmedia":[{"embeddable":true,"href":"https:\/\/www.europesays.com\/fr\/wp-json\/wp\/v2\/media\/224090"}],"wp:attachment":[{"href":"https:\/\/www.europesays.com\/fr\/wp-json\/wp\/v2\/media?parent=224089"}],"wp:term":[{"taxonomy":"category","embeddable":true,"href":"https:\/\/www.europesays.com\/fr\/wp-json\/wp\/v2\/categories?post=224089"},{"taxonomy":"post_tag","embeddable":true,"href":"https:\/\/www.europesays.com\/fr\/wp-json\/wp\/v2\/tags?post=224089"}],"curies":[{"name":"wp","href":"https:\/\/api.w.org\/{rel}","templated":true}]}}