{"id":224104,"date":"2025-07-03T21:52:09","date_gmt":"2025-07-03T21:52:09","guid":{"rendered":"https:\/\/www.europesays.com\/fr\/224104\/"},"modified":"2025-07-03T21:52:09","modified_gmt":"2025-07-03T21:52:09","slug":"le-chambon-feugerolles-un-homme-de-22-ans-blesse-par-balle-pres-de-la-caserne-de-pompiers","status":"publish","type":"post","link":"https:\/\/www.europesays.com\/fr\/224104\/","title":{"rendered":"Le Chambon-Feugerolles. Un homme de 22 ans bless\u00e9 par balle pr\u00e8s de la caserne de pompiers"},"content":{"rendered":"<p>Ces quatre jeunes adolescents affirment avoir \u00e9t\u00e9 parmi les premiers sur les lieux. Ce jeudi 3\u00a0juillet, vers 19 heures, ils ont accouru aussi vite qu\u2019ils ont pu devant le centre d\u2019incendie et de secours du Chambon-Feugerolles, rue Edouard-Michot.<\/p>\n<p>  La piste de l\u2019\u00e9conomie souterraine \u00ab\u00a0ni exclue, ni privil\u00e9gi\u00e9e\u00a0\u00bb<\/p>\n<p>\u00ab\u00a0On se trouvait vers l\u2019\u00e9glise un peu plus loin et on a entendu un bruit qui ressemblait \u00e0 un coup de feu\u00a0\u00bb, affirme le plus grand, un t-shirt noir sur le dos.<\/p>\n<p>Son copain embraye\u00a0: \u00ab\u00a0On a vu un homme au sol et des gens sont all\u00e9s pr\u00e9venir les secours pour le sauver\u00a0\u00bb. Les sapeurs-pompiers chambonnaires ont tout de suite pris en charge la victime en le transportant \u00e0 l\u2019int\u00e9rieur de leurs locaux pour le mettre en s\u00e9curit\u00e9 avant l\u2019arriv\u00e9e des m\u00e9decins du SAMU. Une fois stabilis\u00e9, il sera conduit au centre hospitalier Nord \u00e0 Saint-Priest-en-Jarez.<\/p>\n<p>Selon nos informations, l\u2019homme, \u00e2g\u00e9 de 22 ans et <a href=\"https:\/\/www.leprogres.fr\/faits-divers-justice\/2025\/06\/17\/venus-pour-l-expulser-de-son-domicile-les-policiers-decouvrent-une-chambre-de-culture-de-cannabis\" target=\"_blank\" rel=\"noopener\">originaire du Chambon-Feugerolles<\/a> aurait \u00e9t\u00e9 victime d\u2019une blessure par balle au niveau de la jambe apr\u00e8s une altercation avec des personnes \u00e0 bord d\u2019un SUV de couleur sombre.<\/p>\n<p>Ce contenu est bloqu\u00e9 car vous n&rsquo;avez pas accept\u00e9 les cookies et autres traceurs.<\/p>\n<p>En cliquant sur \u00ab J\u2019accepte \u00bb, les cookies et autres traceurs seront d\u00e9pos\u00e9s et vous pourrez visualiser les contenus  (<a href=\"\" class=\"consentModule_policy\" target=\"_blank\" title=\"Consulter la politique de protection des donn\u00e9es du fournisseur\">plus d&rsquo;informations<\/a>).<\/p>\n<p>En cliquant sur \u00ab J\u2019accepte tous les cookies \u00bb, vous autorisez des d\u00e9p\u00f4ts de cookies et autres traceurs pour le stockage de vos donn\u00e9es sur nos sites et applications \u00e0 des fins de personnalisation et de ciblage publicitaire.<\/p>\n<p class=\"consentModule_secondaryText\">Vous gardez la possibilit\u00e9 de retirer votre consentement \u00e0 tout moment en consultant notre <a href=\"https:\/\/www.leprogres.fr\/protection-des-donnees\" target=\"_blank\" title=\"Consulter notre politique de protection des donn\u00e9es\" rel=\"noopener\">politique de protection des donn\u00e9es<\/a>. <br \/>&#13;<br \/>\n            <a href=\"https:\/\/www.leprogres.fr\/faits-divers-justice\/2025\/07\/03\/javascript:Didomi.notice.show()\" class=\"consentModule_cmp\" target=\"_blank\" rel=\"noopener\">G\u00e9rer mes choix<\/a>&#13;\n        <\/p>\n<p>&#13;<br \/>\n                        J&rsquo;accepte&#13;<br \/>\n            J&rsquo;accepte tous les cookies&#13;\n        <\/p>\n<p>Le commissaire Willy Korovine, commandant de la circonscription de police de l\u2019Ondaine qui a mis en place un p\u00e9rim\u00e8tre de s\u00e9curit\u00e9 avec la collaboration de ses \u00e9quipes le temps de l\u2019intervention, affirme qu\u2019\u00ab\u00a0une enqu\u00eate a \u00e9t\u00e9 ouverte pour faire toute la lumi\u00e8re sur les circonstances de cette violente agression\u00a0\u00bb.<\/p>\n<p>Son pronostic vital n\u2019est pas engag\u00e9<\/p>\n<p>Contact\u00e9 par nos soins, le directeur interd\u00e9partemental de la police nationale dans la Loire, Yves Cellier, confirme \u00e9galement cette attaque et pr\u00e9cise que \u00ab\u00a0la procureure de la R\u00e9publique de Saint-\u00c9tienne a demand\u00e9 \u00e0 la Division de la criminalit\u00e9 territoriale du Service interd\u00e9partemental de la police judiciaire de la Loire de s\u2019emparer du dossier\u00a0\u00bb.<\/p>\n<p>Si le jeune homme pourrait souffrir d\u2019une fracture d\u2019apr\u00e8s nos informations, il appara\u00eet que son pronostic vital n\u2019est pas engag\u00e9. \u00ab\u00a0Pour l\u2019heure, la piste d\u2019un r\u00e8glement de compte li\u00e9 \u00e0 l\u2019\u00e9conomie souterraine n\u2019est ni exclue, ni privil\u00e9gi\u00e9e\u00a0\u00bb, conclut le patron des policiers lig\u00e9riens.<\/p>\n","protected":false},"excerpt":{"rendered":"Ces quatre jeunes adolescents affirment avoir \u00e9t\u00e9 parmi les premiers sur les lieux. Ce jeudi 3\u00a0juillet, vers 19&hellip;\n","protected":false},"author":2,"featured_media":224105,"comment_status":"","ping_status":"","sticky":false,"template":"","format":"standard","meta":{"footnotes":""},"categories":[9653],"tags":[1111,11,2430,12162,271,272,7539,1777,674,274,107,1011,27,12161,3367,12,25,4001,104],"class_list":{"0":"post-224104","1":"post","2":"type-post","3":"status-publish","4":"format-standard","5":"has-post-thumbnail","7":"category-saint-etienne","8":"tag-actu","9":"tag-actualites","10":"tag-auvergne-rhone-alpes","11":"tag-chambon-feugerolles-ville","12":"tag-crime","13":"tag-delit-et-contravention","14":"tag-edition-loire-sud","15":"tag-eu","16":"tag-europe","17":"tag-faits-divers-justice","18":"tag-fil-info","19":"tag-fr","20":"tag-france","21":"tag-le-chambon-feugerolles","22":"tag-loire","23":"tag-news","24":"tag-republique-francaise","25":"tag-saint-etienne","26":"tag-societe"},"share_on_mastodon":{"url":"https:\/\/pubeurope.com\/@fr\/114791523575419945","error":""},"_links":{"self":[{"href":"https:\/\/www.europesays.com\/fr\/wp-json\/wp\/v2\/posts\/224104","targetHints":{"allow":["GET"]}}],"collection":[{"href":"https:\/\/www.europesays.com\/fr\/wp-json\/wp\/v2\/posts"}],"about":[{"href":"https:\/\/www.europesays.com\/fr\/wp-json\/wp\/v2\/types\/post"}],"author":[{"embeddable":true,"href":"https:\/\/www.europesays.com\/fr\/wp-json\/wp\/v2\/users\/2"}],"replies":[{"embeddable":true,"href":"https:\/\/www.europesays.com\/fr\/wp-json\/wp\/v2\/comments?post=224104"}],"version-history":[{"count":0,"href":"https:\/\/www.europesays.com\/fr\/wp-json\/wp\/v2\/posts\/224104\/revisions"}],"wp:featuredmedia":[{"embeddable":true,"href":"https:\/\/www.europesays.com\/fr\/wp-json\/wp\/v2\/media\/224105"}],"wp:attachment":[{"href":"https:\/\/www.europesays.com\/fr\/wp-json\/wp\/v2\/media?parent=224104"}],"wp:term":[{"taxonomy":"category","embeddable":true,"href":"https:\/\/www.europesays.com\/fr\/wp-json\/wp\/v2\/categories?post=224104"},{"taxonomy":"post_tag","embeddable":true,"href":"https:\/\/www.europesays.com\/fr\/wp-json\/wp\/v2\/tags?post=224104"}],"curies":[{"name":"wp","href":"https:\/\/api.w.org\/{rel}","templated":true}]}}