{"id":224108,"date":"2025-07-03T21:55:49","date_gmt":"2025-07-03T21:55:49","guid":{"rendered":"https:\/\/www.europesays.com\/fr\/224108\/"},"modified":"2025-07-03T21:55:49","modified_gmt":"2025-07-03T21:55:49","slug":"la-chaudiere-est-arrivee-a-bon-port-sur-le-chantier","status":"publish","type":"post","link":"https:\/\/www.europesays.com\/fr\/224108\/","title":{"rendered":"la chaudi\u00e8re est arriv\u00e9e \u00e0 bon port sur le chantier"},"content":{"rendered":"<p>Ouf. Alors qu&rsquo;elle aurait d\u00fb arriver, sans encombre, mercredi, la chaudi\u00e8re <a href=\"https:\/\/www.estrepublicain.fr\/economie\/2023\/12\/15\/novasteam-decarboner-avec-des-dechets-de-recuperation\" target=\"_blank\" rel=\"noopener\">destin\u00e9e au chantier Novasteam<\/a> a rejoint le chantier de la future centrale de production d&rsquo;\u00e9nergie ce dimanche matin, \u00e0 Laneuveville-devant-Nancy.<\/p>\n<p>Bloqu\u00e9e dans une posture instable lundi, apr\u00e8s avoir bascul\u00e9 sur un pont, \u00e0 Jarville-la-Malgrange, <a href=\"https:\/\/www.estrepublicain.fr\/faits-divers-justice\/2025\/03\/01\/convoi-exceptionnel-bloque-a-jarville-les-operations-ont-commence-ce-samedi-matin-a-5h30\" target=\"_blank\" rel=\"noopener\">elle a pu \u00eatre d\u00e9gag\u00e9e ce samedi<\/a>. La suite du trajet n&rsquo;a pas pos\u00e9 de souci.<\/p>\n<p>Un dernier obstacle<\/p>\n<p>Samedi soir, \u00e0 21 h, le convoi \u00e9tait dans le site Novacarb, o\u00f9 des op\u00e9rations de grutage ont eu lieu pour le dernier obstacle, la travers\u00e9e du passage \u00e0 niveau de la route de Bayon.<\/p>\n<p>Cette op\u00e9ration a eu lieu dans la nuit, en concertation avec la SNCF et R\u00e9seau ferr\u00e9 de France\u00a0: il a fallu couper le trafic des trains de fret et rehausser les cat\u00e9naires pour assurer la circulation de l&rsquo;imposant convoi.<\/p>\n<p>\u00ab\u00a0L\u2019ach\u00e8vement du convoi marque le d\u00e9but d\u2019une nouvelle phase consacr\u00e9e \u00e0 l\u2019expertise approfondie de la chaudi\u00e8re, indique EUTY, le constructeur de la machine, une \u00e9tape qui prendra le temps n\u00e9cessaire afin de d\u00e9terminer les d\u00e9g\u00e2ts occasionn\u00e9s, proc\u00e9der aux \u00e9ventuelles r\u00e9parations et garantir sa conformit\u00e9 aux exigences techniques.\u00a0\u00bb<\/p>\n<p>  Le pont reste coup\u00e9<\/p>\n<p>Le pont o\u00f9 la chaudi\u00e8re a bascul\u00e9 avec le camion qui la transportait, \u00e0 Jarville-la-Malgrange, demeure ferm\u00e9 \u00e0 la circulation. Il faut maintenant que les experts mandat\u00e9s par la M\u00e9tropole du Grand Nancy s&rsquo;assurent que l&rsquo;ouvrage n&rsquo;a pas subi de dommages. L\u00e0 aussi, EUTY promet d&rsquo;aider \u00e0 la r\u00e9ouverture de la voie publique.<\/p>\n<p>Ce dimanche matin, le camion, d\u00e9sormais redress\u00e9 et toujours positionn\u00e9 sur le tablier provisoire, est pr\u00e9sent et attend, selon toute vraisemblance, la venue d\u2019experts.<\/p>\n<p>Quant au p\u00e9rim\u00e8tre, il reste boucl\u00e9, y compris les voies sur berges. Une interdiction difficile \u00e0 faire respecter, les coureurs du dimanche ne l\u2019entendant pas de cette oreille\u2026<\/p>\n<p>Le parking ferm\u00e9<\/p>\n<p>La grue qui a servi au relevage de la chaudi\u00e8re, ce samedi, devrait quand \u00e0 elle rester sur place avant d&rsquo;\u00eatre transport\u00e9e sur un autre chantier: il faut en effet la d\u00e9monter compl\u00e8tement, ce qui demande d&rsquo;importants moyens logistiques.<\/p>\n<p>Le parking d\u00e9volu au covoiturage \u00e9tait encore ferm\u00e9 ce dimanche.<\/p>\n","protected":false},"excerpt":{"rendered":"Ouf. Alors qu&rsquo;elle aurait d\u00fb arriver, sans encombre, mercredi, la chaudi\u00e8re destin\u00e9e au chantier Novasteam a rejoint le&hellip;\n","protected":false},"author":2,"featured_media":224109,"comment_status":"","ping_status":"","sticky":false,"template":"","format":"standard","meta":{"footnotes":""},"categories":[9635],"tags":[1111,11,1707,1704,1706,1705,1777,674,274,1011,27,775,1757,18459,3457,1702,12,3456,25],"class_list":{"0":"post-224108","1":"post","2":"type-post","3":"status-publish","4":"format-standard","5":"has-post-thumbnail","7":"category-nancy","8":"tag-actu","9":"tag-actualites","10":"tag-edition-luneville","11":"tag-edition-nancy-et-agglomeration","12":"tag-edition-pont-a-mousson","13":"tag-edition-toul","14":"tag-eu","15":"tag-europe","16":"tag-faits-divers-justice","17":"tag-fr","18":"tag-france","19":"tag-grand-est","20":"tag-insolite","21":"tag-laneuveville-devant-nancy","22":"tag-meurthe-et-moselle","23":"tag-nancy","24":"tag-news","25":"tag-region-lorraine","26":"tag-republique-francaise"},"share_on_mastodon":{"url":"https:\/\/pubeurope.com\/@fr\/114791539241194754","error":""},"_links":{"self":[{"href":"https:\/\/www.europesays.com\/fr\/wp-json\/wp\/v2\/posts\/224108","targetHints":{"allow":["GET"]}}],"collection":[{"href":"https:\/\/www.europesays.com\/fr\/wp-json\/wp\/v2\/posts"}],"about":[{"href":"https:\/\/www.europesays.com\/fr\/wp-json\/wp\/v2\/types\/post"}],"author":[{"embeddable":true,"href":"https:\/\/www.europesays.com\/fr\/wp-json\/wp\/v2\/users\/2"}],"replies":[{"embeddable":true,"href":"https:\/\/www.europesays.com\/fr\/wp-json\/wp\/v2\/comments?post=224108"}],"version-history":[{"count":0,"href":"https:\/\/www.europesays.com\/fr\/wp-json\/wp\/v2\/posts\/224108\/revisions"}],"wp:featuredmedia":[{"embeddable":true,"href":"https:\/\/www.europesays.com\/fr\/wp-json\/wp\/v2\/media\/224109"}],"wp:attachment":[{"href":"https:\/\/www.europesays.com\/fr\/wp-json\/wp\/v2\/media?parent=224108"}],"wp:term":[{"taxonomy":"category","embeddable":true,"href":"https:\/\/www.europesays.com\/fr\/wp-json\/wp\/v2\/categories?post=224108"},{"taxonomy":"post_tag","embeddable":true,"href":"https:\/\/www.europesays.com\/fr\/wp-json\/wp\/v2\/tags?post=224108"}],"curies":[{"name":"wp","href":"https:\/\/api.w.org\/{rel}","templated":true}]}}