{"id":224110,"date":"2025-07-03T21:56:12","date_gmt":"2025-07-03T21:56:12","guid":{"rendered":"https:\/\/www.europesays.com\/fr\/224110\/"},"modified":"2025-07-03T21:56:12","modified_gmt":"2025-07-03T21:56:12","slug":"cet-ete-angelin-preljocaj-revient-deux-fois-a-chateauvallon-pour-presenter-notamment-sa-nouvelle-creation","status":"publish","type":"post","link":"https:\/\/www.europesays.com\/fr\/224110\/","title":{"rendered":"Cet \u00e9t\u00e9, Angelin Preljocaj revient deux fois \u00e0 Ch\u00e2teauvallon pour pr\u00e9senter notamment sa nouvelle cr\u00e9ation"},"content":{"rendered":"<p>Incontournable. M\u00eame indissociable. Au moment de construire la programmation du festival d\u2019\u00e9t\u00e9 des 60 ans de Ch\u00e2teauvallon, \u00e0 Ollioules, un nom paraissait \u00e9vident: celui d\u2019Angelin Preljocaj. Le chor\u00e9graphe entretient une histoire intimement li\u00e9e au site, et il y revient \u00e0 deux reprises cet \u00e9t\u00e9 avec sa compagnie.<\/p>\n<p><strong>Le G.U.I.D pour d\u00e9mocratiser la danse<\/strong><\/p>\n<p>Premi\u00e8re \u00e9tape d\u00e8s vendredi avec le G.U.I.D (Groupe urbain d\u2019intervention dans\u00e9e). Une fois n\u2019est pas coutume, la troupe va se produire dans un amphith\u00e9\u00e2tre\u2026 o\u00f9 la danse r\u00e8gne d\u00e9j\u00e0. Presque un contresens par rapport \u00e0 son ADN. \u00ab\u00a0C\u2019est vrai!\u00a0\u00bb, s\u2019amuse Angelin Preljocaj. \u00ab\u00a0Ils sont habilit\u00e9s \u00e0 intervenir partout, donc dans un amphith\u00e9\u00e2tre, \u00e7a devrait aller.\u00a0\u00bb<\/p>\n<p>Le projet est n\u00e9 en 1996. \u00ab\u00a0Je voulais apporter la danse l\u00e0 o\u00f9 elle ne va jamais. Montrer cet art \u00e0 des gens qui ont peu l\u2019occasion d\u2019aller dans des th\u00e9\u00e2tres. J\u2019ai voulu cr\u00e9er ce groupe, une sorte de guide, comme dans un mus\u00e9e\u00a0\u00bb, poursuit le chor\u00e9graphe.<\/p>\n<p>Sur sc\u00e8ne, ses danseurs pr\u00e9sentent un patchwork de ses diff\u00e9rentes pi\u00e8ces. \u00ab\u00a0Il y a toujours la possibilit\u00e9 que quelque chose, tout \u00e0 coup, accroche un spectateur. Il peut ne pas aimer le premier extrait et ensuite \u00eatre s\u00e9duit. Il y a toujours quelque chose qui attire l\u2019attention. Que ce soit dans un village recul\u00e9, dans une \u00e9cole, une prison ou un h\u00f4pital, il y a forc\u00e9ment de belles rencontres. C\u2019est tr\u00e8s important pour nous. Convaincre des convaincus, c\u2019est bien, mais l\u2019id\u00e9e est d\u2019essayer d\u2019\u00e9largir la perception de la danse au monde.\u00a0\u00bb<\/p>\n<p><strong>\u00ab\u00a0Helikopter\u00a0\u00bb, \u0153uvre la plus radicale<\/strong><\/p>\n<p>Le Ballet Preljocaj revient donc une deuxi\u00e8me fois \u00e0 Ch\u00e2teauvallon \u00e0 la fin du mois avec une soir\u00e9e d\u00e9di\u00e9e \u00e0 deux spectacles: un classique du r\u00e9pertoire et une nouveaut\u00e9. Et du c\u00f4t\u00e9 du \u00ab\u00a0classique\u00a0\u00bb, c\u2019est l\u2019une des pi\u00e8ces les plus radicales du chor\u00e9graphe qui sera pr\u00e9sent\u00e9e: Helikopter (2001).<\/p>\n<p>\u00ab\u00a0\u00c7a fait partie de ces pi\u00e8ces-laboratoires que j\u2019ai pu faire et que j\u2019esp\u00e8re pouvoir continuer \u00e0 cr\u00e9er. J\u2019aime alterner les ballets narratifs avec des choses plus abstraites.\u00a0\u00bb <\/p>\n<p>Ici, la musique r\u00e9sonne au son des pales d\u2019h\u00e9licopt\u00e8re. \u00ab\u00a0\u00c0 l\u2019\u00e9poque, je cherchais des choses originales en musique contemporaine, et je suis tomb\u00e9 l\u00e0-dessus. La premi\u00e8re fois que j\u2019ai \u00e9cout\u00e9, je pensais que ce n\u2019\u00e9tait pas possible, que c\u2019\u00e9tait hors propos. J\u2019ai dormi l\u00e0-dessus, et le lendemain matin, je me suis dit: \u201cC\u2019est justement parce que c\u2019est indansable qu\u2019il faut essayer de le faire.\u00a0\u00bb\u00a0\u00bb<\/p>\n<p>Dans un premier temps, il a d\u00fb convaincre ses danseurs. \u00ab\u00a0Ils ont \u00e9t\u00e9 partants pour une aventure \u00e0 la mani\u00e8re d\u2019explorateurs\u00a0\u00bb, sourit-il. Il a aussi fallu dompter le public. Comme il le fait encore aujourd\u2019hui, Angelin Preljocaj avait ouvert ses r\u00e9p\u00e9titions au public. \u00ab\u00a0\u00c7a rend les choses les plus radicales digestes et accessibles. Il y a une connaissance des enjeux et du propos, et le public commence \u00e0 toucher du doigt, d\u2019une fa\u00e7on plus probante, le spectacle\u00a0\u00bb, conc\u00e8de-t-il.<\/p>\n<p>Plus de 20 ans apr\u00e8s, le ballet est repris \u00e0 l\u2019identique. \u00ab\u00a0Certains danseurs n\u2019\u00e9taient m\u00eame pas n\u00e9s lorsque je l\u2019ai cr\u00e9\u00e9. Ils sentent bien les enjeux, il y a des vid\u00e9os, une notation \u00e0 partir de laquelle on remonte la chor\u00e9graphie\u2026 Ils peuvent voir \u00e0 quoi cela ressemblait, alors que les danseurs originaux ne se rendaient pas forc\u00e9ment compte de ce qui \u00e9tait en train de se jouer.\u00a0\u00bb<\/p>\n<p><strong>\u00ab\u00a0Licht\u00a0\u00bb, cr\u00e9ation en r\u00e9ponse \u00e0 \u00ab\u00a0Helikopter\u00a0\u00bb<\/strong><\/p>\n<p>En pendant de cette pi\u00e8ce, le public d\u00e9couvrira le m\u00eame soir une cr\u00e9ation 2025: Licht. \u00ab\u00a0L\u2019id\u00e9e \u00e9tait de r\u00e9pondre \u00e0 Helikopter. D\u2019abord musicalement, dans l\u2019id\u00e9e que Stockhausen (compositeur allemand de musique exp\u00e9rimentale) est un peu le grand-p\u00e8re de l\u2019\u00e9lectro. Je voulais un petit-fils ou une petite-fille pour lui r\u00e9pondre.\u00a0\u00bb<\/p>\n<p>Pour \u00e9crire la musique de cette nouvelle pi\u00e8ce, Angelin Preljocaj a pens\u00e9 \u00e0 Laurent Garnier. \u00ab\u00a0On a d\u00e9j\u00e0 travaill\u00e9 ensemble, on a une grande complicit\u00e9.\u00a0\u00bb<\/p>\n<p>Pour le reste, le chor\u00e9graphe voulait \u00ab\u00a0r\u00e9pondre \u00e0 la dramaturgie sombre et \u00e9crasante d\u2019Helikopter, avec ses nuages qui s\u2019amoncellent au loin et forment une chape de plomb au-dessus des danseurs. L\u2019id\u00e9e \u00e9tait de percer ces nuages et d\u2019aller vers la lumi\u00e8re.\u00a0\u00bb Le nom Licht puise, lui, ses racines chez Stockhausen et son ultime travail autour de sept op\u00e9ras. Un clin d\u2019\u0153il, histoire de boucler la boucle.<\/p>\n<p>Le G.U.I.D, vendredi 4 juillet \u00e0 20h \u00e0 Ch\u00e2teauvallon. De 5 \u00e0 25 euros. Spectacle suivi d\u2019un mapping vid\u00e9o pour revivre l\u2019histoire de Ch\u00e2teauvallon.<\/p>\n<p> Licht\u00a0et Helikopter, jeudi 24, vendredi 25 et samedi 26 juillet \u00e0 22h \u00e0 Ch\u00e2teauvallon. De 5 \u00e0 35 euros.<\/p>\n","protected":false},"excerpt":{"rendered":"Incontournable. M\u00eame indissociable. Au moment de construire la programmation du festival d\u2019\u00e9t\u00e9 des 60 ans de Ch\u00e2teauvallon, \u00e0&hellip;\n","protected":false},"author":2,"featured_media":224111,"comment_status":"","ping_status":"","sticky":false,"template":"","format":"standard","meta":{"footnotes":""},"categories":[9619],"tags":[1111,11,5972,1777,674,1011,27,12,882,25,60,2310],"class_list":{"0":"post-224110","1":"post","2":"type-post","3":"status-publish","4":"format-standard","5":"has-post-thumbnail","7":"category-toulon","8":"tag-actu","9":"tag-actualites","10":"tag-danse","11":"tag-eu","12":"tag-europe","13":"tag-fr","14":"tag-france","15":"tag-news","16":"tag-provence-alpes-cote-dazur","17":"tag-republique-francaise","18":"tag-sports","19":"tag-toulon"},"share_on_mastodon":{"url":"https:\/\/pubeurope.com\/@fr\/114791539321078610","error":""},"_links":{"self":[{"href":"https:\/\/www.europesays.com\/fr\/wp-json\/wp\/v2\/posts\/224110","targetHints":{"allow":["GET"]}}],"collection":[{"href":"https:\/\/www.europesays.com\/fr\/wp-json\/wp\/v2\/posts"}],"about":[{"href":"https:\/\/www.europesays.com\/fr\/wp-json\/wp\/v2\/types\/post"}],"author":[{"embeddable":true,"href":"https:\/\/www.europesays.com\/fr\/wp-json\/wp\/v2\/users\/2"}],"replies":[{"embeddable":true,"href":"https:\/\/www.europesays.com\/fr\/wp-json\/wp\/v2\/comments?post=224110"}],"version-history":[{"count":0,"href":"https:\/\/www.europesays.com\/fr\/wp-json\/wp\/v2\/posts\/224110\/revisions"}],"wp:featuredmedia":[{"embeddable":true,"href":"https:\/\/www.europesays.com\/fr\/wp-json\/wp\/v2\/media\/224111"}],"wp:attachment":[{"href":"https:\/\/www.europesays.com\/fr\/wp-json\/wp\/v2\/media?parent=224110"}],"wp:term":[{"taxonomy":"category","embeddable":true,"href":"https:\/\/www.europesays.com\/fr\/wp-json\/wp\/v2\/categories?post=224110"},{"taxonomy":"post_tag","embeddable":true,"href":"https:\/\/www.europesays.com\/fr\/wp-json\/wp\/v2\/tags?post=224110"}],"curies":[{"name":"wp","href":"https:\/\/api.w.org\/{rel}","templated":true}]}}