{"id":224123,"date":"2025-07-03T22:05:14","date_gmt":"2025-07-03T22:05:14","guid":{"rendered":"https:\/\/www.europesays.com\/fr\/224123\/"},"modified":"2025-07-03T22:05:14","modified_gmt":"2025-07-03T22:05:14","slug":"immobilier-en-ille-et-vilaine-ou-les-prix-des-maisons-ont-ils-le-plus-baisse","status":"publish","type":"post","link":"https:\/\/www.europesays.com\/fr\/224123\/","title":{"rendered":"Immobilier en Ille-et-Vilaine\u00a0: o\u00f9 les prix des maisons ont-ils le plus baiss\u00e9\u00a0?"},"content":{"rendered":"<p>Les prix de l\u2019immobilier baissent en Ille-et-Vilaine. Selon le dernier barom\u00e8tre des notaires bretons, le prix des appartements anciens a baiss\u00e9 de 2,8 % (au m\u00b2) au premier trimestre 2025 par rapport au premier trimestre 2024. Le prix des appartements neufs (au m\u00b2) baisse de 3,8 % ; celui des maisons anciennes (globalement) de 0,6 %. On constate ces baisses \u00e0 l\u2019\u00e9chelle de la Bretagne historique : -1,3 % pour les maisons anciennes, -3,3 % pour les appartements anciens.<\/p>\n<p>Le nombre de transactions a augment\u00e9 de 15,1 % dans le d\u00e9partement sur un an. \u00ab La fiscalit\u00e9 a jou\u00e9, contextualise Me Anne-Sophie Louis. Les droits de mutation ont augment\u00e9 dans le d\u00e9partement au 1er avril. On a anticip\u00e9 dans les mois pr\u00e9c\u00e9dents pour que nos clients ne subissent pas cette hausse de fiscalit\u00e9. \u00bb Elle estime toutefois que cette reprise \u00ab assez douce, toujours fragile \u00bb, n\u2019est pas uniquement li\u00e9e \u00e0 ce changement de fiscalit\u00e9 : \u00ab La tendance baissi\u00e8re des prix est salutaire et explique aussi cette tendance. \u00bb<\/p>\n<p>Les prix ont baiss\u00e9 dans de nombreuses communes du d\u00e9partement. D\u00e9couvrez ci-dessous la liste des 20 communes o\u00f9 les prix des maisons anciennes ont le plus baiss\u00e9 au premier trimestre 2025.<\/p>\n<p>Ce moteur de recherche vous permet de savoir si les prix des maisons anciennes ont \u00e9volu\u00e9 dans les communes bretonnes o\u00f9 des transactions ont eu lieu.<\/p>\n<p>Selon les notaires bretons, cette baisse des prix nourrit un \u00ab red\u00e9marrage progressif \u00bb des ventes, \u00e0 l\u2019origine d\u2019une \u00ab reprise fragile \u00bb de l\u2019immobilier en Bretagne.<\/p>\n","protected":false},"excerpt":{"rendered":"Les prix de l\u2019immobilier baissent en Ille-et-Vilaine. Selon le dernier barom\u00e8tre des notaires bretons, le prix des appartements&hellip;\n","protected":false},"author":2,"featured_media":224124,"comment_status":"","ping_status":"","sticky":false,"template":"","format":"standard","meta":{"footnotes":""},"categories":[2821],"tags":[1111,11,829,1777,674,1011,27,848,1116,12,584,25,3728],"class_list":{"0":"post-224123","1":"post","2":"type-post","3":"status-publish","4":"format-standard","5":"has-post-thumbnail","7":"category-rennes","8":"tag-actu","9":"tag-actualites","10":"tag-bretagne","11":"tag-eu","12":"tag-europe","13":"tag-fr","14":"tag-france","15":"tag-ille-et-vilaine","16":"tag-immobilier","17":"tag-news","18":"tag-rennes","19":"tag-republique-francaise","20":"tag-saint-malo"},"share_on_mastodon":{"url":"https:\/\/pubeurope.com\/@fr\/114791574617385786","error":""},"_links":{"self":[{"href":"https:\/\/www.europesays.com\/fr\/wp-json\/wp\/v2\/posts\/224123","targetHints":{"allow":["GET"]}}],"collection":[{"href":"https:\/\/www.europesays.com\/fr\/wp-json\/wp\/v2\/posts"}],"about":[{"href":"https:\/\/www.europesays.com\/fr\/wp-json\/wp\/v2\/types\/post"}],"author":[{"embeddable":true,"href":"https:\/\/www.europesays.com\/fr\/wp-json\/wp\/v2\/users\/2"}],"replies":[{"embeddable":true,"href":"https:\/\/www.europesays.com\/fr\/wp-json\/wp\/v2\/comments?post=224123"}],"version-history":[{"count":0,"href":"https:\/\/www.europesays.com\/fr\/wp-json\/wp\/v2\/posts\/224123\/revisions"}],"wp:featuredmedia":[{"embeddable":true,"href":"https:\/\/www.europesays.com\/fr\/wp-json\/wp\/v2\/media\/224124"}],"wp:attachment":[{"href":"https:\/\/www.europesays.com\/fr\/wp-json\/wp\/v2\/media?parent=224123"}],"wp:term":[{"taxonomy":"category","embeddable":true,"href":"https:\/\/www.europesays.com\/fr\/wp-json\/wp\/v2\/categories?post=224123"},{"taxonomy":"post_tag","embeddable":true,"href":"https:\/\/www.europesays.com\/fr\/wp-json\/wp\/v2\/tags?post=224123"}],"curies":[{"name":"wp","href":"https:\/\/api.w.org\/{rel}","templated":true}]}}