{"id":224127,"date":"2025-07-03T22:07:11","date_gmt":"2025-07-03T22:07:11","guid":{"rendered":"https:\/\/www.europesays.com\/fr\/224127\/"},"modified":"2025-07-03T22:07:11","modified_gmt":"2025-07-03T22:07:11","slug":"spectacle-vivant-le-cirque-pinder-vient-a-la-conquete-du-public-strasbourgeois-pour-17-representations","status":"publish","type":"post","link":"https:\/\/www.europesays.com\/fr\/224127\/","title":{"rendered":"Spectacle vivant. Le cirque Pinder vient \u00e0 la conqu\u00eate du public strasbourgeois pour 17 repr\u00e9sentations"},"content":{"rendered":"<p>Cette ann\u00e9e 2025 a comme un go\u00fbt de neuf pour <a href=\"https:\/\/www.dna.fr\/encadres\/2025\/07\/02\/divercity-festival-une-premiere-pour-la-visibilite-queer\" target=\"_blank\" rel=\"noopener\">le cirque Pinder<\/a>. Il s\u2019agit en effet de <a href=\"https:\/\/www.dna.fr\/edition-de-strasbourg\/2018\/04\/13\/un-arrete-contre-les-animaux-sauvages-dans-les-cirques\" target=\"_blank\" rel=\"noopener\">sa premi\u00e8re tourn\u00e9e sans animaux sauvages<\/a> , alors que leur utilisation pour des spectacles itin\u00e9rants sera interdite d\u2019ici 2028. \u00ab\u00a0On a souhait\u00e9 prendre un peu d\u2019avance sur la loi\u00a0\u00bb, assure Pierre Galibert, attach\u00e9 de presse aupr\u00e8s du cirque. Et c\u2019est aussi un itin\u00e9raire duquel sont absentes les stations baln\u00e9aires, qui sont pourtant des destinations privil\u00e9gi\u00e9es des circassiens.<\/p>\n<p>Avant d\u2019arriver \u00e0 Eckbolsheim pour une premi\u00e8re repr\u00e9sentation le samedi 5\u00a0juillet sur le parking du Z\u00e9nith, le cirque est notamment pass\u00e9 par Belfort et <a href=\"https:\/\/www.dna.fr\/videos\/le-spectacle-doit-avoir-lieu-a-mulhouse-les-artistes-de-cirque-defient-la-vague-de-chaleur-305xq8k\" target=\"_blank\" rel=\"noopener\">Mulhouse<\/a> et poursuivra sa route en s\u2019arr\u00eatant \u00e0 \u00c9pinal, Nancy et Metz. \u00ab\u00a0Nous avons fait le choix de rester dans les terres car tout le monde n\u2019a pas la chance de quitter son domicile\u00a0\u00bb, explique Pierre Galibert. De quoi permettre au cirque de conqu\u00e9rir un public large et en demande de ce type d\u2019\u00e9v\u00e9nements, alors que cela fait 8 ans que la maison Pinder ne s\u2019\u00e9tait plus arr\u00eat\u00e9e \u00e0 Strasbourg.<\/p>\n<p>  Sur la route du succ\u00e8s<\/p>\n<p>Une recette qui s\u2019av\u00e8re payante pour les circassiens, avec d\u00e9j\u00e0 plus de 320\u00a0000 entr\u00e9es depuis le d\u00e9but de la tourn\u00e9e \u00e0 Toulouse le 15\u00a0f\u00e9vrier. Pour <a href=\"https:\/\/www.dna.fr\/encadres\/2025\/07\/02\/divercity-festival-une-premiere-pour-la-visibilite-queer\" target=\"_blank\" rel=\"noopener\">l\u2019\u00e9tape strasbourgeoise<\/a> , qui se tiendra du 5 au 13\u00a0juillet, 17 repr\u00e9sentations sont au programme. Avec une capacit\u00e9 maximale de 1\u00a0650 places par spectacle et un excellent taux de remplissage depuis le d\u00e9but de l\u2019\u00e9dition 2025 (plus de 90\u00a0%), Pierre Galibert esp\u00e8re voir d\u00e9filer plus de 28\u00a0000 spectateurs strasbourgeois. \u00ab\u00a0Je pense que ce succ\u00e8s s\u2019explique par le fait qu\u2019on est tous accroch\u00e9s \u00e0 nos \u00e9crans, qu\u2019on vit beaucoup de choses par procuration. Alors quand on propose du spectacle vivant, \u00e7a marque les gens\u00a0! Et le bouche \u00e0 oreille fonctionne tr\u00e8s bien\u00a0\u00bb, analyse l\u2019attach\u00e9 de presse, lui-m\u00eame passionn\u00e9 d\u2019arts du cirque.<\/p>\n<p>Parmi les nombreux num\u00e9ros r\u00e9alis\u00e9s dans chaque repr\u00e9sentation, certaines figures sont des prouesses humaines et sportives, \u00e0 l\u2019image du \u00ab\u00a0triple saut p\u00e9rilleux du trap\u00e9ziste ou du salto arri\u00e8re du fildef\u00e9riste\u00a0\u00bb. En plus de ces d\u00e9monstrations spectaculaires, chaque repr\u00e9sentation verra d\u00e9filer des clowns musiciens, des voltigeurs, un cerceau a\u00e9rien, un num\u00e9ro d\u2019\u00e9quilibre sur un Rubik\u2019s Cube g\u00e9ant ou encore un num\u00e9ro d\u2019humour assur\u00e9 par un ventriloque. \u00ab\u00a0Le rire appelle le rire\u00a0\u00bb, commente Pierre Galibert, bien conscient que l\u2019humour est aussi un vecteur cl\u00e9 de la r\u00e9invention de l\u2019art circassien \u00e0 l\u2019aube de l\u2019interdiction des animaux sauvages.<\/p>\n<p class=\"note\">Premi\u00e8re repr\u00e9sentation du cirque Pinder le samedi 5\u00a0juillet \u00e0 14 heures, parking du Z\u00e9nith, Eckbolsheim. Chapiteau climatis\u00e9. Infos, dates et r\u00e9servations sur www.cirquepinder.com<\/p>\n","protected":false},"excerpt":{"rendered":"Cette ann\u00e9e 2025 a comme un go\u00fbt de neuf pour le cirque Pinder. Il s\u2019agit en effet de&hellip;\n","protected":false},"author":2,"featured_media":224128,"comment_status":"","ping_status":"","sticky":false,"template":"","format":"standard","meta":{"footnotes":""},"categories":[2820],"tags":[1111,11,1687,2880,27337,1777,674,107,1011,27,775,12,25,3140,640,2879],"class_list":{"0":"post-224127","1":"post","2":"type-post","3":"status-publish","4":"format-standard","5":"has-post-thumbnail","7":"category-strasbourg","8":"tag-actu","9":"tag-actualites","10":"tag-culture-loisirs","11":"tag-edition-strasbourg","12":"tag-estivales","13":"tag-eu","14":"tag-europe","15":"tag-fil-info","16":"tag-fr","17":"tag-france","18":"tag-grand-est","19":"tag-news","20":"tag-republique-francaise","21":"tag-spectacle","22":"tag-strasbourg","23":"tag-strasbourg-ville"},"share_on_mastodon":{"url":"https:\/\/pubeurope.com\/@fr\/114791582498634763","error":""},"_links":{"self":[{"href":"https:\/\/www.europesays.com\/fr\/wp-json\/wp\/v2\/posts\/224127","targetHints":{"allow":["GET"]}}],"collection":[{"href":"https:\/\/www.europesays.com\/fr\/wp-json\/wp\/v2\/posts"}],"about":[{"href":"https:\/\/www.europesays.com\/fr\/wp-json\/wp\/v2\/types\/post"}],"author":[{"embeddable":true,"href":"https:\/\/www.europesays.com\/fr\/wp-json\/wp\/v2\/users\/2"}],"replies":[{"embeddable":true,"href":"https:\/\/www.europesays.com\/fr\/wp-json\/wp\/v2\/comments?post=224127"}],"version-history":[{"count":0,"href":"https:\/\/www.europesays.com\/fr\/wp-json\/wp\/v2\/posts\/224127\/revisions"}],"wp:featuredmedia":[{"embeddable":true,"href":"https:\/\/www.europesays.com\/fr\/wp-json\/wp\/v2\/media\/224128"}],"wp:attachment":[{"href":"https:\/\/www.europesays.com\/fr\/wp-json\/wp\/v2\/media?parent=224127"}],"wp:term":[{"taxonomy":"category","embeddable":true,"href":"https:\/\/www.europesays.com\/fr\/wp-json\/wp\/v2\/categories?post=224127"},{"taxonomy":"post_tag","embeddable":true,"href":"https:\/\/www.europesays.com\/fr\/wp-json\/wp\/v2\/tags?post=224127"}],"curies":[{"name":"wp","href":"https:\/\/api.w.org\/{rel}","templated":true}]}}