{"id":224131,"date":"2025-07-03T22:09:12","date_gmt":"2025-07-03T22:09:12","guid":{"rendered":"https:\/\/www.europesays.com\/fr\/224131\/"},"modified":"2025-07-03T22:09:12","modified_gmt":"2025-07-03T22:09:12","slug":"comme-un-four-quon-laisserait-allume-en-continu-pourquoi-les-reseaux-electriques-souffrent-de-la-canicule-dans-les-alpes-maritimes-et-le-var","status":"publish","type":"post","link":"https:\/\/www.europesays.com\/fr\/224131\/","title":{"rendered":"\u00ab\u00a0Comme un four qu&rsquo;on laisserait allum\u00e9 en continu\u00a0\u00bb: pourquoi les r\u00e9seaux \u00e9lectriques souffrent de la canicule dans les Alpes-Maritimes et le Var"},"content":{"rendered":"<p><strong>Pourquoi les installations \u00e9lectriques sont-elles sensibles aux fortes chaleurs? <\/strong><\/p>\n<p>En fait, c\u2019est surtout le r\u00e9seau souterrain qui est sensible aux fortes chaleurs. M\u00eame s&rsquo;il a \u00e9t\u00e9 construit pour r\u00e9sister aux fortes temp\u00e9ratures, en cas de canicule, on est dans une conjonction un peu particuli\u00e8re. Il fait tr\u00e8s chaud la journ\u00e9e et la nuit les temp\u00e9ratures ne baissent pas. \u00c7a tape dans le sous-sol, surtout dans les parties goudronn\u00e9es. Le sous-sol emmagasine la chaleur.<\/p>\n<p>Quand on cumule sur plusieurs jours ce genre de conditions, on peut atteindre jusqu\u2019\u00e0 80\u00b0C. Le r\u00e9seau se met alors en contrainte, et notamment les bo\u00eetes de jonction, et \u00e7a g\u00e9n\u00e8re des incidents. C&rsquo;est une sorte de \u00ab\u00a0d\u00f4me de chaleur\u00a0\u00bb en sous-sol, ou un peu comme un four qu&rsquo;on laisserait allum\u00e9 en continu.<\/p>\n<p><strong>Existe-t-il des zones consid\u00e9r\u00e9es comme plus vuln\u00e9rables aux fortes chaleurs dans les Alpes-Maritimes ou le Var?\u00a0<\/strong><\/p>\n<p>En p\u00e9riode de canicule, ce sont surtout les zones urbaines o\u00f9 il y a beaucoup de goudron qui sont plus vuln\u00e9rables. Mais sinon, le r\u00e9seau est construit de la m\u00eame fa\u00e7on partout.\u00a0<\/p>\n<p>Le r\u00e9seau Enedis des Alpes-Maritimes et du Var est maill\u00e9. Il est interconnect\u00e9. On peut le conduire \u00e0 distance et \u00e9tablir des itin\u00e9raires bis, des itin\u00e9raires de secours sur tout le r\u00e9seau en cas de probl\u00e8me.\u00a0<\/p>\n<p>Nous avons 15 bases qui couvrent les deux territoires et qui nous permettent d&rsquo;\u00eatre partout. Avec un taux de disponibilit\u00e9 de l&rsquo;\u00e9lectricit\u00e9 de 99,99% \u00e0 l&rsquo;ann\u00e9e.\u00a0<\/p>\n<p><strong>Qu&rsquo;en est-il des r\u00e9centes coupures qui ont eu lieu \u00e0 Antibes, ou encore hier plus g\u00e9n\u00e9ralement dans le Sud-Est?<\/strong><\/p>\n<p>Depuis, samedi dernier, nous comptabilisons en moyenne une dizaine d&rsquo;incidents par jour sur les deux d\u00e9partements. Pour la majorit\u00e9 d&rsquo;entre eux, nous les avons repris \u00e0 distance en quelques minutes. Pour certains, nous devons intervenir physiquement. C&rsquo;\u00e9tait le cas pour l&rsquo;incident d&rsquo;Antibes par exemple.\u00a0<\/p>\n<p>Dans ces cas-l\u00e0, nous devons ouvrir la chauss\u00e9e. Cela implique de creuser et de terrasser. Pour savoir exactement o\u00f9 se trouve le probl\u00e8me, on utilise un camion de recherche de d\u00e9faut.\u00a0<\/p>\n<p>              <img ci-src=\"https:\/\/www.nicematin.com\/energie\/Intervention+%C3%A9quipes+Enedis-CUZxpBN6.png?ci_seal=7688095211\" alt=\"\"\/><br \/>\n        Un technicien d&rsquo;Enedis en intervention sur le r\u00e9seau souterrain.  <strong>Photo Enedis.<\/strong> <\/p>\n<p>                                200 millions d\u2019euros investis par an, dont 30% d\u00e9di\u00e9s au r\u00e9chauffement climatique<\/p>\n<p><strong>Comment faites-vous pour prot\u00e9ger les personnes d\u00e9pendantes de dispositifs \u00e9lectriques m\u00e9dicaux et qui sont \u00e0 domicile?<\/strong><\/p>\n<p>Nous sommes en lien avec ces personnes (PHRV pour \u00ab\u00a0Patients \u00e0 haut risque vital\u00a0\u00bb, ndlr). Cela repr\u00e9sente une grosse centaine de personnes dans les Alpes-Maritimes et le Var. Il s&rsquo;agit d&rsquo;un suivi particulier. Nous \u00e9changeons en amont avec eux pour savoir s&rsquo;ils sont \u00e9quip\u00e9s d&rsquo;un dispositif de secours, comme une batterie par exemple. Si un incident survient et qu&rsquo;on arrive pas \u00e0 contacter la personne, on fait tout de suite intervenir les pompiers.<\/p>\n<p><strong>Quelles actions sont mises en place pour pr\u00e9venir les canicules?<\/strong><\/p>\n<p>Chaque ann\u00e9e, nous investissons 200 millions d\u2019euros dans les Alpes-Maritimes et le Var pour muscler le r\u00e9seau. Et 30% de ces investissements sont d\u00e9di\u00e9s \u00e0 l&rsquo;adaptation au r\u00e9chauffement climatique.<\/p>\n<p>Nous intervenons sur les c\u00e2bles isol\u00e9s en papier impr\u00e9gn\u00e9, dont une partie ont \u00e9t\u00e9 pos\u00e9s dans les ann\u00e9es 60, jusqu&rsquo;aux ann\u00e9es 80. Nous avons un programme de remplacement pour les passer en c\u00e2bles synth\u00e9tiques qui sont plus adapt\u00e9es aux fortes chaleurs.\u00a0<\/p>\n<p>Nous changeons aussi les bo\u00eetes de jonction. Notre ambition est qu&rsquo;en 2040, nous ayons supprim\u00e9 85% de nos c\u00e2bles papier. Mais \u00e7a prend du temps. Si on mesure le r\u00e9seau fran\u00e7ais, c&rsquo;est comme si on faisait trois fois le tour de la Terre.\u00a0<\/p>\n<p>Aujourd\u2019hui, sauf \u00e9v\u00e8nement tr\u00e8s exceptionnel, nous maintenons ce qu\u2019on appelle le \u00ab\u00a0temps de coupure moyen\u00a0\u00bb \u00e0 un objectif qui est fix\u00e9 autour de 60 minutes. Et on essaie de gratter quelques minutes chaque ann\u00e9e.\u00a0<\/p>\n<p>              <img ci-src=\"https:\/\/www.nicematin.com\/energie\/Chantier+r%C3%A9novation+programm%C3%A9e-T0ozEfyS.jpg?ci_seal=115596f6f6\" alt=\"\"\/><br \/>\n        Chaque ann\u00e9e, Enedis investit 200 millions d\u2019euros dans les Alpes-Maritimes et le Var pour \u00ab\u00a0muscler\u00a0\u00bb le r\u00e9seau \u00e9lectrique.  <strong>Photo Enedis.<\/strong> <\/p>\n<p><strong>Que peuvent faire les citoyens au quotidien?<\/strong><\/p>\n<p>Ce sont surtout les fournisseurs d&rsquo;\u00e9lectricit\u00e9 qui peuvent apporter des conseils d&rsquo;usage \u00e0 leurs clients. Nous, notre r\u00f4le, c&rsquo;est d&rsquo;accompagner les clients et les \u00e9lus dans la ma\u00eetrise de leur consommation. Nous avons par exemple le compteur Linky qui permet \u00e0 chaque client de suivre sa consommation.\u00a0<\/p>\n<p>Et pour ce qui est du suivi des coupures, on peut entrer directement son adresse <a href=\"https:\/\/www.enedis.fr\/panne-et-interruption\" target=\"_blank\" rel=\"noopener\">sur le site d&rsquo;Enedis<\/a> pour savoir si un incident est en cours et savoir quand le courant sera r\u00e9tabli.\u00a0<\/p>\n<p>Outre les informations <a href=\"https:\/\/www.enedis.fr\/panne-et-interruption\" target=\"_blank\" rel=\"noopener\">sur le site internet<\/a>, en cas d&rsquo;incident, toute personne peut appeler le centre de d\u00e9pannage Enedis au\u00a009.72.67.50 + le num\u00e9ro du d\u00e9partement.<\/p>\n<p>              <img ci-src=\"https:\/\/www.nicematin.com\/energie\/B%C3%A9atrice+Pandelis+Directrice+r%C3%A9gionale+Enedis+C%C3%B4te+d%27Azur-eyMnBZt5.png?ci_seal=f9c013f00f\" alt=\"\"\/><br \/>\n        B\u00e9atrice Pandelis, directrice r\u00e9gionale d&rsquo;Enedis pour les Alpes-Maritimes et le Var.  <strong>Photo Enedis.<\/strong> <\/p>\n","protected":false},"excerpt":{"rendered":"Pourquoi les installations \u00e9lectriques sont-elles sensibles aux fortes chaleurs? En fait, c\u2019est surtout le r\u00e9seau souterrain qui est&hellip;\n","protected":false},"author":2,"featured_media":224132,"comment_status":"","ping_status":"","sticky":false,"template":"","format":"standard","meta":{"footnotes":""},"categories":[2819],"tags":[1111,11,893,436,1777,674,118,1011,27,12,2401,882,25,656,717,3366],"class_list":{"0":"post-224131","1":"post","2":"type-post","3":"status-publish","4":"format-standard","5":"has-post-thumbnail","7":"category-nice","8":"tag-actu","9":"tag-actualites","10":"tag-energie","11":"tag-environnement","12":"tag-eu","13":"tag-europe","14":"tag-faits-divers","15":"tag-fr","16":"tag-france","17":"tag-news","18":"tag-nice","19":"tag-provence-alpes-cote-dazur","20":"tag-republique-francaise","21":"tag-securite","22":"tag-technologie","23":"tag-vie-locale"},"share_on_mastodon":{"url":"https:\/\/pubeurope.com\/@fr\/114791590352723544","error":""},"_links":{"self":[{"href":"https:\/\/www.europesays.com\/fr\/wp-json\/wp\/v2\/posts\/224131","targetHints":{"allow":["GET"]}}],"collection":[{"href":"https:\/\/www.europesays.com\/fr\/wp-json\/wp\/v2\/posts"}],"about":[{"href":"https:\/\/www.europesays.com\/fr\/wp-json\/wp\/v2\/types\/post"}],"author":[{"embeddable":true,"href":"https:\/\/www.europesays.com\/fr\/wp-json\/wp\/v2\/users\/2"}],"replies":[{"embeddable":true,"href":"https:\/\/www.europesays.com\/fr\/wp-json\/wp\/v2\/comments?post=224131"}],"version-history":[{"count":0,"href":"https:\/\/www.europesays.com\/fr\/wp-json\/wp\/v2\/posts\/224131\/revisions"}],"wp:featuredmedia":[{"embeddable":true,"href":"https:\/\/www.europesays.com\/fr\/wp-json\/wp\/v2\/media\/224132"}],"wp:attachment":[{"href":"https:\/\/www.europesays.com\/fr\/wp-json\/wp\/v2\/media?parent=224131"}],"wp:term":[{"taxonomy":"category","embeddable":true,"href":"https:\/\/www.europesays.com\/fr\/wp-json\/wp\/v2\/categories?post=224131"},{"taxonomy":"post_tag","embeddable":true,"href":"https:\/\/www.europesays.com\/fr\/wp-json\/wp\/v2\/tags?post=224131"}],"curies":[{"name":"wp","href":"https:\/\/api.w.org\/{rel}","templated":true}]}}