{"id":224133,"date":"2025-07-03T22:10:14","date_gmt":"2025-07-03T22:10:14","guid":{"rendered":"https:\/\/www.europesays.com\/fr\/224133\/"},"modified":"2025-07-03T22:10:14","modified_gmt":"2025-07-03T22:10:14","slug":"une-mamie-trafic-de-71-ans-violemment-frappee-en-pleine-rue-devant-une-ecole","status":"publish","type":"post","link":"https:\/\/www.europesays.com\/fr\/224133\/","title":{"rendered":"une \u00abmamie-trafic\u00bb de 71 ans violemment frapp\u00e9e en pleine rue devant une \u00e9cole"},"content":{"rendered":"<p>Alors qu\u2019elle assurait la s\u00e9curit\u00e9 des enfants \u00e0 un passage pi\u00e9ton pr\u00e8s de l\u2019\u00e9cole Bischoffsheim, Christiane, b\u00e9n\u00e9vole de 71 ans, a re\u00e7u un coup de poing en plein visage. La sc\u00e8ne s\u2019est d\u00e9roul\u00e9e sous les yeux de plusieurs enfants. Les \u00e9lus locaux d\u00e9noncent un acte \u00ababject\u00bb.<\/p>\n<p class=\"fig-paragraph\">Ni son \u00e2ge, ni sa bienveillance n\u2019ont pu la prot\u00e9ger de cet acte de\u00a0<a href=\"http:\/\/www.lefigaro.fr\/vox\/societe\/nicolas-baverez-la-tyrannie-de-la-violence-20250615\" data-fig-type=\"Article\" data-gtm-custom-categorie=\"navigation\" data-gtm-custom-action=\"crossclick\" data-gtm-custom-label=\"Contextuel\" data-gtm-event=\"customEventSPE\" data-fig-domain=\"LEFIGARO\" target=\"_blank\" rel=\"noopener\">violence gratuite<\/a>. Ainsi, mercredi matin, dans le quartier Riquier \u00e0 Nice, Christiane, b\u00e9n\u00e9vole de 71 ans et figure famili\u00e8re des abords de l\u2019\u00e9cole \u00e9l\u00e9mentaire Bischoffsheim, a \u00e9t\u00e9 frapp\u00e9e en plein visage alors qu\u2019elle assurait, comme chaque matin, la s\u00e9curit\u00e9 des enfants traversant le passage pi\u00e9ton.<\/p>\n<p class=\"fig-paragraph\">L\u2019auteur de l\u2019agression, un homme encore non identifi\u00e9, a pris la fuite imm\u00e9diatement apr\u00e8s lui avoir ass\u00e9n\u00e9 un coup de poing en plein visage et l\u2019avoir laiss\u00e9e au sol, sonn\u00e9e. La victime, projet\u00e9e par terre, a bri\u00e8vement perdu connaissance, laissant des morceaux de son dentier sur le macadam. Une enqu\u00eate de flagrance a \u00e9t\u00e9 ouverte pour \u00abviolences aggrav\u00e9es\u00bb, a confirm\u00e9 le parquet de Nice jeudi apr\u00e8s-midi. Les images de vid\u00e9osurveillance sont en cours d\u2019exploitation par le Centre de Supervision Urbain afin de permettre une interpellation rapide de l\u2019agresseur.<\/p>\n<p>                                    <a class=\"fig-a11y-skip a11y-hidden\" href=\"#fig-a11y-skip-main-inarticle\"><br \/>\n        Passer la publicit\u00e9<br \/>\n    <\/a><\/p>\n<p>Le maire promet \u00abdes sanctions exemplaires\u00bb<\/p>\n<p class=\"fig-paragraph\">La sc\u00e8ne, survenue en pleine heure d\u2019entr\u00e9e scolaire, s\u2019est d\u00e9roul\u00e9e sous les yeux de plusieurs enfants et de parents. Le choc est important dans ce quartier populaire de l\u2019est ni\u00e7ois, o\u00f9 les \u00abpapys et mamies trafic\u00bb &#8211; ces b\u00e9n\u00e9voles charg\u00e9es de s\u00e9curiser les abords des \u00e9tablissements scolaires &#8211; incarnent une forme de bienveillance quotidienne et de lien interg\u00e9n\u00e9rationnel. La r\u00e9action des \u00e9lus a \u00e9t\u00e9 imm\u00e9diate et unanime. Christian Estrosi, maire Horizons de Nice, a condamn\u00e9 une agression \u00abtotalement abjecte\u00bb, d\u00e9non\u00e7ant un acte commis \u00abdevant les enfants eux-m\u00eames\u00bb. L\u2019\u00e9dile azur\u00e9en a promis \u00abdes sanctions exemplaires\u00bb et assur\u00e9 qu\u2019une plainte avait \u00e9t\u00e9 d\u00e9pos\u00e9e. Son premier adjoint d\u00e9l\u00e9gu\u00e9 \u00e0 la S\u00e9curit\u00e9, a confirm\u00e9 que la victime avait perdu connaissance lors de l\u2019altercation. \u00abUn acte l\u00e2che et inqualifiable\u00bb, a-t-il d\u00e9nonc\u00e9 \u00e0 son tour, rappelant le r\u00f4le essentiel de ces b\u00e9n\u00e9voles dans la s\u00e9curit\u00e9 aux abords des \u00e9coles.<\/p>\n<p class=\"fig-paragraph\"><a href=\"http:\/\/www.lefigaro.fr\/conjoncture\/une-revolution-pour-l-epargne-des-francais-comment-eric-ciotti-veut-transformer-le-pea-20250627\" data-fig-type=\"Article\" data-gtm-custom-categorie=\"navigation\" data-gtm-custom-action=\"crossclick\" data-gtm-custom-label=\"Contextuel\" data-gtm-event=\"customEventSPE\" data-fig-domain=\"LEFIGARO\" target=\"_blank\" rel=\"noopener\">\u00c9ric Ciotti<\/a>, pr\u00e9sident de l\u2019UDR et d\u00e9put\u00e9 de la 1re circonscription des Alpes-Maritimes, s\u2019est \u00e9galement exprim\u00e9 avec vigueur\u00a0: \u00abHonte absolue. Frapper une a\u00een\u00e9e qui prot\u00e8ge nos jeunes, c\u2019est pi\u00e9tiner toute notion de respect et de civilisation.\u00bb Il appelle \u00e0 une \u00abpunition \u00e0 la hauteur de la barbarie\u00bb de l\u2019agresseur. Son bras droit dans le d\u00e9partement, le d\u00e9put\u00e9 UDR\u00a0<a href=\"http:\/\/www.lefigaro.fr\/nice\/legislatives-a-nice-bernard-chaix-le-fidele-ciottiste-qui-a-profite-de-l-alliance-avec-le-rn-20240709\" data-fig-type=\"NewsFlash\" data-gtm-custom-categorie=\"navigation\" data-gtm-custom-action=\"crossclick\" data-gtm-custom-label=\"Contextuel\" data-gtm-event=\"customEventSPE\" data-fig-domain=\"LEFIGARO\" target=\"_blank\" rel=\"noopener\">Bernard Chaix<\/a>\u00a0a exprim\u00e9 lui aussi son \u00abplein soutien \u00e0 la mamie-trafic agress\u00e9e\u00bb, soulignant l\u2019inadmissible brutalit\u00e9 de cet acte contre une personne vuln\u00e9rable \u0153uvrant pour l\u2019int\u00e9r\u00eat g\u00e9n\u00e9ral. Pr\u00e9sente chaque jour, Christiane r\u00e9gule la circulation devant l\u2019\u00e9cole Bischoffsheim avec une constance que Christian Estrosi a salu\u00e9e, qualifiant la septuag\u00e9naire de \u00abv\u00e9ritable force de la nature\u00bb. La municipalit\u00e9 assure que tout sera mis en \u0153uvre pour que justice lui soit rendue.<\/p>\n","protected":false},"excerpt":{"rendered":"Alors qu\u2019elle assurait la s\u00e9curit\u00e9 des enfants \u00e0 un passage pi\u00e9ton pr\u00e8s de l\u2019\u00e9cole Bischoffsheim, Christiane, b\u00e9n\u00e9vole de&hellip;\n","protected":false},"author":2,"featured_media":224134,"comment_status":"","ping_status":"","sticky":false,"template":"","format":"standard","meta":{"footnotes":""},"categories":[2819],"tags":[1111,11,1120,1777,674,6017,1011,27,12,2401,2571,882,25],"class_list":{"0":"post-224133","1":"post","2":"type-post","3":"status-publish","4":"format-standard","5":"has-post-thumbnail","7":"category-nice","8":"tag-actu","9":"tag-actualites","10":"tag-agression","11":"tag-eu","12":"tag-europe","13":"tag-fait-divers","14":"tag-fr","15":"tag-france","16":"tag-news","17":"tag-nice","18":"tag-personnes-agees","19":"tag-provence-alpes-cote-dazur","20":"tag-republique-francaise"},"share_on_mastodon":{"url":"https:\/\/pubeurope.com\/@fr\/114791594267927276","error":""},"_links":{"self":[{"href":"https:\/\/www.europesays.com\/fr\/wp-json\/wp\/v2\/posts\/224133","targetHints":{"allow":["GET"]}}],"collection":[{"href":"https:\/\/www.europesays.com\/fr\/wp-json\/wp\/v2\/posts"}],"about":[{"href":"https:\/\/www.europesays.com\/fr\/wp-json\/wp\/v2\/types\/post"}],"author":[{"embeddable":true,"href":"https:\/\/www.europesays.com\/fr\/wp-json\/wp\/v2\/users\/2"}],"replies":[{"embeddable":true,"href":"https:\/\/www.europesays.com\/fr\/wp-json\/wp\/v2\/comments?post=224133"}],"version-history":[{"count":0,"href":"https:\/\/www.europesays.com\/fr\/wp-json\/wp\/v2\/posts\/224133\/revisions"}],"wp:featuredmedia":[{"embeddable":true,"href":"https:\/\/www.europesays.com\/fr\/wp-json\/wp\/v2\/media\/224134"}],"wp:attachment":[{"href":"https:\/\/www.europesays.com\/fr\/wp-json\/wp\/v2\/media?parent=224133"}],"wp:term":[{"taxonomy":"category","embeddable":true,"href":"https:\/\/www.europesays.com\/fr\/wp-json\/wp\/v2\/categories?post=224133"},{"taxonomy":"post_tag","embeddable":true,"href":"https:\/\/www.europesays.com\/fr\/wp-json\/wp\/v2\/tags?post=224133"}],"curies":[{"name":"wp","href":"https:\/\/api.w.org\/{rel}","templated":true}]}}