{"id":224135,"date":"2025-07-03T22:12:24","date_gmt":"2025-07-03T22:12:24","guid":{"rendered":"https:\/\/www.europesays.com\/fr\/224135\/"},"modified":"2025-07-03T22:12:24","modified_gmt":"2025-07-03T22:12:24","slug":"trois-concerts-gratuits-pare-chocs-et-decibels-au-programme-de-ce-festival-du-vignoble-de-nantes","status":"publish","type":"post","link":"https:\/\/www.europesays.com\/fr\/224135\/","title":{"rendered":"Trois concerts gratuits, pare-chocs et d\u00e9cibels au programme de ce festival du vignoble de Nantes"},"content":{"rendered":"<p>La cinqui\u00e8me \u00e9dition du <a href=\"https:\/\/nantes.maville.com\/actu\/actudet_-belles-bagnoles-et-musique-a-saint-julien-de-concelles-_8-5834559_actu.Htm\" target=\"_blank\" rel=\"noopener\">festival Festi\u2019Rock et Pare-chocs<\/a> se tiendra ce dimanche 6\u00a0juillet, au plan d\u2019eau du Ch\u00eane, \u00e0 Saint-Julien-de-Concelles (Loire-Atlantique). Soutenu par la municipalit\u00e9 et port\u00e9 par les associations locales Boc\u2019asso et Saint Yo On The Rock, cet \u00e9v\u00e9nement promet une journ\u00e9e riche en animations, avec un vide-greniers, une exposition de v\u00e9hicules anciens et des concerts en live.<\/p>\n<p>D\u00e8s 9\u00a0h, les visiteurs pourront chiner les bonnes affaires au vide-greniers. En parall\u00e8le, une exposition de voitures et motos de collection ravira les passionn\u00e9s autant que les curieux. <strong>\u00ab\u00a0Il sera m\u00eame possible de monter \u00e0 bord d\u2019un v\u00e9hicule pour une balade nostalgique\u00a0\u00bb,<\/strong> annonce Caty Roy, r\u00e9f\u00e9rente communication de l\u2019\u00e9v\u00e8nement.<\/p>\n<p>Trois concerts gratuits au th\u00e9\u00e2tre de verdure<\/p>\n<p>\u00c0 partir de 15\u00a0h, la musique prendra le relais, avec trois concerts gratuits au th\u00e9\u00e2tre de verdure. \u00c0 commencer par Arsenic Tisane, un groupe form\u00e9 de cinq musiciens passionn\u00e9s du vignoble, issu du vivier de Boc\u2019Asso. Leur \u00e9nergie communicative, leurs harmonies vocales et leurs reprises pop-rock soigneusement arrang\u00e9es en font un groupe incontournable du genre.<\/p>\n<p>Viendra ensuite le tour du groupe Le Bruit de l\u2019autre. Entre po\u00e9sie et intensit\u00e9 rock, ce quatuor alternatif propose une musique brute et intime. Enfin, Manu de Nars et son \u00e9nergie d\u00e9bordante proposera des chansons pop-rock, des morceaux accrocheurs, port\u00e9s par une belle g\u00e9n\u00e9rosit\u00e9 sc\u00e9nique.<\/p>\n<p><strong>Dimanche 6\u00a0juillet,<\/strong> de 9\u00a0h \u00e0 18\u00a0h, plan d\u2019eau du Ch\u00eane. Bar, grillades et restauration sur place. Entr\u00e9e gratuite.<\/p>\n<p>\u00a0<\/p>\n","protected":false},"excerpt":{"rendered":"La cinqui\u00e8me \u00e9dition du festival Festi\u2019Rock et Pare-chocs se tiendra ce dimanche 6\u00a0juillet, au plan d\u2019eau du Ch\u00eane,&hellip;\n","protected":false},"author":2,"featured_media":224136,"comment_status":"","ping_status":"","sticky":false,"template":"","format":"standard","meta":{"footnotes":""},"categories":[2818],"tags":[1111,11,4156,36312,1777,674,849,1011,27,34836,766,12,36311,2636,5240,25,4714],"class_list":{"0":"post-224135","1":"post","2":"type-post","3":"status-publish","4":"format-standard","5":"has-post-thumbnail","7":"category-nantes","8":"tag-actu","9":"tag-actualites","10":"tag-concerts","11":"tag-decibels","12":"tag-eu","13":"tag-europe","14":"tag-festival","15":"tag-fr","16":"tag-france","17":"tag-gratuits","18":"tag-nantes","19":"tag-news","20":"tag-pare-chocs","21":"tag-pays-de-la-loire","22":"tag-programme","23":"tag-republique-francaise","24":"tag-vignoble"},"share_on_mastodon":{"url":"https:\/\/pubeurope.com\/@fr\/114791602309332759","error":""},"_links":{"self":[{"href":"https:\/\/www.europesays.com\/fr\/wp-json\/wp\/v2\/posts\/224135","targetHints":{"allow":["GET"]}}],"collection":[{"href":"https:\/\/www.europesays.com\/fr\/wp-json\/wp\/v2\/posts"}],"about":[{"href":"https:\/\/www.europesays.com\/fr\/wp-json\/wp\/v2\/types\/post"}],"author":[{"embeddable":true,"href":"https:\/\/www.europesays.com\/fr\/wp-json\/wp\/v2\/users\/2"}],"replies":[{"embeddable":true,"href":"https:\/\/www.europesays.com\/fr\/wp-json\/wp\/v2\/comments?post=224135"}],"version-history":[{"count":0,"href":"https:\/\/www.europesays.com\/fr\/wp-json\/wp\/v2\/posts\/224135\/revisions"}],"wp:featuredmedia":[{"embeddable":true,"href":"https:\/\/www.europesays.com\/fr\/wp-json\/wp\/v2\/media\/224136"}],"wp:attachment":[{"href":"https:\/\/www.europesays.com\/fr\/wp-json\/wp\/v2\/media?parent=224135"}],"wp:term":[{"taxonomy":"category","embeddable":true,"href":"https:\/\/www.europesays.com\/fr\/wp-json\/wp\/v2\/categories?post=224135"},{"taxonomy":"post_tag","embeddable":true,"href":"https:\/\/www.europesays.com\/fr\/wp-json\/wp\/v2\/tags?post=224135"}],"curies":[{"name":"wp","href":"https:\/\/api.w.org\/{rel}","templated":true}]}}