{"id":22414,"date":"2025-04-13T14:45:08","date_gmt":"2025-04-13T14:45:08","guid":{"rendered":"https:\/\/www.europesays.com\/fr\/22414\/"},"modified":"2025-04-13T14:45:08","modified_gmt":"2025-04-13T14:45:08","slug":"volley-nationale-a-les-sanctions-de-garci-et-karoui-devoilees","status":"publish","type":"post","link":"https:\/\/www.europesays.com\/fr\/22414\/","title":{"rendered":"Volley &#8211; Nationale A : les sanctions de Garci et Karoui d\u00e9voil\u00e9es"},"content":{"rendered":"<p>\t\t\t\t\t\t\t\t\t\t\t\t\t\t<img decoding=\"async\" alt=\"\" src=\"https:\/\/www.europesays.com\/fr\/wp-content\/uploads\/2025\/04\/ae76e48aadf3943c692c3af4434b05d4\"  class=\"avatar avatar-50 photo\" height=\"50\" width=\"50\" loading=\"lazy\"\/>\t\t\t\t\t\t\t\t\t\t\t\t\t<\/p>\n<p>                                                                            By<br \/>\n                                                            <a href=\"https:\/\/sport.tunisienumerique.com\/author\/saber-ben-boubaker\/\" title=\"Articles par Saber Ben Boubaker\" rel=\"author nofollow noopener\" target=\"_blank\">Saber Ben Boubaker<\/a>  <\/p>\n<p>\t\t\t\t\t\t\t\t\t\t\t\t\t\t\t\t\u00a0| 12 Avril 2025 \u00e0 21:37<\/p>\n<p>Facebook<br \/>\nTwitter<br \/>\nLinkedIn<br \/>\nWhatsApp<\/p>\n<p>A l\u2019issue de sa r\u00e9union ce samedi soir, la commission de discipline de la f\u00e9d\u00e9ration tunisienne de volleyball a d\u00e9cid\u00e9 ce qui suit :<br \/>\u2013 Sanction de 6 matches contre le joueur de l\u2019Etoile du Sahel Marouen Garci et une amende de 400 Dt, suite \u00e0 son altercation et l\u2019agression physique avec l\u2019entraineur de l\u2019Ep\u00e9rance Hichem Kaabi ;<br \/>\u2013 Une amende de 400 Dt envers le joueur de l\u2019Esp\u00e9rance de Tunis Aymen Karoui, qui a \u00e9cop\u00e9 de deux matches de suspension, \u00e0 cause de son agression verbale contre Garci ;<\/p>\n<p>Tout cela est du aux \u00e9v\u00e8nements survenus lors du clasico de la derni\u00e8re journ\u00e9e du championnat Nationale A \u00e0 la salle Zouaoui \u00e0 Tunis.<\/p>\n<p>Facebook<br \/>\nTwitter<br \/>\nLinkedIn<br \/>\nWhatsApp<\/p>\n<p>\n\t\t\t\t\t\t\t\t\t\t\t<b>Que se passe-t-il en Tunisie?<\/b><br \/>Nous expliquons sur notre <a href=\"https:\/\/www.youtube.com\/channel\/UCRzypVq0B_yBad5eGrwBx0Q?sub_confirmation=1\" target=\"_blank\" rel=\"nofollow noopener\">cha\u00eene YouTube<\/a> . <a href=\"https:\/\/www.youtube.com\/channel\/UCRzypVq0B_yBad5eGrwBx0Q?sub_confirmation=1\" target=\"_blank\" rel=\"nofollow noopener\">Abonnez-vous!<\/a><\/p>\n<p>\t\t\t\t\t\t\t\t\t\t\t\t\t\t\t\t\t\t\t\t\t\t\t\t\t<img decoding=\"async\" src=\"https:\/\/www.europesays.com\/fr\/wp-content\/uploads\/2025\/04\/logo_tunisie_numerique-2.png\"\/><\/p>\n","protected":false},"excerpt":{"rendered":"By Saber Ben Boubaker \u00a0| 12 Avril 2025 \u00e0 21:37 Facebook Twitter LinkedIn WhatsApp A l\u2019issue de sa&hellip;\n","protected":false},"author":2,"featured_media":22415,"comment_status":"","ping_status":"","sticky":false,"template":"","format":"standard","meta":{"footnotes":""},"categories":[1417],"tags":[1011,27,60,1470,1469],"class_list":{"0":"post-22414","1":"post","2":"type-post","3":"status-publish","4":"format-standard","5":"has-post-thumbnail","7":"category-volley","8":"tag-fr","9":"tag-france","10":"tag-sports","11":"tag-volley","12":"tag-volleyball"},"share_on_mastodon":{"url":"https:\/\/pubeurope.com\/@fr\/114331197408473065","error":""},"_links":{"self":[{"href":"https:\/\/www.europesays.com\/fr\/wp-json\/wp\/v2\/posts\/22414","targetHints":{"allow":["GET"]}}],"collection":[{"href":"https:\/\/www.europesays.com\/fr\/wp-json\/wp\/v2\/posts"}],"about":[{"href":"https:\/\/www.europesays.com\/fr\/wp-json\/wp\/v2\/types\/post"}],"author":[{"embeddable":true,"href":"https:\/\/www.europesays.com\/fr\/wp-json\/wp\/v2\/users\/2"}],"replies":[{"embeddable":true,"href":"https:\/\/www.europesays.com\/fr\/wp-json\/wp\/v2\/comments?post=22414"}],"version-history":[{"count":0,"href":"https:\/\/www.europesays.com\/fr\/wp-json\/wp\/v2\/posts\/22414\/revisions"}],"wp:featuredmedia":[{"embeddable":true,"href":"https:\/\/www.europesays.com\/fr\/wp-json\/wp\/v2\/media\/22415"}],"wp:attachment":[{"href":"https:\/\/www.europesays.com\/fr\/wp-json\/wp\/v2\/media?parent=22414"}],"wp:term":[{"taxonomy":"category","embeddable":true,"href":"https:\/\/www.europesays.com\/fr\/wp-json\/wp\/v2\/categories?post=22414"},{"taxonomy":"post_tag","embeddable":true,"href":"https:\/\/www.europesays.com\/fr\/wp-json\/wp\/v2\/tags?post=22414"}],"curies":[{"name":"wp","href":"https:\/\/api.w.org\/{rel}","templated":true}]}}