{"id":224141,"date":"2025-07-03T22:15:13","date_gmt":"2025-07-03T22:15:13","guid":{"rendered":"https:\/\/www.europesays.com\/fr\/224141\/"},"modified":"2025-07-03T22:15:13","modified_gmt":"2025-07-03T22:15:13","slug":"black-out-au-bordeaux-p2-une-coupure-de-courant-plonge-la-patinoire-dans-le-noir-total-super-raton-aurait-ronge-un-cable","status":"publish","type":"post","link":"https:\/\/www.europesays.com\/fr\/224141\/","title":{"rendered":"Black-out au Bordeaux P2 : une coupure de courant plonge la patinoire dans le noir total. Super Rat\u00f3n \u201caurait rong\u00e9 un c\u00e2ble\u201d\u2026"},"content":{"rendered":"<p>Le Bordeaux P2 a connu un moment aussi inattendu que marquant ce mercredi sur la piste centrale de la Patinoire de M\u00e9riadeck. Alors que le public assistait \u00e0 un duel attendu entre les fr\u00e8res Deus et la t\u00eate de s\u00e9rie n\u00b02, Chingotto \/ Gal\u00e1n, une panne d\u2019\u00e9lectricit\u00e9 g\u00e9n\u00e9rale a plong\u00e9 l\u2019ar\u00e8ne dans le noir total.<\/p>\n<p>\u00c0 1\/1 au premier set, tout s\u2019arr\u00eate subitement : plus de lumi\u00e8re, plus d\u2019\u00e9cran, et m\u00eame les spectateurs suivant la rencontre en direct ont vu leur retransmission coup\u00e9e net avec une image fig\u00e9e un long moment. Sur place, l\u2019obscurit\u00e9 est quasi compl\u00e8te. Heureusement qu\u2019il faisait encore grand jour. Une interruption rarissime \u00e0 ce niveau de comp\u00e9tition.<\/p>\n<p><img title=\"Black-out au Bordeaux P2 : une coupure de courant plonge la patinoire dans le noir total. Super Rat\u00f3n &quot;aurait rong\u00e9 un c\u00e2ble&quot;... | Padel Magazine\" loading=\"lazy\" decoding=\"async\" width=\"1024\" height=\"576\" src=\"https:\/\/www.europesays.com\/fr\/wp-content\/uploads\/2025\/07\/2025-07-03_20h13_04-1024x576.png\" alt=\"Black-out au Bordeaux P2 : une coupure de courant plonge la patinoire dans le noir total. Super Rat\u00f3n &quot;aurait rong\u00e9 un c\u00e2ble&quot;...\" class=\"wp-image-263166\"  \/><\/p>\n<p>Lorsque le direct reprend, les quatre joueurs sont encore dans le noir. Il faudra attendre quelques minutes suppl\u00e9mentaires et un nouvel \u00e9chauffement pour que la rencontre red\u00e9marre r\u00e9ellement dans de bonnes conditions.<\/p>\n<p>Et forc\u00e9ment, certains membres de l\u2019\u00e9quipe \u2013 et il faut le dire, quelques fans fac\u00e9tieux \u2013 n\u2019ont pas h\u00e9sit\u00e9 \u00e0 faire le rapprochement avec le c\u00e9l\u00e8bre surnom de Fede Chingotto : <strong>Super Rat\u00f3n<\/strong>. Il n\u2019en fallait pas plus pour faire le lien entre cette panne d\u2019\u00e9lectricit\u00e9 soudaine et le h\u00e9ros des dessins anim\u00e9s\u2026 Accusation farfelue ? A priori oui, puisque <strong>Fede avait un excellent alibi<\/strong> : les milliers de spectateurs pr\u00e9sents sur place et en direct, qui peuvent t\u00e9moigner qu\u2019il \u00e9tait bien sur la piste au moment des faits. Bref, cette piste\u2026 tombe \u00e0 l\u2019eau !<\/p>\n<p>Malgr\u00e9 ce fait de jeu inhabituel, le match reprend son cours sans incident majeur. Les fr\u00e8res portugais Deus, tr\u00e8s combatifs, ne parviennent toutefois pas \u00e0 inverser la tendance face \u00e0 la solidit\u00e9 impressionnante de Chingotto et Gal\u00e1n, qui s\u2019imposent avec autorit\u00e9 sur le score de 6\/2 6\/2.<\/p>\n<p>Cette victoire conforte encore un peu plus le statut de favoris de la paire hispano-argentine dans cette moiti\u00e9 de tableau, en route vers une finale attendue face \u00e0 Coello \/ Tapia, si la logique du classement est respect\u00e9e.<\/p>\n<p>Un incident qui aura marqu\u00e9 les esprits\u2026 sans bouleverser la hi\u00e9rarchie du padel mondial. Mais il est certain qu\u2019\u00e0 Bordeaux, on se souviendra longtemps du match jou\u00e9 dans le noir (et de Super Rat\u00f3n, bien s\u00fbr).<\/p>\n<p><img loading=\"lazy\" decoding=\"async\" data-del=\"avatar\" alt=\"Franck Binisti\" src=\"https:\/\/www.europesays.com\/fr\/wp-content\/uploads\/2025\/04\/Franck-Binisti-Padel-100x100.jpg\" class=\"avatar pp-user-avatar avatar-100 photo \" height=\"100\" width=\"100\"\/><\/p>\n<p>Franck Binisti d\u00e9couvre le padel au Club des Pyramides en 2009 en r\u00e9gion parisienne. Depuis, le padel fait partie de sa vie. Vous le voyez souvent faire le tour de France en allant couvrir les grands \u00e9v\u00e9nements de padel fran\u00e7ais.<\/p>\n<p class=\"related-title\">Sur le m\u00eame sujet<\/p>\n","protected":false},"excerpt":{"rendered":"Le Bordeaux P2 a connu un moment aussi inattendu que marquant ce mercredi sur la piste centrale de&hellip;\n","protected":false},"author":2,"featured_media":224142,"comment_status":"","ping_status":"","sticky":false,"template":"","format":"standard","meta":{"footnotes":""},"categories":[2817],"tags":[1111,11,1997,1777,674,36313,1011,27,708,12,2219,30680,25],"class_list":{"0":"post-224141","1":"post","2":"type-post","3":"status-publish","4":"format-standard","5":"has-post-thumbnail","7":"category-bordeaux","8":"tag-actu","9":"tag-actualites","10":"tag-bordeaux","11":"tag-eu","12":"tag-europe","13":"tag-fede-chingotto","14":"tag-fr","15":"tag-france","16":"tag-humour","17":"tag-news","18":"tag-nouvelle-aquitaine","19":"tag-premier-padel-bordeaux-p2","20":"tag-republique-francaise"},"share_on_mastodon":{"url":"https:\/\/pubeurope.com\/@fr\/114791614095188541","error":""},"_links":{"self":[{"href":"https:\/\/www.europesays.com\/fr\/wp-json\/wp\/v2\/posts\/224141","targetHints":{"allow":["GET"]}}],"collection":[{"href":"https:\/\/www.europesays.com\/fr\/wp-json\/wp\/v2\/posts"}],"about":[{"href":"https:\/\/www.europesays.com\/fr\/wp-json\/wp\/v2\/types\/post"}],"author":[{"embeddable":true,"href":"https:\/\/www.europesays.com\/fr\/wp-json\/wp\/v2\/users\/2"}],"replies":[{"embeddable":true,"href":"https:\/\/www.europesays.com\/fr\/wp-json\/wp\/v2\/comments?post=224141"}],"version-history":[{"count":0,"href":"https:\/\/www.europesays.com\/fr\/wp-json\/wp\/v2\/posts\/224141\/revisions"}],"wp:featuredmedia":[{"embeddable":true,"href":"https:\/\/www.europesays.com\/fr\/wp-json\/wp\/v2\/media\/224142"}],"wp:attachment":[{"href":"https:\/\/www.europesays.com\/fr\/wp-json\/wp\/v2\/media?parent=224141"}],"wp:term":[{"taxonomy":"category","embeddable":true,"href":"https:\/\/www.europesays.com\/fr\/wp-json\/wp\/v2\/categories?post=224141"},{"taxonomy":"post_tag","embeddable":true,"href":"https:\/\/www.europesays.com\/fr\/wp-json\/wp\/v2\/tags?post=224141"}],"curies":[{"name":"wp","href":"https:\/\/api.w.org\/{rel}","templated":true}]}}