{"id":224143,"date":"2025-07-03T22:16:11","date_gmt":"2025-07-03T22:16:11","guid":{"rendered":"https:\/\/www.europesays.com\/fr\/224143\/"},"modified":"2025-07-03T22:16:11","modified_gmt":"2025-07-03T22:16:11","slug":"ligne-c-du-metro-a-toulouse-apres-les-effondrements-un-vide-souterrain-decouvert-dans-un-autre-quartier","status":"publish","type":"post","link":"https:\/\/www.europesays.com\/fr\/224143\/","title":{"rendered":"Ligne C du m\u00e9tro \u00e0 Toulouse. Apr\u00e8s les effondrements, un vide souterrain d\u00e9couvert dans un autre quartier"},"content":{"rendered":"<p>            Par<br \/>\n        <strong><br \/>\n            <a href=\"https:\/\/actu.fr\/auteur\/lea-afonso\" title=\"Consulter tous les articles de L\u00e9a Afonso\" target=\"_blank\" rel=\"noopener\">L\u00e9a Afonso<\/a><br \/>\n        <\/strong><\/p>\n<p>        Publi\u00e9 le<\/p>\n<p>            3 juil. 2025 \u00e0 18h33<br \/>\n        ; mis \u00e0 jour le 3 juil. 2025 \u00e0 18h38    <\/p>\n<p>Alors que la <a href=\"https:\/\/actu.fr\/tag\/ligne-c-du-metro-de-toulouse\" target=\"_blank\" rel=\"noopener\">ligne C du m\u00e9tro<\/a> \u00e0 <a href=\"https:\/\/actu.fr\/toulouse\/\" target=\"_blank\" rel=\"noopener\">Toulouse<\/a> se dessine peu \u00e0 peu, les quelques d\u00e9sagr\u00e9ments s\u2019encha\u00eenent. Si un quartier est particuli\u00e8rement touch\u00e9 \u2014 celui de <a href=\"https:\/\/actu.fr\/occitanie\/toulouse_31555\/toulouse-elle-a-eu-le-temps-de-dire-j-entends-un-crac-avant-que-tout-s-effondre-dans-sa-maison_62802510.html\" target=\"_blank\" rel=\"noopener\">Bonnefoy<\/a>, qui compte \u00e0 ce jour <a href=\"https:\/\/actu.fr\/occitanie\/toulouse_31555\/un-enorme-trou-se-forme-dans-un-jardin-apres-le-passage-d-un-tunnelier-de-la-ligne-c-du-metro-de-toulouse_62719633.html\" target=\"_blank\" rel=\"noopener\">deux effondrements<\/a> \u2014, ce jeudi 3 juillet 2025, un tout autre secteur est mis en lumi\u00e8re. Celui de la<strong> C\u00f4te Pav\u00e9,<\/strong> plus pr\u00e9cis\u00e9ment la<strong> rue de Limayrac<\/strong> o\u00f9 les habitants ont eu la surprise de d\u00e9couvrir foreuse et b\u00e9tonneuse devant leur fen\u00eatre. Explications.<\/p>\n<p>Une rue barr\u00e9e<\/p>\n<p class=\" wall-content\">\u00ab\u2009\u00c0 partir du 2 juillet 2025, et pour une dur\u00e9e pr\u00e9visionnelle de trois jours (fin des travaux le 4 juillet), des<strong> interventions n\u00e9cessaires \u00e0 la r\u00e9alisation des travaux<\/strong> de la ligne C du m\u00e9tro auront lieu au <strong>54-56 rue de Limayrac<\/strong>. Ces travaux n\u00e9cessiteront de barrer la route dans les deux sens de circulation et d\u2019occuper une partie du trottoir\u2009\u00bb, indique <a href=\"https:\/\/actu.fr\/tag\/tisseo\" target=\"_blank\" rel=\"noopener\">Tiss\u00e9o<\/a> dans une note adress\u00e9e aux habitants.<\/p>\n<p class=\" wall-content\">Effectivement, depuis hier,<strong> foreuse et b\u00e9tonneuse<\/strong> se relaient dans la rue de Limayrac, devant les num\u00e9ros 54 et 56. Un dispositif qui peut affoler, notamment avec les quelques tensions li\u00e9es au creusement de la ligne C de m\u00e9tro. Mais Tiss\u00e9o se veut rassurant.<\/p>\n<p>    <img   decoding=\"async\" loading=\"lazy\" src=\"https:\/\/www.europesays.com\/fr\/wp-content\/uploads\/2025\/07\/cote-pave-4-960x640.jpg\" alt=\"Une intervention d'envergure en raison du vide d\u00e9couvert. \" width=\"960\" height=\"640\"\/><br \/>\n    Une intervention d\u2019envergure en raison d\u2019un vide souterrain d\u00e9couvert. (\u00a9L\u00e9a Afonso \/ Actu Toulouse)La d\u00e9couverte d\u2019un vide<\/p>\n<p class=\" wall-content\">Si l\u2019entreprise intervient depuis ce mercredi, c\u2019est parce qu\u2019un<strong> vide souterrain<\/strong> a \u00e9t\u00e9 d\u00e9couvert, \u00e0 cet endroit m\u00eame o\u00f9 le <strong>tunnelier est pass\u00e9 ce samedi 28\u00a0juin<\/strong>. Non visible en surface, il est situ\u00e9 \u00e0 quelques m\u00e8tres sous terre. Et<a href=\"https:\/\/actu.fr\/occitanie\/toulouse_31555\/ligne-c-du-metro-nous-demandons-l-arret-du-percement-suite-aux-effondrements-ce-collectif-se-mobilise_62844212.html\" target=\"_blank\" rel=\"noopener\"> comme l\u2019annon\u00e7ait Tiss\u00e9o<\/a>, d\u00e9sormais, d\u00e8s que \u00ab\u2009le fontim\u00e8tre d\u00e9tecte des endroits plus d\u00e9licats au moment du passage du tunnelier, nous refaisons des sondages du sol compl\u00e9mentaire et<strong> nous rebouchons \u00e0 l\u2019aide de b\u00e9ton<\/strong> d\u00e8s l\u2019instant o\u00f9 un vide est rep\u00e9r\u00e9\u2009\u00bb.<\/p>\n<p class=\" wall-content\">Une telle intervention, qui d\u2019embl\u00e9e peut faire peur en raison du dispositif important, mais qui permet de \u00ab\u2009renforcer et de s\u00e9curiser le territoire pour que le restant du chantier se d\u00e9roule au mieux\u2009\u00bb, <a href=\"https:\/\/actu.fr\/occitanie\/toulouse_31555\/ligne-c-du-metro-nous-demandons-l-arret-du-percement-suite-aux-effondrements-ce-collectif-se-mobilise_62844212.html\" target=\"_blank\" rel=\"noopener\">comme l\u2019expliquait l\u2019entreprise \u00e0\u00a0Actu Toulouse<\/a>. Il s\u2019agit de la m\u00eame op\u00e9ration r\u00e9alis\u00e9e<a href=\"https:\/\/actu.fr\/occitanie\/toulouse_31555\/toulouse-on-n-est-pas-du-tout-rassure-l-inquietude-apres-un-nouvel-effondrement-dans-ce-quartier_62838730.html\" target=\"_blank\" rel=\"noopener\"> le 27\u00a0juin dernier dans le quartier Marengo<\/a>.<\/p>\n<p>S&rsquo;informer durant les travaux <\/p>\n<p>\u00c0 destination des Toulousains ou de tous les curieux, Tiss\u00e9o rappelle qu&rsquo;une application existe pour suivre les travaux du m\u00e9tro. \u00ab\u00a0Parlons Travaux\u00a0\u00bb permet une diffusion de l\u2019information plus rapide et de recueillir les interrogations ou les signalements du public sur le chantier de la ligne C.<\/p>\n<p class=\" wall-content\">Suivez toute l\u2019actualit\u00e9 de vos villes et m\u00e9dias favoris en vous inscrivant \u00e0 <a href=\"https:\/\/moncompte.actu.fr\" title=\"D\u00e9couvez Mon Actu\" rel=\"nofollow noopener\" data-trk=\"{&quot;cta&quot;:{&quot;action&quot;:&quot;https:\\\/\\\/moncompte.actu.fr&quot;,&quot;category&quot;:&quot;mon compte&quot;,&quot;from&quot;:&quot;article footer&quot;,&quot;name&quot;:&quot;Mon actu&quot;,&quot;type&quot;:&quot;cta&quot;}}\" target=\"_blank\">Mon Actu<\/a>.<\/p>\n<ul class=\"ac-article-tag wall-content\">\n<li><a href=\"https:\/\/actu.fr\/tag\/ligne-c-du-metro-de-toulouse\" data-trk=\"{&quot;cta&quot;:{&quot;action&quot;:&quot;Ligne C du m\\u00e9tro de Toulouse&quot;,&quot;category&quot;:&quot;tag&quot;,&quot;from&quot;:&quot;article footer&quot;,&quot;name&quot;:&quot;Ligne C du m\\u00e9tro de Toulouse&quot;,&quot;type&quot;:&quot;cta&quot;}}\" target=\"_blank\" rel=\"noopener\">#Ligne C du m\u00e9tro de Toulouse<\/a><\/li>\n<li><a href=\"https:\/\/actu.fr\/tag\/tisseo\" data-trk=\"{&quot;cta&quot;:{&quot;action&quot;:&quot;Tiss\\u00e9o&quot;,&quot;category&quot;:&quot;tag&quot;,&quot;from&quot;:&quot;article footer&quot;,&quot;name&quot;:&quot;Tiss\\u00e9o&quot;,&quot;type&quot;:&quot;cta&quot;}}\" target=\"_blank\" rel=\"noopener\">#Tiss\u00e9o<\/a><\/li>\n<\/ul>\n","protected":false},"excerpt":{"rendered":"Par L\u00e9a Afonso Publi\u00e9 le 3 juil. 2025 \u00e0 18h33 ; mis \u00e0 jour le 3 juil. 2025&hellip;\n","protected":false},"author":2,"featured_media":224144,"comment_status":"","ping_status":"","sticky":false,"template":"","format":"standard","meta":{"footnotes":""},"categories":[2816],"tags":[1111,11,1777,674,1011,27,5224,12,2680,25,104,5400,2312],"class_list":{"0":"post-224143","1":"post","2":"type-post","3":"status-publish","4":"format-standard","5":"has-post-thumbnail","7":"category-toulouse","8":"tag-actu","9":"tag-actualites","10":"tag-eu","11":"tag-europe","12":"tag-fr","13":"tag-france","14":"tag-ligne-c-du-metro-de-toulouse","15":"tag-news","16":"tag-occitanie","17":"tag-republique-francaise","18":"tag-societe","19":"tag-tisseo","20":"tag-toulouse"},"share_on_mastodon":{"url":"https:\/\/pubeurope.com\/@fr\/114791618012888130","error":""},"_links":{"self":[{"href":"https:\/\/www.europesays.com\/fr\/wp-json\/wp\/v2\/posts\/224143","targetHints":{"allow":["GET"]}}],"collection":[{"href":"https:\/\/www.europesays.com\/fr\/wp-json\/wp\/v2\/posts"}],"about":[{"href":"https:\/\/www.europesays.com\/fr\/wp-json\/wp\/v2\/types\/post"}],"author":[{"embeddable":true,"href":"https:\/\/www.europesays.com\/fr\/wp-json\/wp\/v2\/users\/2"}],"replies":[{"embeddable":true,"href":"https:\/\/www.europesays.com\/fr\/wp-json\/wp\/v2\/comments?post=224143"}],"version-history":[{"count":0,"href":"https:\/\/www.europesays.com\/fr\/wp-json\/wp\/v2\/posts\/224143\/revisions"}],"wp:featuredmedia":[{"embeddable":true,"href":"https:\/\/www.europesays.com\/fr\/wp-json\/wp\/v2\/media\/224144"}],"wp:attachment":[{"href":"https:\/\/www.europesays.com\/fr\/wp-json\/wp\/v2\/media?parent=224143"}],"wp:term":[{"taxonomy":"category","embeddable":true,"href":"https:\/\/www.europesays.com\/fr\/wp-json\/wp\/v2\/categories?post=224143"},{"taxonomy":"post_tag","embeddable":true,"href":"https:\/\/www.europesays.com\/fr\/wp-json\/wp\/v2\/tags?post=224143"}],"curies":[{"name":"wp","href":"https:\/\/api.w.org\/{rel}","templated":true}]}}