{"id":224149,"date":"2025-07-03T22:19:19","date_gmt":"2025-07-03T22:19:19","guid":{"rendered":"https:\/\/www.europesays.com\/fr\/224149\/"},"modified":"2025-07-03T22:19:19","modified_gmt":"2025-07-03T22:19:19","slug":"a-lille-la-fete-avant-de-se-creuser-la-tete","status":"publish","type":"post","link":"https:\/\/www.europesays.com\/fr\/224149\/","title":{"rendered":"\u00e0 Lille, la f\u00eate avant de se creuser la t\u00eate"},"content":{"rendered":"<p>\u00c0 ceux qui s\u2019en vont au combat, un ultime hommage. Aux 184 coureurs qui s\u2019\u00e9lanceront samedi de l\u2019esplanade du Champ de mars les honneurs du public, sous le patronage de la D\u00e9esse. Plus de dix mille lillois et fans venus des quatre coins du monde mass\u00e9s autour de cette colonne \u2013 encore beaucoup plus derri\u00e8re les barri\u00e8res sur la totalit\u00e9 du d\u00e9fil\u00e9 trac\u00e9 sur un kilom\u00e8tre de long \u2013 c\u00e9l\u00e9brant l\u2019h\u00e9ro\u00efsme, symbolisant l\u2019espoir et la r\u00e9sistance. Un cocktail de valeurs dont tous auront besoin pour r\u00e9aliser leurs r\u00eaves les plus fous le temps des trois semaines les plus attendues de l\u2019\u00e9t\u00e9.<\/p>\n<p>  Alaphilippe en chouchou, Pogacar en fran\u00e7ais<\/p>\n<p>Un dernier bain de foule revigorant avant de plonger dans un oc\u00e9an d\u2019\u00e9motions. Les clameurs \u00e0 l\u2019unisson pour <a href=\"https:\/\/www.ledauphine.com\/tour-de-france\/2025\/07\/02\/fetard-polemique-alafpolak-quatre-choses-a-savoir-sur-julian-alaphilippe\" target=\"_blank\" rel=\"nofollow noopener\">le chouchou national Julian Alaphilippe<\/a>, de retour ragaillardi sur le Tour et en qu\u00eate d\u2019un septi\u00e8me succ\u00e8s d\u2019\u00e9tape. <a href=\"https:\/\/www.ledauphine.com\/sport\/2025\/07\/03\/on-ne-sait-jamais-favori-mais-pas-imbattable-pogacar-se-mefie-de-vingegaard\" target=\"_blank\" rel=\"nofollow noopener\">Le show Tadej Pogacar<\/a>, haranguant le public lillois en fran\u00e7ais dans le texte (\u00ab\u00a0Comment \u00e7a va, Lille\u00a0?\u00a0\u00bb), favori pour un quatri\u00e8me sacre sur les Champs-\u00c9lys\u00e9es le 27\u00a0juillet. Les politiques locaux micro en main fa\u00e7on Johnny sur sc\u00e8ne, exaltant les vertus des gens du Nord aux yeux du monde.<\/p>\n<p><strong>LIRE AUSSI &gt;&gt; <a href=\"https:\/\/www.ledauphine.com\/tour-de-france\/2025\/07\/03\/pas-la-pour-faire-coucou-julian-alaphilippe-ambitieux-avec-sa-nouvelle-equipe-tudor\" target=\"_blank\" rel=\"nofollow noopener\">\u00ab Pas l\u00e0 pour faire coucou \u00bb : Julian Alaphilippe ambitieux avec sa nouvelle \u00e9quipe Tudor<\/a><\/strong><\/p>\n<p>\u00ab\u00a0On ne s\u2019y habitue jamais vraiment \u00e0 cette ambiance\u00a0\u00bb, savoure <a href=\"https:\/\/www.ledauphine.com\/p\/guillaume-martin\" target=\"_blank\" rel=\"nofollow noopener\">Guillaume Martin<\/a>-Guyonnet (Groupama-FDJ), neufs Grands D\u00e9parts \u00e0 son actif. Le rookie  Bastien Tronchon (Decathlon AG2R La Mondiale), le regard pivotant \u00e0 360 degr\u00e9s sur la Grand Place lilloise \u00ab\u00a0kiffe\u00a0\u00bb, lui, simplement l\u2019instant, cette liesse populaire. Le dernier moment d\u2019insouciance avant que la r\u00e9alit\u00e9 de la course ne frappe durement.<\/p>\n<p>  Du r\u00eave \u00e0 la r\u00e9alit\u00e9<\/p>\n<p>D\u00e8s ce vendredi, plus question d\u2019avoir la t\u00eate dans les \u00e9toiles. Aux hommes rapides et leurs \u00e9quipes d\u2019\u00e9tablir le plan de bataille parfait afin d\u2019aller chercher la premi\u00e8re victoire et le premier maillot jaune du cru 2025, samedi. Les Jonathan Milan, Tim Merlier, Dylan Groenewegen, Biniam Girmay ou Jasper Philipsen se r\u00eavent tous en successeur du Norv\u00e9gien Alexander Kristoff, <a href=\"https:\/\/www.ledauphine.com\/sport\/2020\/08\/29\/tour-de-france-2020-3-choses-a-savoir-sur-alexander-kristoff-premier-maillot-jaune-cette-annee\" target=\"_blank\" rel=\"nofollow noopener\">dernier sprinteur laur\u00e9at de l\u2019\u00e9tape inaugurale \u00e0 Nice, en 2020.<\/a><\/p>\n<p>Aux puncheurs trop nombreux pour \u00eatre cit\u00e9s et leurs directeurs sportifs d\u2019identifier le moment M dans la foule d\u2019opportunit\u00e9s qui se pr\u00e9senteront \u00e0 eux du Nord au Puy-de-D\u00f4me, en passant par la Normandie et la Bretagne. Trouver quand se faire mal pour acc\u00e9der \u00e0 un bonheur qui change une carri\u00e8re, une vie.<\/p>\n<p>\u00c0 ceux qui se r\u00eavent sur le podium \u00e0 Paris d\u2019\u00e9viter les innombrables pi\u00e8ges sur leur route. \u00c0 ceux qui r\u00eavent encore plus grand de trouver, jour apr\u00e8s jour, comment faire tomber un champion du monde plus que jamais sur son nuage. Un si rapide retour sur terre apr\u00e8s l\u2019euphorie d\u2019un jeudi soir r\u00e9ussi. \u00c7a y est, le Tour peut enfin commencer.<\/p>\n","protected":false},"excerpt":{"rendered":"\u00c0 ceux qui s\u2019en vont au combat, un ultime hommage. Aux 184 coureurs qui s\u2019\u00e9lanceront samedi de l\u2019esplanade&hellip;\n","protected":false},"author":2,"featured_media":224150,"comment_status":"","ping_status":"","sticky":false,"template":"","format":"standard","meta":{"footnotes":""},"categories":[2815],"tags":[1111,11,207,1777,674,107,1011,27,811,1307,12,25,517,1947,210],"class_list":{"0":"post-224149","1":"post","2":"type-post","3":"status-publish","4":"format-standard","5":"has-post-thumbnail","7":"category-lille","8":"tag-actu","9":"tag-actualites","10":"tag-cyclisme","11":"tag-eu","12":"tag-europe","13":"tag-fil-info","14":"tag-fr","15":"tag-france","16":"tag-hauts-de-france","17":"tag-lille","18":"tag-news","19":"tag-republique-francaise","20":"tag-sport","21":"tag-sport-national","22":"tag-tour-de-france"},"share_on_mastodon":{"url":"https:\/\/pubeurope.com\/@fr\/114791629714485293","error":""},"_links":{"self":[{"href":"https:\/\/www.europesays.com\/fr\/wp-json\/wp\/v2\/posts\/224149","targetHints":{"allow":["GET"]}}],"collection":[{"href":"https:\/\/www.europesays.com\/fr\/wp-json\/wp\/v2\/posts"}],"about":[{"href":"https:\/\/www.europesays.com\/fr\/wp-json\/wp\/v2\/types\/post"}],"author":[{"embeddable":true,"href":"https:\/\/www.europesays.com\/fr\/wp-json\/wp\/v2\/users\/2"}],"replies":[{"embeddable":true,"href":"https:\/\/www.europesays.com\/fr\/wp-json\/wp\/v2\/comments?post=224149"}],"version-history":[{"count":0,"href":"https:\/\/www.europesays.com\/fr\/wp-json\/wp\/v2\/posts\/224149\/revisions"}],"wp:featuredmedia":[{"embeddable":true,"href":"https:\/\/www.europesays.com\/fr\/wp-json\/wp\/v2\/media\/224150"}],"wp:attachment":[{"href":"https:\/\/www.europesays.com\/fr\/wp-json\/wp\/v2\/media?parent=224149"}],"wp:term":[{"taxonomy":"category","embeddable":true,"href":"https:\/\/www.europesays.com\/fr\/wp-json\/wp\/v2\/categories?post=224149"},{"taxonomy":"post_tag","embeddable":true,"href":"https:\/\/www.europesays.com\/fr\/wp-json\/wp\/v2\/tags?post=224149"}],"curies":[{"name":"wp","href":"https:\/\/api.w.org\/{rel}","templated":true}]}}