{"id":224151,"date":"2025-07-03T22:20:10","date_gmt":"2025-07-03T22:20:10","guid":{"rendered":"https:\/\/www.europesays.com\/fr\/224151\/"},"modified":"2025-07-03T22:20:10","modified_gmt":"2025-07-03T22:20:10","slug":"marseille-apres-la-canicule-la-meteo-va-radicalement-changer-voici-les-previsions","status":"publish","type":"post","link":"https:\/\/www.europesays.com\/fr\/224151\/","title":{"rendered":"Marseille. Apr\u00e8s la canicule, la m\u00e9t\u00e9o va radicalement changer, voici les pr\u00e9visions"},"content":{"rendered":"<p>            Par<br \/>\n        <strong><br \/>\n            <a href=\"https:\/\/actu.fr\/auteur\/thibault-nadal-actu-fr\" title=\"Consulter tous les articles de Thibault Nadal\" target=\"_blank\" rel=\"noopener\">Thibault Nadal<\/a><br \/>\n        <\/strong><\/p>\n<p>        Publi\u00e9 le<\/p>\n<p>            3 juil. 2025 \u00e0 17h39        <\/p>\n<p>Vers la fin de <strong>plusieurs semaines de chaleur<\/strong>, marqu\u00e9e par un \u00e9pisode de <a href=\"https:\/\/actu.fr\/tag\/canicule\" target=\"_blank\" rel=\"noopener\">canicule<\/a> particuli\u00e8rement long\u2009? Depuis le jeudi 26\u00a0juin 2025, <a href=\"https:\/\/actu.fr\/marseille\/\" target=\"_blank\" rel=\"noopener\">Marseille<\/a> et les <a href=\"https:\/\/actu.fr\/provence-alpes-cote-d-azur\/bouches-du-rhone_13\" target=\"_blank\" rel=\"noopener\">Bouches-du-Rh\u00f4ne<\/a> sont plac\u00e9s en vigilance par <a href=\"https:\/\/actu.fr\/tag\/meteo-france\" target=\"_blank\" rel=\"noopener\">M\u00e9t\u00e9o-France<\/a>, jaune d\u2019abord pour une seule journ\u00e9e puis orange.<\/p>\n<p class=\" wall-content\">Mais cela devrait bient\u00f4t prendre fin. Voici tout ce qu\u2019il faut savoir sur la fin de cet \u00e9pisode caniculaire.<\/p>\n<p>Retour \u00e0 la normale d\u00e8s dimanche<\/p>\n<p class=\" wall-content\">Des temp\u00e9ratures \u00e0 35\u00b0C sur le littoral et 40\u00b0C dans les terres, des humidex (l\u2019indicateur qui \u00e9value la perception des temp\u00e9ratures sur le corps humain) \u00e0 <strong>plus de 45\u00b0C<\/strong>, ces derniers jours ont \u00e9t\u00e9 suffocants en Provence.<\/p>\n<p class=\" wall-content\">Mais d\u00e8s ce dimanche, habitants et touristes vont pouvoir souffler. \u00ab\u2009Plus que trois jours avant de pouvoir respirer enfin\u2009\u00bb, promet Paul Marquis, fondateur de <a href=\"https:\/\/www.facebook.com\/lameteodu13\/?locale=fr_FR\" target=\"_blank\" rel=\"noopener\">La M\u00e9t\u00e9o du 13<\/a>.<\/p>\n<p class=\" wall-content\">\n<p class=\" wall-content\">La vigilance canicule devrait en effet prendre fin ce dimanche 6\u00a0juillet \u00e0 partir de 6h \u00ab\u2009avec <strong>l\u2019arriv\u00e9e d\u2019une perturbation nuageuse et de quelques averses<\/strong>\u2009\u00bb, r\u00e9v\u00e8le le m\u00e9t\u00e9orologue ind\u00e9pendant.<\/p>\n<p>Vid\u00e9os : en ce moment sur ActuDes temp\u00e9ratures sous les 30\u00b0C<\/p>\n<p class=\" wall-content\">Cela devrait se traduire par une chute brutale des temp\u00e9ratures. Samedi, il fera 31\u00b0C \u00e0 Marseille au plus fort de la journ\u00e9e et 26\u00b0C la nuit. Mais d\u00e8s dimanche, le mercure passera sous la barre des 30\u00b0C pour <strong>s\u2019installer \u00e0 28\u00b0C<\/strong> avec de fortes rafales de vent (55km\/h).<\/p>\n<p class=\" wall-content\">Le m\u00e9t\u00e9orologue anticipe m\u00eame des temp\u00e9ratures\u2026 en dessous des normales de saison au-dessus de 1\u2009500m. \u00ab\u2009Un exploit qui ne devrait durer que 24 \u00e0 48h\u2009\u00bb, souligne-t-il.<\/p>\n<p>Le mistral va souffler fort<\/p>\n<p class=\" wall-content\">Le d\u00e9but de semaine sera marqu\u00e9 par l\u2019arriv\u00e9e du mistral.<\/p>\n<blockquote class=\"ac-article-quote wall-content\">\n<p>Le mistral se renforcera largement autour de la M\u00e9diterran\u00e9e pour le lundi 7 et mardi 8 juillet avec forc\u00e9ment, un risque d&rsquo;incendies en hausse.<\/p>\n<p>    <strong>Paul Marquis<\/strong><br \/>\n        Fondateur de La M\u00e9t\u00e9o du 13    <\/p><\/blockquote>\n<p class=\" wall-content\">C\u00f4t\u00e9 temp\u00e9ratures, la vie sera nettement plus agr\u00e9able avec <strong>une moyenne \u00e0 28\u00b0C<\/strong> en d\u00e9but de semaine dans l\u2019apr\u00e8s-midi. Mais c\u2019est la nuit que les chutes seront les spectaculaires avec \u2013 8\u00b0C en quelques jours, de 28 \u00e0 20\u00b0C. De quoi dormir enfin en toute tranquillit\u00e9.<\/p>\n<p class=\" wall-content\">Suivez toute l\u2019actualit\u00e9 de vos villes et m\u00e9dias favoris en vous inscrivant \u00e0 <a href=\"https:\/\/moncompte.actu.fr\" title=\"D\u00e9couvez Mon Actu\" rel=\"nofollow noopener\" data-trk=\"{&quot;cta&quot;:{&quot;action&quot;:&quot;https:\\\/\\\/moncompte.actu.fr&quot;,&quot;category&quot;:&quot;mon compte&quot;,&quot;from&quot;:&quot;article footer&quot;,&quot;name&quot;:&quot;Mon actu&quot;,&quot;type&quot;:&quot;cta&quot;}}\" target=\"_blank\">Mon Actu<\/a>.<\/p>\n","protected":false},"excerpt":{"rendered":"Par Thibault Nadal Publi\u00e9 le 3 juil. 2025 \u00e0 17h39 Vers la fin de plusieurs semaines de chaleur,&hellip;\n","protected":false},"author":2,"featured_media":136080,"comment_status":"","ping_status":"","sticky":false,"template":"","format":"standard","meta":{"footnotes":""},"categories":[2814],"tags":[1111,11,6698,1777,674,1011,27,884,2487,2357,12,4459,882,25],"class_list":{"0":"post-224151","1":"post","2":"type-post","3":"status-publish","4":"format-standard","5":"has-post-thumbnail","7":"category-marseille","8":"tag-actu","9":"tag-actualites","10":"tag-canicule","11":"tag-eu","12":"tag-europe","13":"tag-fr","14":"tag-france","15":"tag-marseille","16":"tag-meteo","17":"tag-meteo-france","18":"tag-news","19":"tag-pluie","20":"tag-provence-alpes-cote-dazur","21":"tag-republique-francaise"},"share_on_mastodon":{"url":"https:\/\/pubeurope.com\/@fr\/114791633646169347","error":""},"_links":{"self":[{"href":"https:\/\/www.europesays.com\/fr\/wp-json\/wp\/v2\/posts\/224151","targetHints":{"allow":["GET"]}}],"collection":[{"href":"https:\/\/www.europesays.com\/fr\/wp-json\/wp\/v2\/posts"}],"about":[{"href":"https:\/\/www.europesays.com\/fr\/wp-json\/wp\/v2\/types\/post"}],"author":[{"embeddable":true,"href":"https:\/\/www.europesays.com\/fr\/wp-json\/wp\/v2\/users\/2"}],"replies":[{"embeddable":true,"href":"https:\/\/www.europesays.com\/fr\/wp-json\/wp\/v2\/comments?post=224151"}],"version-history":[{"count":0,"href":"https:\/\/www.europesays.com\/fr\/wp-json\/wp\/v2\/posts\/224151\/revisions"}],"wp:featuredmedia":[{"embeddable":true,"href":"https:\/\/www.europesays.com\/fr\/wp-json\/wp\/v2\/media\/136080"}],"wp:attachment":[{"href":"https:\/\/www.europesays.com\/fr\/wp-json\/wp\/v2\/media?parent=224151"}],"wp:term":[{"taxonomy":"category","embeddable":true,"href":"https:\/\/www.europesays.com\/fr\/wp-json\/wp\/v2\/categories?post=224151"},{"taxonomy":"post_tag","embeddable":true,"href":"https:\/\/www.europesays.com\/fr\/wp-json\/wp\/v2\/tags?post=224151"}],"curies":[{"name":"wp","href":"https:\/\/api.w.org\/{rel}","templated":true}]}}