{"id":224154,"date":"2025-07-03T22:22:09","date_gmt":"2025-07-03T22:22:09","guid":{"rendered":"https:\/\/www.europesays.com\/fr\/224154\/"},"modified":"2025-07-03T22:22:09","modified_gmt":"2025-07-03T22:22:09","slug":"un-quadragenaire-retrouve-mort-dans-un-fosse","status":"publish","type":"post","link":"https:\/\/www.europesays.com\/fr\/224154\/","title":{"rendered":"un quadrag\u00e9naire retrouv\u00e9 mort dans un foss\u00e9"},"content":{"rendered":"<p itemprop=\"description\"><strong>Le corps sans vie d\u2019un homme a \u00e9t\u00e9 d\u00e9couvert ce jeudi 3 juillet en fin de matin\u00e9e \u00e0 Ronno, dans le nord du Rh\u00f4ne, au bord de la route de Cublize.<\/strong><\/p>\n<p>C\u2019est un cycliste qui a alert\u00e9 les secours apr\u00e8s avoir remarqu\u00e9 un scooter en contrebas, peu avant 11 heures. La victime, probablement n\u00e9e en 1984 selon les premi\u00e8res constatations, gisait dans un foss\u00e9 situ\u00e9 \u00e0 une dizaine de m\u00e8tres de la chauss\u00e9e.<\/p>\n<p>D\u2019apr\u00e8s les \u00e9l\u00e9ments du Progr\u00e8s, le pilote aurait perdu le contr\u00f4le de son deux-roues dans un virage avant de percuter un poteau \u00e9lectrique. Aucun autre v\u00e9hicule ne serait impliqu\u00e9.<\/p>\n<p>Une enqu\u00eate en recherche des causes de la mort a \u00e9t\u00e9 ouverte par le parquet de Villefranche-sur-Sa\u00f4ne. Le corps fera l\u2019objet d\u2019une expertise m\u00e9dico-l\u00e9gale, notamment pour d\u00e9terminer l\u2019\u00e9ventuelle pr\u00e9sence d\u2019alcool ou de stup\u00e9fiants. Les r\u00e9sultats sont attendus dans les prochains jours.<\/p>\n","protected":false},"excerpt":{"rendered":"Le corps sans vie d\u2019un homme a \u00e9t\u00e9 d\u00e9couvert ce jeudi 3 juillet en fin de matin\u00e9e \u00e0&hellip;\n","protected":false},"author":2,"featured_media":224155,"comment_status":"","ping_status":"","sticky":false,"template":"","format":"standard","meta":{"footnotes":""},"categories":[1889],"tags":[1111,11,2813,2190,2430,1109,251,1112,2811,1777,674,118,1011,27,1922,1110,1114,2428,2810,12,241,316,25,2812,517,800],"class_list":{"0":"post-224154","1":"post","2":"type-post","3":"status-publish","4":"format-standard","5":"has-post-thumbnail","7":"category-lyon","8":"tag-actu","9":"tag-actualites","10":"tag-article","11":"tag-asvel","12":"tag-auvergne-rhone-alpes","13":"tag-breves","14":"tag-culture","15":"tag-depeches","16":"tag-economique","17":"tag-eu","18":"tag-europe","19":"tag-faits-divers","20":"tag-fr","21":"tag-france","22":"tag-info","23":"tag-informations","24":"tag-infos","25":"tag-lyon","26":"tag-lyonmag","27":"tag-news","28":"tag-ol","29":"tag-politique","30":"tag-republique-francaise","31":"tag-sociale","32":"tag-sport","33":"tag-transports"},"share_on_mastodon":{"url":"https:\/\/pubeurope.com\/@fr\/114791641670270112","error":""},"_links":{"self":[{"href":"https:\/\/www.europesays.com\/fr\/wp-json\/wp\/v2\/posts\/224154","targetHints":{"allow":["GET"]}}],"collection":[{"href":"https:\/\/www.europesays.com\/fr\/wp-json\/wp\/v2\/posts"}],"about":[{"href":"https:\/\/www.europesays.com\/fr\/wp-json\/wp\/v2\/types\/post"}],"author":[{"embeddable":true,"href":"https:\/\/www.europesays.com\/fr\/wp-json\/wp\/v2\/users\/2"}],"replies":[{"embeddable":true,"href":"https:\/\/www.europesays.com\/fr\/wp-json\/wp\/v2\/comments?post=224154"}],"version-history":[{"count":0,"href":"https:\/\/www.europesays.com\/fr\/wp-json\/wp\/v2\/posts\/224154\/revisions"}],"wp:featuredmedia":[{"embeddable":true,"href":"https:\/\/www.europesays.com\/fr\/wp-json\/wp\/v2\/media\/224155"}],"wp:attachment":[{"href":"https:\/\/www.europesays.com\/fr\/wp-json\/wp\/v2\/media?parent=224154"}],"wp:term":[{"taxonomy":"category","embeddable":true,"href":"https:\/\/www.europesays.com\/fr\/wp-json\/wp\/v2\/categories?post=224154"},{"taxonomy":"post_tag","embeddable":true,"href":"https:\/\/www.europesays.com\/fr\/wp-json\/wp\/v2\/tags?post=224154"}],"curies":[{"name":"wp","href":"https:\/\/api.w.org\/{rel}","templated":true}]}}