{"id":224156,"date":"2025-07-03T22:23:14","date_gmt":"2025-07-03T22:23:14","guid":{"rendered":"https:\/\/www.europesays.com\/fr\/224156\/"},"modified":"2025-07-03T22:23:14","modified_gmt":"2025-07-03T22:23:14","slug":"metropole-de-lyon-une-legion-dhonneur-tres-politique-pour-yann-cucherat-ancien-gymnaste-engage-dans-les-valeurs-du-sport","status":"publish","type":"post","link":"https:\/\/www.europesays.com\/fr\/224156\/","title":{"rendered":"M\u00e9tropole de Lyon. Une L\u00e9gion d\u2019honneur tr\u00e8s politique pour Yann Cucherat, ancien gymnaste engag\u00e9 dans les valeurs du sport"},"content":{"rendered":"<p>\u00ab\u00a0J\u2019accueille cette distinction avec humilit\u00e9, mais elle est aussi un encouragement \u00e0 poursuivre mon action au service du sport fran\u00e7ais\u00a0\u00bb, avait r\u00e9agi <a href=\"https:\/\/www.leprogres.fr\/p\/yann-cucherat\" target=\"_blank\" rel=\"noopener\">Yann Cucherat<\/a> en d\u00e9couvrant fin janvier sa nomination au grade de chevalier de la L\u00e9gion d\u2019honneur dans le cadre de son implication dans l\u2019organisation des Jeux olympiques et paralympiques de Paris 2024.<\/p>\n<p>Une personnalit\u00e9 et un parcours ovationn\u00e9s<\/p>\n<p>Le Lyonnais, ancien champion de gymnastique, qui fut l\u2019adjoint aux sports de <a href=\"https:\/\/www.leprogres.fr\/p\/gerard-collomb\" target=\"_blank\" rel=\"noopener\">G\u00e9rard Collomb<\/a>, mais aussi son candidat pour les Municipales 2020, \u00e9tait \u00e0 l\u2019honneur en pr\u00e9fecture du Rh\u00f4ne jeudi soir. \u00c0 l\u2019honneur et sous le feu des projecteurs du fait aussi de la pr\u00e9sence de <a href=\"https:\/\/www.leprogres.fr\/p\/jean-michel-aulas\" target=\"_blank\" rel=\"noopener\">Jean-Michel Aulas<\/a> choisi pour lui remettre la distinction.<\/p>\n<p><strong>&gt;&gt;\u00a0<a href=\"https:\/\/www.leprogres.fr\/politique\/2025\/07\/03\/legion-d-honneur-plus-politique-qu-honorifique-entre-cucherat-et-aulas\" target=\"_blank\" rel=\"noopener\">Une L\u00e9gion d\u2019honneur plus politique qu\u2019honorifique entre Cucherat et Aulas<\/a><\/strong><\/p>\n<p>\u00a0L\u2019ancien pr\u00e9sident de l\u2019Olympique lyonnais, qui ne cesse de t\u00e9moigner&#8230;<\/p>\n","protected":false},"excerpt":{"rendered":"\u00ab\u00a0J\u2019accueille cette distinction avec humilit\u00e9, mais elle est aussi un encouragement \u00e0 poursuivre mon action au service du&hellip;\n","protected":false},"author":2,"featured_media":224157,"comment_status":"","ping_status":"","sticky":false,"template":"","format":"standard","meta":{"footnotes":""},"categories":[1889],"tags":[1111,11,2430,2757,1777,674,107,1011,27,15465,2428,2756,12,316,25,2429,517],"class_list":{"0":"post-224156","1":"post","2":"type-post","3":"status-publish","4":"format-standard","5":"has-post-thumbnail","7":"category-lyon","8":"tag-actu","9":"tag-actualites","10":"tag-auvergne-rhone-alpes","11":"tag-edition-lyon-villeurbanne","12":"tag-eu","13":"tag-europe","14":"tag-fil-info","15":"tag-fr","16":"tag-france","17":"tag-gymnastique","18":"tag-lyon","19":"tag-lyon-bassin","20":"tag-news","21":"tag-politique","22":"tag-republique-francaise","23":"tag-rhone","24":"tag-sport"},"share_on_mastodon":{"url":"https:\/\/pubeurope.com\/@fr\/114791645682201765","error":""},"_links":{"self":[{"href":"https:\/\/www.europesays.com\/fr\/wp-json\/wp\/v2\/posts\/224156","targetHints":{"allow":["GET"]}}],"collection":[{"href":"https:\/\/www.europesays.com\/fr\/wp-json\/wp\/v2\/posts"}],"about":[{"href":"https:\/\/www.europesays.com\/fr\/wp-json\/wp\/v2\/types\/post"}],"author":[{"embeddable":true,"href":"https:\/\/www.europesays.com\/fr\/wp-json\/wp\/v2\/users\/2"}],"replies":[{"embeddable":true,"href":"https:\/\/www.europesays.com\/fr\/wp-json\/wp\/v2\/comments?post=224156"}],"version-history":[{"count":0,"href":"https:\/\/www.europesays.com\/fr\/wp-json\/wp\/v2\/posts\/224156\/revisions"}],"wp:featuredmedia":[{"embeddable":true,"href":"https:\/\/www.europesays.com\/fr\/wp-json\/wp\/v2\/media\/224157"}],"wp:attachment":[{"href":"https:\/\/www.europesays.com\/fr\/wp-json\/wp\/v2\/media?parent=224156"}],"wp:term":[{"taxonomy":"category","embeddable":true,"href":"https:\/\/www.europesays.com\/fr\/wp-json\/wp\/v2\/categories?post=224156"},{"taxonomy":"post_tag","embeddable":true,"href":"https:\/\/www.europesays.com\/fr\/wp-json\/wp\/v2\/tags?post=224156"}],"curies":[{"name":"wp","href":"https:\/\/api.w.org\/{rel}","templated":true}]}}