{"id":224170,"date":"2025-07-03T22:30:11","date_gmt":"2025-07-03T22:30:11","guid":{"rendered":"https:\/\/www.europesays.com\/fr\/224170\/"},"modified":"2025-07-03T22:30:11","modified_gmt":"2025-07-03T22:30:11","slug":"les-ukrainiens-sont-sous-le-choc-sans-cette-arme-essentielle-les-missiles-russes-detruiront-les-villes-ukrainiennes","status":"publish","type":"post","link":"https:\/\/www.europesays.com\/fr\/224170\/","title":{"rendered":"Les Ukrainiens sont sous le choc: \u00ab\u00a0Sans cette arme essentielle, les missiles russes d\u00e9truiront les villes ukrainiennes\u00a0\u00bb"},"content":{"rendered":"<p class=\"ap-StoryElement ap-StoryElement--mb js-paywall-target ap-StoryText\">Selon le Wall Street Journal, cette d\u00e9cision s&rsquo;est imm\u00e9diatement appliqu\u00e9e aux armes am\u00e9ricaines d\u00e9j\u00e0 stock\u00e9es en Pologne et destin\u00e9es \u00e0 Kiev, soit plus de 20 missiles Patriot, 20 lance-missiles sol-air \u00e0 courte port\u00e9e Stinger, des missiles anti-chars Hellfire et plus de 90 missiles air-air AIM-120, essentiels pour assurer la protection a\u00e9rienne de l&rsquo;Ukraine.<\/p>\n<p>\u00ab\u00a0S\u00e9rieusement d\u00e9pendante\u00a0\u00bb des USA<\/p>\n<p class=\"ap-StoryElement ap-StoryElement--mb ap-StoryText\">Les Ukrainiens, eux, \u00e9taient sous le choc. Sous couvert d&rsquo;anonymat, un officier de haut rang a reconnu que l&rsquo;Ukraine restait \u00ab\u00a0s\u00e9rieusement d\u00e9pendante\u00a0\u00bb <a href=\"https:\/\/www.lalibre.be\/international\/europe\/guerre-ukraine-russie\/2025\/07\/02\/sous-les-assauts-russes-kiev-perd-une-partie-de-larmement-americain-ca-va-forcement-reduire-lapport-et-la-capacite-de-frappe-des-f-16-E2ZQ3BKTBBHWTCEHYFOUDCXGWU\/\" target=\"_blank\" rel=\"nofollow noopener\">des livraisons militaires am\u00e9ricaines<\/a>. \u00ab\u00a0L&rsquo;Europe fait du mieux qu&rsquo;elle peut, mais ce sera dur pour nous sans les munitions am\u00e9ricaines.\u00a0\u00bb Volodymyr Zelensky a, lui, affirm\u00e9 que son administration travaillait avec Washington pour \u00ab\u00a0clarifier tous les d\u00e9tails\u00a0\u00bb, notamment au sujet \u00ab\u00a0des composants pour la d\u00e9fense anti-a\u00e9rienne\u00a0\u00bb.<\/p>\n<p><a href=\"https:\/\/www.lalibre.be\/international\/europe\/guerre-ukraine-russie\/2025\/07\/02\/sous-les-assauts-russes-kiev-perd-une-partie-de-larmement-americain-ca-va-forcement-reduire-lapport-et-la-capacite-de-frappe-des-f-16-E2ZQ3BKTBBHWTCEHYFOUDCXGWU\/\" target=\"_blank\" rel=\"noopener noreferrer nofollow\" class=\"ap-StoryInterstitialLink ap-StoryElement ap-StoryElement--mb\">Sous les assauts russes, Kiev perd une partie de l&rsquo;armement am\u00e9ricain : \u00ab\u00a0\u00c7a va forc\u00e9ment r\u00e9duire l&rsquo;apport et la capacit\u00e9 de frappe des F-16\u00a0\u00bb<\/a><\/p>\n<p class=\"ap-StoryElement ap-StoryElement--mb ap-StoryText\">Ces derni\u00e8res semaines, le pr\u00e9sident ukrainien \u00e9tait justement en pleine n\u00e9gociation avec Donald Trump pour lui acheter des Patriots, en plus de ceux d\u00e9j\u00e0 c\u00e9d\u00e9s, afin de contrer des attaques a\u00e9riennes russes de plus en plus massives sur l&rsquo;ensemble du territoire. Le Patriot est \u00ab\u00a0une arme essentielle\u00a0\u00bb que l&rsquo;Ukraine ne peut remplacer pour l&rsquo;instant, et s&rsquo;il vient \u00e0 manquer, \u00ab\u00a0les missiles russes d\u00e9truiront les villes ukrainiennes\u00a0\u00bb, a averti le directeur d&rsquo;un groupe de r\u00e9flexion bas\u00e9 \u00e0 Kiev. Des propos indirectement confirm\u00e9s par le ministre ukrainien des Affaires \u00e9trang\u00e8res, Andriy Sybiha, qui a insist\u00e9 sur le fait que son pays \u00e9tait pr\u00eat \u00e0 \u00ab\u00a0acheter ou louer\u00a0\u00bb des syst\u00e8mes de d\u00e9fense anti-a\u00e9rienne aux \u00c9tats-Unis, afin de faire face \u00e0 \u00ab\u00a0la grande quantit\u00e9 de drones, bombes et missiles\u00a0\u00bb russes dont il est la cible.<\/p>\n<p>Volodymyr Zelensky au Danemark<\/p>\n<p class=\"ap-StoryElement ap-StoryElement--mb ap-StoryText\">Volodymyr Zelensky s&rsquo;est ensuite envol\u00e9 pour le Danemark pour le coup d&rsquo;envoi de la pr\u00e9sidence danoise de l&rsquo;Union europ\u00e9enne. \u00ab\u00a0La pr\u00e9sidence danoise fera tout son possible pour aider l&rsquo;Ukraine dans son parcours vers l&rsquo;adh\u00e9sion \u00e0 l&rsquo;UE\u00a0\u00bb, a d\u00e9clar\u00e9 jeudi la Premi\u00e8re ministre Mette Frederiksen apr\u00e8s l&rsquo;avoir rencontr\u00e9. \u00ab\u00a0Nous devons renforcer l&rsquo;Ukraine d&rsquo;une part et affaiblir la Russie d&rsquo;autre part\u00a0\u00bb, a-t-elle ajout\u00e9. L&rsquo;une de ses priorit\u00e9s sera donc de faire avancer le plan europ\u00e9en pr\u00e9sent\u00e9 en mars pour augmenter les capacit\u00e9s de d\u00e9fense des pays de l&rsquo;UE.<\/p>\n<p class=\"ap-StoryElement ap-StoryElement--mb ap-StoryText\">M\u00eame son de cloche du c\u00f4t\u00e9 de la pr\u00e9sidente de la Commission europ\u00e9enne, Ursula von der Leyen, qui estimait jeudi qu&rsquo;il s&rsquo;agit \u00ab\u00a0d&rsquo;un signal clair ou d&rsquo;un message clair nous invitant \u00e0 renforcer notre propre soutien, c&rsquo;est-\u00e0-dire \u00e0 accro\u00eetre nos capacit\u00e9s de d\u00e9fense europ\u00e9ennes, non seulement au niveau de l&rsquo;Union europ\u00e9enne mais aussi au niveau continental\u00a0\u00bb. Le d\u00e9veloppement de ces capacit\u00e9s prendra toutefois du temps. M\u00eame si deux sites de production de missiles Patriot sont en cours de construction en Allemagne, il leur faudra plusieurs ann\u00e9es avant d&rsquo;\u00eatre totalement op\u00e9rationnels, et leurs livraisons seront soumises \u00e0 un droit de veto am\u00e9ricain.<\/p>\n<p><a href=\"https:\/\/www.lalibre.be\/international\/europe\/guerre-ukraine-russie\/2025\/07\/03\/je-vais-mentretenir-aujourdhui-avec-le-president-americain-poutine-annonce-une-rencontre-avec-trump-ce-jeudi-QDMZ56PTBBFNJKEDKKP27VOSMY\/\" target=\"_blank\" rel=\"noopener noreferrer nofollow\" class=\"ap-StoryInterstitialLink ap-StoryElement ap-StoryElement--mb\">Poutine a dit \u00e0 Trump que la Russie \u00ab\u00a0ne renoncera pas \u00e0 ses objectifs\u00a0\u00bb en Ukraine, mais veut \u00ab\u00a0poursuivre les n\u00e9gociations\u00a0\u00bb<\/a>Entretien Poutine-Trump par t\u00e9l\u00e9phone<\/p>\n<p class=\"ap-StoryElement ap-StoryElement--mb ap-StoryText\">Alors qu&rsquo;on attendait un \u00e9change entre Donald Trump et Volodymyr Zelensky, <a href=\"https:\/\/www.lalibre.be\/international\/europe\/guerre-ukraine-russie\/2025\/07\/03\/je-vais-mentretenir-aujourdhui-avec-le-president-americain-poutine-annonce-une-rencontre-avec-trump-ce-jeudi-QDMZ56PTBBFNJKEDKKP27VOSMY\/\" target=\"_blank\" rel=\"nofollow noopener\">c&rsquo;est avec Vladimir Poutine que le pr\u00e9sident am\u00e9ricain a eu une sixi\u00e8me discussion t\u00e9l\u00e9phonique<\/a>, qualifi\u00e9e de \u00ab\u00a0franche\u00a0\u00bb par le conseiller diplomatique du Kremlin, Iouri Ouchakov. Les deux dirigeants ont \u00e9voqu\u00e9 le conflit en Ukraine et la situation au Moyen-Orient. Sur l&rsquo;Ukraine, Vladimir Poutine a indiqu\u00e9 que la Russie \u00ab\u00a0continue \u00e0 rechercher une solution politique et n\u00e9goci\u00e9e au conflit\u00a0\u00bb, a affirm\u00e9 M. Ouchakov. \u00ab\u00a0Notre pr\u00e9sident a aussi d\u00e9clar\u00e9 que la Russie poursuivrait ses objectifs, \u00e0 savoir l&rsquo;\u00e9limination des causes profondes bien connues qui ont conduit \u00e0 la situation actuelle&#8230; Et la Russie ne renoncera pas \u00e0 ces objectifs\u00a0\u00bb, a-t-il ajout\u00e9.<\/p>\n","protected":false},"excerpt":{"rendered":"Selon le Wall Street Journal, cette d\u00e9cision s&rsquo;est imm\u00e9diatement appliqu\u00e9e aux armes am\u00e9ricaines d\u00e9j\u00e0 stock\u00e9es en Pologne et&hellip;\n","protected":false},"author":2,"featured_media":224171,"comment_status":"","ping_status":"","sticky":false,"template":"","format":"standard","meta":{"footnotes":""},"categories":[1591],"tags":[11,1887,1227,12,1885,1886,132,4932],"class_list":{"0":"post-224170","1":"post","2":"type-post","3":"status-publish","4":"format-standard","5":"has-post-thumbnail","7":"category-russie","8":"tag-actualites","9":"tag-federation-de-russie","10":"tag-horizontal","11":"tag-news","12":"tag-russia","13":"tag-russian-federation","14":"tag-russie","15":"tag-war"},"share_on_mastodon":{"url":"https:\/\/pubeurope.com\/@fr\/114791672954102604","error":""},"_links":{"self":[{"href":"https:\/\/www.europesays.com\/fr\/wp-json\/wp\/v2\/posts\/224170","targetHints":{"allow":["GET"]}}],"collection":[{"href":"https:\/\/www.europesays.com\/fr\/wp-json\/wp\/v2\/posts"}],"about":[{"href":"https:\/\/www.europesays.com\/fr\/wp-json\/wp\/v2\/types\/post"}],"author":[{"embeddable":true,"href":"https:\/\/www.europesays.com\/fr\/wp-json\/wp\/v2\/users\/2"}],"replies":[{"embeddable":true,"href":"https:\/\/www.europesays.com\/fr\/wp-json\/wp\/v2\/comments?post=224170"}],"version-history":[{"count":0,"href":"https:\/\/www.europesays.com\/fr\/wp-json\/wp\/v2\/posts\/224170\/revisions"}],"wp:featuredmedia":[{"embeddable":true,"href":"https:\/\/www.europesays.com\/fr\/wp-json\/wp\/v2\/media\/224171"}],"wp:attachment":[{"href":"https:\/\/www.europesays.com\/fr\/wp-json\/wp\/v2\/media?parent=224170"}],"wp:term":[{"taxonomy":"category","embeddable":true,"href":"https:\/\/www.europesays.com\/fr\/wp-json\/wp\/v2\/categories?post=224170"},{"taxonomy":"post_tag","embeddable":true,"href":"https:\/\/www.europesays.com\/fr\/wp-json\/wp\/v2\/tags?post=224170"}],"curies":[{"name":"wp","href":"https:\/\/api.w.org\/{rel}","templated":true}]}}