{"id":224172,"date":"2025-07-03T22:31:11","date_gmt":"2025-07-03T22:31:11","guid":{"rendered":"https:\/\/www.europesays.com\/fr\/224172\/"},"modified":"2025-07-03T22:31:11","modified_gmt":"2025-07-03T22:31:11","slug":"la-russie-ne-renoncera-pas-a-ses-objectifs-en-ukraine-dit-vladimir-poutine-a-donald-trump","status":"publish","type":"post","link":"https:\/\/www.europesays.com\/fr\/224172\/","title":{"rendered":"La Russie \u00ab\u00a0ne renoncera pas \u00e0 ses objectifs\u00a0\u00bb en Ukraine, dit Vladimir Poutine \u00e0 Donald Trump"},"content":{"rendered":"<p>Le pr\u00e9sident russe Vladimir Poutine a dit jeudi \u00e0 son homologue am\u00e9ricain Donald Trump, lors d&rsquo;une conversation t\u00e9l\u00e9phonique, que la Russie \u00ab\u00a0ne renoncera pas \u00e0 ses objectifs\u00a0\u00bb en Ukraine, tout en se disant ouvert \u00e0 la poursuite des n\u00e9gociations avec Kiev.<\/p>\n<p>La Russie \u00ab\u00a0ne renoncera pas \u00e0 ses objectifs\u00a0\u00bb en <a href=\"https:\/\/rmc.bfmtv.com\/actualites\/international\/iran-et-ukraine-emmanuel-macron-s-est-entretenu-avec-vladimir-poutine-pour-la-premiere-fois-depuis-2022_AN-202507010773.html\" title=\"Iran et Ukraine: Emmanuel Macron s&#039;est entretenu avec Vladimir Poutine pour la premi\u00e8re fois depuis 2022\" class=\"internal_link\" rel=\"nofollow noopener\" target=\"_blank\">Ukraine<\/a>, a d\u00e9clar\u00e9 jeudi le pr\u00e9sident russe Vladimir Poutine dans une conversation t\u00e9l\u00e9phonique avec son homologue am\u00e9ricain Donald Trump, tout en se disant ouvert \u00e0 la poursuite des n\u00e9gociations avec Kiev.<\/p>\n<p>Cette discussion entre les deux hommes, la sixi\u00e8me depuis le retour du milliardaire r\u00e9publicain \u00e0 la Maison Blanche, est intervenue au lendemain de l&rsquo;annonce par Washington de l&rsquo;arr\u00eat de la livraison de certaines armes \u00e0 l&rsquo;Ukraine, plus de trois ans et demi apr\u00e8s le d\u00e9but de l&rsquo;offensive russe.<\/p>\n<p>Cette d\u00e9cision de son principal fournisseur en \u00e9quipements militaires risque de mettre Kiev dans une position difficile \u00e0 un moment o\u00f9 les troupes russes continuent d&rsquo;avancer sur le front. En d\u00e9placement au Danemark jeudi, le pr\u00e9sident ukrainien Volodymyr Zelensky a appel\u00e9 les Europ\u00e9ens \u00e0 accro\u00eetre leur soutien face \u00e0 ce qui s&rsquo;apparente \u00e0 un d\u00e9sengagement am\u00e9ricain.<\/p>\n<p>L&rsquo;\u00e9change entre Vladimir Poutine et Donald Trump jeudi, qui a dur\u00e9 environ une heure, a \u00e9t\u00e9 qualifi\u00e9 devant les journalistes de \u00ab\u00a0franc\u00a0\u00bb par le conseiller diplomatique du Kremlin, Iouri Ouchakov. Ils ont \u00e9voqu\u00e9 le conflit en Ukraine et la situation au Moyen-Orient, ainsi que les relations entre leurs deux pays.<\/p>\n<p>La Russie \u00ab\u00a0continue \u00e0 rechercher une solution politique et n\u00e9goci\u00e9e au conflit\u00a0\u00bb avec l&rsquo;Ukraine, a affirm\u00e9 le pr\u00e9sident russe \u00e0 son homologue, selon M. Ouchakov. <a href=\"https:\/\/rmc.bfmtv.com\/actualites\/international\/video-macron-poutine-nucleaire-iranien-ukraine-le-contenu-de-leur-appel_VN-202507020127.html\" title=\"Macron\/Poutine: nucl\u00e9aire iranien, Ukraine\u2026 le contenu de leur appel\" class=\"internal_link\" rel=\"nofollow noopener\" target=\"_blank\">Vladimir Poutine<\/a> a \u00ab\u00a0soulign\u00e9 la volont\u00e9 de la partie russe de poursuivre le processus de n\u00e9gociation\u00a0\u00bb entam\u00e9 \u00e0 Istanbul, o\u00f9 ont r\u00e9cemment eu lieu deux sessions de pourparlers directs russo-ukrainiens aux maigres r\u00e9sultats.<\/p>\n<p>\u00ab\u00a0Notre pr\u00e9sident a \u00e9galement d\u00e9clar\u00e9 que la Russie poursuivrait ses objectifs, \u00e0 savoir l&rsquo;\u00e9limination des causes profondes bien connues qui ont conduit \u00e0 la situation actuelle\u00a0\u00bb, a insist\u00e9 M. Ouchakov. \u00ab\u00a0Et la Russie ne renoncera pas \u00e0 ces objectifs\u00a0\u00bb, a-t-il ajout\u00e9.<\/p>\n<p>Ukraine, Iran, Syrie, etc.<\/p>\n<p>Moscou r\u00e9clame notamment de l&rsquo;Ukraine qu&rsquo;elle lui c\u00e8de quatre r\u00e9gions partiellement occup\u00e9e, en plus de la Crim\u00e9e annex\u00e9e en 2014, et qu&rsquo;elle renonce \u00e0 entrer dans l&rsquo;Otan. Des conditions inacceptables pour Kiev.<\/p>\n<p>MM. Poutine et Trump ont \u00e9galement \u00e9voqu\u00e9 les conflits au Moyen-Orient, dont la r\u00e9cente guerre entre l&rsquo;Iran et Isra\u00ebl et la Syrie, le chef de l&rsquo;Etat russe ayant plaid\u00e9 pour un r\u00e8glement \u00ab\u00a0exclusivement par des moyens politiques et diplomatiques\u00a0\u00bb, d&rsquo;apr\u00e8s M. Ouchakov.<\/p>\n<p>Les deux pr\u00e9sidents \u00ab\u00a0ont confirm\u00e9 leur int\u00e9r\u00eat mutuel pour la mise en oeuvre d&rsquo;une s\u00e9rie de projets \u00e9conomiques prometteurs, notamment dans les domaines de l&rsquo;\u00e9nergie et de la recherche spatiale\u00a0\u00bb, a-t-il encore not\u00e9.<\/p>\n<p><a href=\"https:\/\/rmc.bfmtv.com\/actualites\/international\/trump-biden-election-presidentielle-americaine-2024_DN-202401150541.html\" title=\"Donald Trump, pr\u00e9sident des USA\" class=\"internal_link\" rel=\"nofollow noopener\" target=\"_blank\">Donald Trump<\/a> a op\u00e9r\u00e9 depuis son retour au pouvoir un rapprochement inattendu avec Moscou, reprenant le contact avec M. Poutine et allant parfois jusqu&rsquo;\u00e0 faire porter \u00e0 l&rsquo;Ukraine la responsabilit\u00e9 de la situation actuelle. Donald Trump s&rsquo;\u00e9tait r\u00e9cemment dit frustr\u00e9 par l&rsquo;absence de progr\u00e8s pour trouver une issue \u00e0 ce conflit qu&rsquo;il avait promis de r\u00e9gler rapidement.<\/p>\n<p>Mardi, c&rsquo;\u00e9tait le pr\u00e9sident fran\u00e7ais Emmanuel Macron qui avait parl\u00e9 au t\u00e9l\u00e9phone avec Vladimir Poutine, pour la premi\u00e8re fois depuis 2022, \u00e0 l&rsquo;encontre de la politique visant \u00e0 isoler ma\u00eetre du Kremlin pr\u00f4n\u00e9e par les Europ\u00e9ens. Kiev et ses alli\u00e9s occidentaux r\u00e9clament depuis des mois un cessez-le-feu en Ukraine, auquel se refuse Moscou qui estime qu&rsquo;une pause dans les combats donnerait aux Ukrainiens l&rsquo;opportunit\u00e9 de se r\u00e9armer gr\u00e2ce aux livraisons occidentales.<\/p>\n<p>Frappes en Ukraine et en Russie<\/p>\n<p>M. Zelensky, qui avait pr\u00e9c\u00e9demment appel\u00e9 Donald Trump \u00e0 \u00ab\u00a0changer de ton\u00a0\u00bb avec la Russie et \u00e0 lui imposer de nouvelles sanctions, a soulign\u00e9 jeudi que \u00ab\u00a0doutes\u00a0\u00bb planaient \u00ab\u00a0sur la poursuite du soutien am\u00e9ricain \u00e0 l&rsquo;Europe\u00a0\u00bb.<\/p>\n<p>Il a ainsi exhort\u00e9 \u00e0 \u00ab\u00a0renforcer notre coop\u00e9ration et notre coordination au sein de l&rsquo;UE et de l&rsquo;Otan\u00a0\u00bb, deux organisations que l&rsquo;Ukraine ambitionne de rejoindre. Dans ce contexte, le chef de l&rsquo;\u00c9tat ukrainien a dit esp\u00e9rer s&rsquo;entretenir avec Donald Trump \u00ab\u00a0demain ou dans les prochains jours\u00a0\u00bb.<\/p>\n<p>Une conversation t\u00e9l\u00e9phonique \u00ab\u00a0est en cours de pr\u00e9paration, nous esp\u00e9rons qu&rsquo;elle aura lieu vendredi mais tout d\u00e9pend de l&rsquo;agenda des deux pr\u00e9sidents\u00a0\u00bb, a pour sa part d\u00e9clar\u00e9 \u00e0 l&rsquo;AFP un haut responsable ukrainien ayant requis l&rsquo;anonymat. Sur le terrain, les bombardements et les combats ont continu\u00e9 jeudi.<\/p>\n<p>Huit personnes ont \u00e9t\u00e9 tu\u00e9es et une dizaine d&rsquo;autres bless\u00e9es dans plusieurs frappes russes, notamment sur la ville de Poltava, o\u00f9 a \u00e9t\u00e9 touch\u00e9 un centre de recrutement de l&rsquo;arm\u00e9e, et \u00e0 Odessa, un grand port sur la mer Noire, ont annonc\u00e9 des responsables ukrainiens.<\/p>\n<p>C\u00f4t\u00e9 russe, dans la nuit de mercredi \u00e0 jeudi, des frappes de drones ukrainiens ont fait un mort et deux bless\u00e9s dans la r\u00e9gion russe de Lipetsk, \u00e0 environ 400 km au sud-est de Moscou, selon les autorit\u00e9s locales. Des drones ont aussi provoqu\u00e9 un incendie sur le site d&rsquo;une entreprise de la ville de Ielets &#8211; dans la m\u00eame r\u00e9gion o\u00f9 se situent plusieurs complexes industriels &#8211; sans faire de victimes.<\/p>\n<p>L&rsquo;arm\u00e9e russe, qui occupe environ 20% du territoire ukrainien, a quant \u00e0 elle revendiqu\u00e9 jeudi la prise de Milov\u00e9, une localit\u00e9 frontali\u00e8re dans la r\u00e9gion ukrainienne de Kharkiv (nord-est). Cette avanc\u00e9e ouvre un nouvel angle d&rsquo;attaque dans cette zone qui n&rsquo;a pas connu de mouvements depuis de nombreux mois.<\/p>\n","protected":false},"excerpt":{"rendered":"Le pr\u00e9sident russe Vladimir Poutine a dit jeudi \u00e0 son homologue am\u00e9ricain Donald Trump, lors d&rsquo;une conversation t\u00e9l\u00e9phonique,&hellip;\n","protected":false},"author":2,"featured_media":153491,"comment_status":"","ping_status":"","sticky":false,"template":"","format":"standard","meta":{"footnotes":""},"categories":[1590],"tags":[11,1777,674,12,220],"class_list":{"0":"post-224172","1":"post","2":"type-post","3":"status-publish","4":"format-standard","5":"has-post-thumbnail","7":"category-ukraine","8":"tag-actualites","9":"tag-eu","10":"tag-europe","11":"tag-news","12":"tag-ukraine"},"share_on_mastodon":{"url":"https:\/\/pubeurope.com\/@fr\/114791676871594454","error":""},"_links":{"self":[{"href":"https:\/\/www.europesays.com\/fr\/wp-json\/wp\/v2\/posts\/224172","targetHints":{"allow":["GET"]}}],"collection":[{"href":"https:\/\/www.europesays.com\/fr\/wp-json\/wp\/v2\/posts"}],"about":[{"href":"https:\/\/www.europesays.com\/fr\/wp-json\/wp\/v2\/types\/post"}],"author":[{"embeddable":true,"href":"https:\/\/www.europesays.com\/fr\/wp-json\/wp\/v2\/users\/2"}],"replies":[{"embeddable":true,"href":"https:\/\/www.europesays.com\/fr\/wp-json\/wp\/v2\/comments?post=224172"}],"version-history":[{"count":0,"href":"https:\/\/www.europesays.com\/fr\/wp-json\/wp\/v2\/posts\/224172\/revisions"}],"wp:featuredmedia":[{"embeddable":true,"href":"https:\/\/www.europesays.com\/fr\/wp-json\/wp\/v2\/media\/153491"}],"wp:attachment":[{"href":"https:\/\/www.europesays.com\/fr\/wp-json\/wp\/v2\/media?parent=224172"}],"wp:term":[{"taxonomy":"category","embeddable":true,"href":"https:\/\/www.europesays.com\/fr\/wp-json\/wp\/v2\/categories?post=224172"},{"taxonomy":"post_tag","embeddable":true,"href":"https:\/\/www.europesays.com\/fr\/wp-json\/wp\/v2\/tags?post=224172"}],"curies":[{"name":"wp","href":"https:\/\/api.w.org\/{rel}","templated":true}]}}