{"id":224177,"date":"2025-07-03T22:34:17","date_gmt":"2025-07-03T22:34:17","guid":{"rendered":"https:\/\/www.europesays.com\/fr\/224177\/"},"modified":"2025-07-03T22:34:17","modified_gmt":"2025-07-03T22:34:17","slug":"sur-quelles-chaines-regarder-danemark-suede-et-allemagne-pologne-ce-vendredi","status":"publish","type":"post","link":"https:\/\/www.europesays.com\/fr\/224177\/","title":{"rendered":"Sur quelles cha\u00eenes regarder Danemark \u2013 Su\u00e8de et Allemagne \u2013 Pologne ce vendredi ?"},"content":{"rendered":"<p><strong>Ce vendredi 4 juillet, le Danemark affrontera la Su\u00e8de, tandis que l\u2019Allemagne sera oppos\u00e9e \u00e0 la Pologne. D\u00e9couvrez o\u00f9 et \u00e0 quelle heure suivre ces deux belles affiches de l\u2019Euro f\u00e9minin 2025.<\/strong><\/p>\n<p>Danemark \u2013 Su\u00e8de : vendredi 4 juillet \u00e0 18h00 sur France 4<\/p>\n<p>Le Danemark, finaliste en 2017, affronte la Su\u00e8de apr\u00e8s une lourde d\u00e9faite 6-1 en Ligue des nations. Les Su\u00e9doises, invaincues depuis 12 matchs, visent un nouveau titre pour le dernier tournoi de leur s\u00e9lectionneur. Cela promet un beau duel scandinave !<\/p>\n<p>Allemagne \u2013 Pologne : vendredi 4 juillet \u00e0 21h00 sur TMC<\/p>\n<p>L\u2019Allemagne et la Pologne, qui \u00e9taient d\u00e9j\u00e0 dans le m\u00eame groupe en qualifications (avec deux succ\u00e8s allemands), lancent leur Euro au Kybunpark. Huit fois championne, l\u2019Allemagne arrive en pleine confiance apr\u00e8s cinq victoires de suite et un solide historique en phase de groupes. La Pologne, novice \u00e0 ce niveau, a d\u00e9croch\u00e9 sa premi\u00e8re participation via les barrages et reste sur 11 matchs sans d\u00e9faite, ce qui pourrait la rendre plus dangereuse qu\u2019attendu.<\/p>\n<p class=\"has-text-align-right\">Thomas<\/p>\n","protected":false},"excerpt":{"rendered":"Ce vendredi 4 juillet, le Danemark affrontera la Su\u00e8de, tandis que l\u2019Allemagne sera oppos\u00e9e \u00e0 la Pologne. D\u00e9couvrez&hellip;\n","protected":false},"author":2,"featured_media":224178,"comment_status":"","ping_status":"","sticky":false,"template":"","format":"standard","meta":{"footnotes":""},"categories":[1587],"tags":[11,672,1804,1805,1803,1777,674,1801,12,1802],"class_list":{"0":"post-224177","1":"post","2":"type-post","3":"status-publish","4":"format-standard","5":"has-post-thumbnail","7":"category-allemagne","8":"tag-actualites","9":"tag-allemagne","10":"tag-bundesrepublik-deutschland","11":"tag-de","12":"tag-deutschland","13":"tag-eu","14":"tag-europe","15":"tag-germany","16":"tag-news","17":"tag-republique-federale-dallemagne"},"share_on_mastodon":{"url":"https:\/\/pubeurope.com\/@fr\/114791688927536136","error":""},"_links":{"self":[{"href":"https:\/\/www.europesays.com\/fr\/wp-json\/wp\/v2\/posts\/224177","targetHints":{"allow":["GET"]}}],"collection":[{"href":"https:\/\/www.europesays.com\/fr\/wp-json\/wp\/v2\/posts"}],"about":[{"href":"https:\/\/www.europesays.com\/fr\/wp-json\/wp\/v2\/types\/post"}],"author":[{"embeddable":true,"href":"https:\/\/www.europesays.com\/fr\/wp-json\/wp\/v2\/users\/2"}],"replies":[{"embeddable":true,"href":"https:\/\/www.europesays.com\/fr\/wp-json\/wp\/v2\/comments?post=224177"}],"version-history":[{"count":0,"href":"https:\/\/www.europesays.com\/fr\/wp-json\/wp\/v2\/posts\/224177\/revisions"}],"wp:featuredmedia":[{"embeddable":true,"href":"https:\/\/www.europesays.com\/fr\/wp-json\/wp\/v2\/media\/224178"}],"wp:attachment":[{"href":"https:\/\/www.europesays.com\/fr\/wp-json\/wp\/v2\/media?parent=224177"}],"wp:term":[{"taxonomy":"category","embeddable":true,"href":"https:\/\/www.europesays.com\/fr\/wp-json\/wp\/v2\/categories?post=224177"},{"taxonomy":"post_tag","embeddable":true,"href":"https:\/\/www.europesays.com\/fr\/wp-json\/wp\/v2\/tags?post=224177"}],"curies":[{"name":"wp","href":"https:\/\/api.w.org\/{rel}","templated":true}]}}