{"id":22418,"date":"2025-04-13T14:47:09","date_gmt":"2025-04-13T14:47:09","guid":{"rendered":"https:\/\/www.europesays.com\/fr\/22418\/"},"modified":"2025-04-13T14:47:09","modified_gmt":"2025-04-13T14:47:09","slug":"atp-barcelone-holger-rune-explique-son-nouvel-abandon-a-monte-carlo-cest-tres-agacant","status":"publish","type":"post","link":"https:\/\/www.europesays.com\/fr\/22418\/","title":{"rendered":"ATP &#8211; Barcelone > Holger Rune explique son nouvel abandon \u00e0 Monte-Carlo : \u00ab\u00a0C&rsquo;est tr\u00e8s aga\u00e7ant\u00a0\u00bb"},"content":{"rendered":"<p>Apr\u00e8s une tourn\u00e9e am\u00e9ri\u00adcaine encou\u00adra\u00adgeante o\u00f9 il a \u00e9t\u00e9 jusqu\u2019en finale du Masters 1000 d\u2019Indian Wells (battu par Jack Draper), tout le monde s\u2019at\u00adten\u00addait \u00e0 voir un Holger Rune ambi\u00adtieux et conqu\u00e9\u00adrant \u00e0 Monte\u2010Carlo.\u00a0<\/p>\n<p>Mais <a href=\"https:\/\/www.welovetennis.fr\/atp\/atp-acapulco\/coup-dur-pour-holger-rune-furieux-et-triste-a-la-fois\" data-wpel-link=\"internal\" rel=\"nofollow noopener\" target=\"_blank\">comme sur le tournoi d\u2019Acapulco<\/a> en f\u00e9vrier dernier, le Danois a \u00e9t\u00e9 victime d\u2019une intoxi\u00adca\u00adtion alimen\u00adtaire, ce qui ne lui a pas permis de d\u00e9fendre ses chances face \u00e0 Nuno Borges au premier tour, men\u00e9 6\u20132, 3\u20130 avant d\u2019abandonner.\u00a0<\/p>\n<p>Pr\u00e9sent ce samedi \u00e0 Barcelone avant le d\u00e9but du tournoi, la t\u00eate de s\u00e9rie num\u00e9ro 6 est revenu sur ce manque de chance.\u00a0<\/p>\n<p><strong>\u00ab\u202f\u00c0 Monte\u2010Carlo, j\u2019ai \u00e9t\u00e9 victime d\u2019une intoxi\u00adca\u00adtion alimen\u00adtaire. J\u2019adore ce tournoi, mais je n\u2019ai pas eu de chance. C\u2019\u00e9tait super compliqu\u00e9 pour moi, tout comme les jours qui ont suivi. J\u2019ai repris l\u2019en\u00adtra\u00ee\u00adne\u00adment il y a quelques jours et \u00e7a n\u2019a pas \u00e9t\u00e9 facile, mais je suis content d\u2019\u00eatre de retour sur le court, de me sentir bien avec mon corps. C\u2019est bon signe.  C\u2019est assez ennuyeux, mais je pense que l\u2019on peut apprendre de ces situa\u00adtions. J\u2019ai fait des tests apr\u00e8s coup pour voir quels aliments je devais manger et lesquels je devais \u00e9viter. C\u2019est peut\u2010\u00eatre de la malchance, mais c\u2019est tr\u00e8s aga\u00e7ant, surtout dans un tournoi comme Monaco, o\u00f9 j\u2019ai \u00e9t\u00e9 bon et o\u00f9 j\u2019aime jouer. J\u2019essaie de me concen\u00adtrer sur le prochain objectif, qui est de bien jouer \u00e0 Barcelone.\u202f\u00bb<\/strong><\/p>\n<p class=\"post-published-date\" style=\"color: silver; font-size: 75%; text-align: left;\">Publi\u00e9 le dimanche 13 avril 2025 \u00e0 10:10<\/p>\n","protected":false},"excerpt":{"rendered":"Apr\u00e8s une tourn\u00e9e am\u00e9ri\u00adcaine encou\u00adra\u00adgeante o\u00f9 il a \u00e9t\u00e9 jusqu\u2019en finale du Masters 1000 d\u2019Indian Wells (battu par&hellip;\n","protected":false},"author":2,"featured_media":22419,"comment_status":"","ping_status":"","sticky":false,"template":"","format":"standard","meta":{"footnotes":""},"categories":[1415],"tags":[4388,1011,27,60,1467],"class_list":{"0":"post-22418","1":"post","2":"type-post","3":"status-publish","4":"format-standard","5":"has-post-thumbnail","7":"category-tennis","8":"tag-draper","9":"tag-fr","10":"tag-france","11":"tag-sports","12":"tag-tennis"},"share_on_mastodon":{"url":"https:\/\/pubeurope.com\/@fr\/114331205138734137","error":""},"_links":{"self":[{"href":"https:\/\/www.europesays.com\/fr\/wp-json\/wp\/v2\/posts\/22418","targetHints":{"allow":["GET"]}}],"collection":[{"href":"https:\/\/www.europesays.com\/fr\/wp-json\/wp\/v2\/posts"}],"about":[{"href":"https:\/\/www.europesays.com\/fr\/wp-json\/wp\/v2\/types\/post"}],"author":[{"embeddable":true,"href":"https:\/\/www.europesays.com\/fr\/wp-json\/wp\/v2\/users\/2"}],"replies":[{"embeddable":true,"href":"https:\/\/www.europesays.com\/fr\/wp-json\/wp\/v2\/comments?post=22418"}],"version-history":[{"count":0,"href":"https:\/\/www.europesays.com\/fr\/wp-json\/wp\/v2\/posts\/22418\/revisions"}],"wp:featuredmedia":[{"embeddable":true,"href":"https:\/\/www.europesays.com\/fr\/wp-json\/wp\/v2\/media\/22419"}],"wp:attachment":[{"href":"https:\/\/www.europesays.com\/fr\/wp-json\/wp\/v2\/media?parent=22418"}],"wp:term":[{"taxonomy":"category","embeddable":true,"href":"https:\/\/www.europesays.com\/fr\/wp-json\/wp\/v2\/categories?post=22418"},{"taxonomy":"post_tag","embeddable":true,"href":"https:\/\/www.europesays.com\/fr\/wp-json\/wp\/v2\/tags?post=22418"}],"curies":[{"name":"wp","href":"https:\/\/api.w.org\/{rel}","templated":true}]}}